{"id":775,"date":"2026-02-02T17:33:18","date_gmt":"2026-02-02T20:33:18","guid":{"rendered":"https:\/\/alberdi.uno\/index.php\/2026\/02\/02\/bomberos-controlaron-un-incendio-provocado-por-un-cortocircuito-en-la-calle-warenycia\/"},"modified":"2026-02-02T17:33:18","modified_gmt":"2026-02-02T20:33:18","slug":"bomberos-controlaron-un-incendio-provocado-por-un-cortocircuito-en-la-calle-warenycia","status":"publish","type":"post","link":"https:\/\/alberdi.uno\/index.php\/2026\/02\/02\/bomberos-controlaron-un-incendio-provocado-por-un-cortocircuito-en-la-calle-warenycia\/","title":{"rendered":"Bomberos controlaron un incendio provocado por un cortocircuito en la calle Warenycia"},"content":{"rendered":"<div>\n<p><!--StartFragment --><\/p>\n<p><strong>MISIONES.UNO \u2013 En Ap\u00f3stoles, un incendio originado por una chispa en un cable fue sofocado por Bomberos Voluntarios en la intersecci\u00f3n de las calles Warenycia y Alvear.<\/strong><\/p>\n<hr>\n<p><img fetchpriority=\"high\" decoding=\"async\" class=\"aligncenter size-full wp-image-12377\" src=\"https:\/\/alberdi.uno\/wp-content\/uploads\/2026\/02\/MASTER-FOTOS-BOMBEROS-APOST.jpg\" alt=\"\" width=\"640\" height=\"853\" srcset=\"https:\/\/misiones.uno\/wp-content\/uploads\/2026\/02\/MASTER-FOTOS-BOMBEROS-APOST-200x267.jpg 200w, https:\/\/misiones.uno\/wp-content\/uploads\/2026\/02\/MASTER-FOTOS-BOMBEROS-APOST-225x300.jpg 225w, https:\/\/misiones.uno\/wp-content\/uploads\/2026\/02\/MASTER-FOTOS-BOMBEROS-APOST-400x533.jpg 400w, https:\/\/misiones.uno\/wp-content\/uploads\/2026\/02\/MASTER-FOTOS-BOMBEROS-APOST-600x800.jpg 600w, https:\/\/alberdi.uno\/wp-content\/uploads\/2026\/02\/MASTER-FOTOS-BOMBEROS-APOST.jpg 640w\" sizes=\"(max-width: 640px) 100vw, 640px\"><\/p>\n<p>El hecho ocurri\u00f3 el 2 de febrero de 2026, alrededor de las 15:40 horas, cuando una persona se acerc\u00f3 al cuartel de Bomberos Voluntarios para denunciar un foco \u00edgneo provocado por un cortocircuito en un cable ubicado en la v\u00eda p\u00fablica.<\/p>\n<p>De inmediato, una dotaci\u00f3n de Bomberos se desplaz\u00f3 al lugar en el M\u00f3vil 1 y trabaj\u00f3 para controlar las llamas, evitando que el incendio se propagara y generara mayores consecuencias.<\/p>\n<p>El operativo se desarroll\u00f3 bajo las medidas de seguridad correspondientes y permiti\u00f3 restablecer la tranquilidad en la zona, destacando la r\u00e1pida respuesta de los efectivos ante la emergencia.<\/p>\n<p><img decoding=\"async\" class=\"aligncenter size-full wp-image-12378\" src=\"https:\/\/alberdi.uno\/wp-content\/uploads\/2026\/02\/MASTER-FOTOS-BOMBERO-AP.jpg\" alt=\"\" width=\"640\" height=\"853\" srcset=\"https:\/\/misiones.uno\/wp-content\/uploads\/2026\/02\/MASTER-FOTOS-BOMBERO-AP-200x267.jpg 200w, https:\/\/misiones.uno\/wp-content\/uploads\/2026\/02\/MASTER-FOTOS-BOMBERO-AP-225x300.jpg 225w, https:\/\/misiones.uno\/wp-content\/uploads\/2026\/02\/MASTER-FOTOS-BOMBERO-AP-400x533.jpg 400w, https:\/\/misiones.uno\/wp-content\/uploads\/2026\/02\/MASTER-FOTOS-BOMBERO-AP-600x800.jpg 600w, https:\/\/alberdi.uno\/wp-content\/uploads\/2026\/02\/MASTER-FOTOS-BOMBERO-AP.jpg 640w\" sizes=\"(max-width: 640px) 100vw, 640px\"> <img decoding=\"async\" class=\"aligncenter size-full wp-image-12379\" src=\"https:\/\/alberdi.uno\/wp-content\/uploads\/2026\/02\/MASTER-FOTOS-BOMBERO-APO.jpg\" alt=\"\" width=\"640\" height=\"853\" srcset=\"https:\/\/misiones.uno\/wp-content\/uploads\/2026\/02\/MASTER-FOTOS-BOMBERO-APO-200x267.jpg 200w, https:\/\/misiones.uno\/wp-content\/uploads\/2026\/02\/MASTER-FOTOS-BOMBERO-APO-225x300.jpg 225w, https:\/\/misiones.uno\/wp-content\/uploads\/2026\/02\/MASTER-FOTOS-BOMBERO-APO-400x533.jpg 400w, https:\/\/misiones.uno\/wp-content\/uploads\/2026\/02\/MASTER-FOTOS-BOMBERO-APO-600x800.jpg 600w, https:\/\/alberdi.uno\/wp-content\/uploads\/2026\/02\/MASTER-FOTOS-BOMBERO-APO.jpg 640w\" sizes=\"(max-width: 640px) 100vw, 640px\"> <img decoding=\"async\" class=\"aligncenter size-full wp-image-12380\" src=\"https:\/\/alberdi.uno\/wp-content\/uploads\/2026\/02\/MASTER-FOTOS-BOMBEROS-APPOOS.jpg\" alt=\"\" width=\"640\" height=\"853\" srcset=\"https:\/\/misiones.uno\/wp-content\/uploads\/2026\/02\/MASTER-FOTOS-BOMBEROS-APPOOS-200x267.jpg 200w, https:\/\/misiones.uno\/wp-content\/uploads\/2026\/02\/MASTER-FOTOS-BOMBEROS-APPOOS-225x300.jpg 225w, https:\/\/misiones.uno\/wp-content\/uploads\/2026\/02\/MASTER-FOTOS-BOMBEROS-APPOOS-400x533.jpg 400w, https:\/\/misiones.uno\/wp-content\/uploads\/2026\/02\/MASTER-FOTOS-BOMBEROS-APPOOS-600x800.jpg 600w, https:\/\/alberdi.uno\/wp-content\/uploads\/2026\/02\/MASTER-FOTOS-BOMBEROS-APPOOS.jpg 640w\" sizes=\"(max-width: 640px) 100vw, 640px\"><\/p>\n<p><!--EndFragment --><\/p>\n<\/div>\n","protected":false},"excerpt":{"rendered":"<p>MISIONES.UNO \u2013 En Ap\u00f3stoles, un incendio originado por una chispa  [&#8230;]<\/p>\n","protected":false},"author":1,"featured_media":776,"comment_status":"closed","ping_status":"closed","sticky":false,"template":"","format":"standard","meta":{"fifu_image_url":"","fifu_image_alt":"","footnotes":""},"categories":[36,99,5,15],"tags":[],"class_list":["post-775","post","type-post","status-publish","format-standard","has-post-thumbnail","hentry","category-apostoles","category-bomberos-vol-apostoles","category-misiones-uno","category-policiales"],"acf":[],"yoast_head":"<!-- This site is optimized with the Yoast SEO plugin v26.7 - https:\/\/yoast.com\/wordpress\/plugins\/seo\/ -->\n<title>Bomberos controlaron un incendio provocado por un cortocircuito en la calle Warenycia - Alberdi .UNO - Red Misiones.uno<\/title>\n<meta name=\"robots\" content=\"index, follow, max-snippet:-1, max-image-preview:large, max-video-preview:-1\" \/>\n<link rel=\"canonical\" href=\"https:\/\/alberdi.uno\/index.php\/2026\/02\/02\/bomberos-controlaron-un-incendio-provocado-por-un-cortocircuito-en-la-calle-warenycia\/\" \/>\n<meta property=\"og:locale\" content=\"es_ES\" \/>\n<meta property=\"og:type\" content=\"article\" \/>\n<meta property=\"og:title\" content=\"Bomberos controlaron un incendio provocado por un cortocircuito en la calle Warenycia - Alberdi .UNO - Red Misiones.uno\" \/>\n<meta property=\"og:description\" content=\"MISIONES.UNO \u2013 En Ap\u00f3stoles, un incendio originado por una chispa [...]\" \/>\n<meta property=\"og:url\" content=\"https:\/\/alberdi.uno\/index.php\/2026\/02\/02\/bomberos-controlaron-un-incendio-provocado-por-un-cortocircuito-en-la-calle-warenycia\/\" \/>\n<meta property=\"og:site_name\" content=\"Alberdi .UNO - Red Misiones.uno\" \/>\n<meta property=\"article:published_time\" content=\"2026-02-02T20:33:18+00:00\" \/>\n<meta name=\"author\" content=\"admin\" \/>\n<meta name=\"twitter:card\" content=\"summary_large_image\" \/>\n<meta name=\"twitter:label1\" content=\"Escrito por\" \/>\n\t<meta name=\"twitter:data1\" content=\"admin\" \/>\n\t<meta name=\"twitter:label2\" content=\"Tiempo de lectura\" \/>\n\t<meta name=\"twitter:data2\" content=\"1 minuto\" \/>\n<script type=\"application\/ld+json\" class=\"yoast-schema-graph\">{\"@context\":\"https:\/\/schema.org\",\"@graph\":[{\"@type\":\"Article\",\"@id\":\"https:\/\/alberdi.uno\/index.php\/2026\/02\/02\/bomberos-controlaron-un-incendio-provocado-por-un-cortocircuito-en-la-calle-warenycia\/#article\",\"isPartOf\":{\"@id\":\"https:\/\/alberdi.uno\/index.php\/2026\/02\/02\/bomberos-controlaron-un-incendio-provocado-por-un-cortocircuito-en-la-calle-warenycia\/\"},\"author\":{\"name\":\"admin\",\"@id\":\"https:\/\/alberdi.uno\/#\/schema\/person\/7af09aba735a9b91f78556601849d2c6\"},\"headline\":\"Bomberos controlaron un incendio provocado por un cortocircuito en la calle Warenycia\",\"datePublished\":\"2026-02-02T20:33:18+00:00\",\"mainEntityOfPage\":{\"@id\":\"https:\/\/alberdi.uno\/index.php\/2026\/02\/02\/bomberos-controlaron-un-incendio-provocado-por-un-cortocircuito-en-la-calle-warenycia\/\"},\"wordCount\":141,\"image\":{\"@id\":\"https:\/\/alberdi.uno\/index.php\/2026\/02\/02\/bomberos-controlaron-un-incendio-provocado-por-un-cortocircuito-en-la-calle-warenycia\/#primaryimage\"},\"thumbnailUrl\":\"https:\/\/alberdi.uno\/wp-content\/uploads\/2026\/02\/MASTER-FOTOS-BOMBEROS-APOST.jpg\",\"articleSection\":[\"Ap\u00f3stoles\",\"Bomberos Vol. Ap\u00f3stoles\",\"MISIONES.UNO\",\"Policiales\"],\"inLanguage\":\"es-AR\"},{\"@type\":\"WebPage\",\"@id\":\"https:\/\/alberdi.uno\/index.php\/2026\/02\/02\/bomberos-controlaron-un-incendio-provocado-por-un-cortocircuito-en-la-calle-warenycia\/\",\"url\":\"https:\/\/alberdi.uno\/index.php\/2026\/02\/02\/bomberos-controlaron-un-incendio-provocado-por-un-cortocircuito-en-la-calle-warenycia\/\",\"name\":\"Bomberos controlaron un incendio provocado por un cortocircuito en la calle Warenycia - Alberdi .UNO - Red Misiones.uno\",\"isPartOf\":{\"@id\":\"https:\/\/alberdi.uno\/#website\"},\"primaryImageOfPage\":{\"@id\":\"https:\/\/alberdi.uno\/index.php\/2026\/02\/02\/bomberos-controlaron-un-incendio-provocado-por-un-cortocircuito-en-la-calle-warenycia\/#primaryimage\"},\"image\":{\"@id\":\"https:\/\/alberdi.uno\/index.php\/2026\/02\/02\/bomberos-controlaron-un-incendio-provocado-por-un-cortocircuito-en-la-calle-warenycia\/#primaryimage\"},\"thumbnailUrl\":\"https:\/\/alberdi.uno\/wp-content\/uploads\/2026\/02\/MASTER-FOTOS-BOMBEROS-APOST.jpg\",\"datePublished\":\"2026-02-02T20:33:18+00:00\",\"author\":{\"@id\":\"https:\/\/alberdi.uno\/#\/schema\/person\/7af09aba735a9b91f78556601849d2c6\"},\"breadcrumb\":{\"@id\":\"https:\/\/alberdi.uno\/index.php\/2026\/02\/02\/bomberos-controlaron-un-incendio-provocado-por-un-cortocircuito-en-la-calle-warenycia\/#breadcrumb\"},\"inLanguage\":\"es-AR\",\"potentialAction\":[{\"@type\":\"ReadAction\",\"target\":[\"https:\/\/alberdi.uno\/index.php\/2026\/02\/02\/bomberos-controlaron-un-incendio-provocado-por-un-cortocircuito-en-la-calle-warenycia\/\"]}]},{\"@type\":\"ImageObject\",\"inLanguage\":\"es-AR\",\"@id\":\"https:\/\/alberdi.uno\/index.php\/2026\/02\/02\/bomberos-controlaron-un-incendio-provocado-por-un-cortocircuito-en-la-calle-warenycia\/#primaryimage\",\"url\":\"https:\/\/alberdi.uno\/wp-content\/uploads\/2026\/02\/MASTER-FOTOS-BOMBEROS-APOST.jpg\",\"contentUrl\":\"https:\/\/alberdi.uno\/wp-content\/uploads\/2026\/02\/MASTER-FOTOS-BOMBEROS-APOST.jpg\",\"width\":640,\"height\":853},{\"@type\":\"BreadcrumbList\",\"@id\":\"https:\/\/alberdi.uno\/index.php\/2026\/02\/02\/bomberos-controlaron-un-incendio-provocado-por-un-cortocircuito-en-la-calle-warenycia\/#breadcrumb\",\"itemListElement\":[{\"@type\":\"ListItem\",\"position\":1,\"name\":\"Inicio\",\"item\":\"https:\/\/alberdi.uno\/\"},{\"@type\":\"ListItem\",\"position\":2,\"name\":\"Bomberos controlaron un incendio provocado por un cortocircuito en la calle Warenycia\"}]},{\"@type\":\"WebSite\",\"@id\":\"https:\/\/alberdi.uno\/#website\",\"url\":\"https:\/\/alberdi.uno\/\",\"name\":\"Alberdi .UNO - Red Misiones.uno\",\"description\":\"Noticias de Colonia Alberdi\",\"potentialAction\":[{\"@type\":\"SearchAction\",\"target\":{\"@type\":\"EntryPoint\",\"urlTemplate\":\"https:\/\/alberdi.uno\/?s={search_term_string}\"},\"query-input\":{\"@type\":\"PropertyValueSpecification\",\"valueRequired\":true,\"valueName\":\"search_term_string\"}}],\"inLanguage\":\"es-AR\"},{\"@type\":\"Person\",\"@id\":\"https:\/\/alberdi.uno\/#\/schema\/person\/7af09aba735a9b91f78556601849d2c6\",\"name\":\"admin\",\"image\":{\"@type\":\"ImageObject\",\"inLanguage\":\"es-AR\",\"@id\":\"https:\/\/alberdi.uno\/#\/schema\/person\/image\/\",\"url\":\"https:\/\/secure.gravatar.com\/avatar\/988cc68d97727f2265e15e4e04f35d45d93f5493d81192c37b6fcdf6407dba8c?s=96&d=mm&r=g\",\"contentUrl\":\"https:\/\/secure.gravatar.com\/avatar\/988cc68d97727f2265e15e4e04f35d45d93f5493d81192c37b6fcdf6407dba8c?s=96&d=mm&r=g\",\"caption\":\"admin\"},\"sameAs\":[\"http:\/\/alberdi.uno\"],\"url\":\"https:\/\/alberdi.uno\/index.php\/author\/admin\/\"}]}<\/script>\n<!-- \/ Yoast SEO plugin. -->","yoast_head_json":{"title":"Bomberos controlaron un incendio provocado por un cortocircuito en la calle Warenycia - Alberdi .UNO - Red Misiones.uno","robots":{"index":"index","follow":"follow","max-snippet":"max-snippet:-1","max-image-preview":"max-image-preview:large","max-video-preview":"max-video-preview:-1"},"canonical":"https:\/\/alberdi.uno\/index.php\/2026\/02\/02\/bomberos-controlaron-un-incendio-provocado-por-un-cortocircuito-en-la-calle-warenycia\/","og_locale":"es_ES","og_type":"article","og_title":"Bomberos controlaron un incendio provocado por un cortocircuito en la calle Warenycia - Alberdi .UNO - Red Misiones.uno","og_description":"MISIONES.UNO \u2013 En Ap\u00f3stoles, un incendio originado por una chispa [...]","og_url":"https:\/\/alberdi.uno\/index.php\/2026\/02\/02\/bomberos-controlaron-un-incendio-provocado-por-un-cortocircuito-en-la-calle-warenycia\/","og_site_name":"Alberdi .UNO - Red Misiones.uno","article_published_time":"2026-02-02T20:33:18+00:00","author":"admin","twitter_card":"summary_large_image","twitter_misc":{"Escrito por":"admin","Tiempo de lectura":"1 minuto"},"schema":{"@context":"https:\/\/schema.org","@graph":[{"@type":"Article","@id":"https:\/\/alberdi.uno\/index.php\/2026\/02\/02\/bomberos-controlaron-un-incendio-provocado-por-un-cortocircuito-en-la-calle-warenycia\/#article","isPartOf":{"@id":"https:\/\/alberdi.uno\/index.php\/2026\/02\/02\/bomberos-controlaron-un-incendio-provocado-por-un-cortocircuito-en-la-calle-warenycia\/"},"author":{"name":"admin","@id":"https:\/\/alberdi.uno\/#\/schema\/person\/7af09aba735a9b91f78556601849d2c6"},"headline":"Bomberos controlaron un incendio provocado por un cortocircuito en la calle Warenycia","datePublished":"2026-02-02T20:33:18+00:00","mainEntityOfPage":{"@id":"https:\/\/alberdi.uno\/index.php\/2026\/02\/02\/bomberos-controlaron-un-incendio-provocado-por-un-cortocircuito-en-la-calle-warenycia\/"},"wordCount":141,"image":{"@id":"https:\/\/alberdi.uno\/index.php\/2026\/02\/02\/bomberos-controlaron-un-incendio-provocado-por-un-cortocircuito-en-la-calle-warenycia\/#primaryimage"},"thumbnailUrl":"https:\/\/alberdi.uno\/wp-content\/uploads\/2026\/02\/MASTER-FOTOS-BOMBEROS-APOST.jpg","articleSection":["Ap\u00f3stoles","Bomberos Vol. Ap\u00f3stoles","MISIONES.UNO","Policiales"],"inLanguage":"es-AR"},{"@type":"WebPage","@id":"https:\/\/alberdi.uno\/index.php\/2026\/02\/02\/bomberos-controlaron-un-incendio-provocado-por-un-cortocircuito-en-la-calle-warenycia\/","url":"https:\/\/alberdi.uno\/index.php\/2026\/02\/02\/bomberos-controlaron-un-incendio-provocado-por-un-cortocircuito-en-la-calle-warenycia\/","name":"Bomberos controlaron un incendio provocado por un cortocircuito en la calle Warenycia - Alberdi .UNO - Red Misiones.uno","isPartOf":{"@id":"https:\/\/alberdi.uno\/#website"},"primaryImageOfPage":{"@id":"https:\/\/alberdi.uno\/index.php\/2026\/02\/02\/bomberos-controlaron-un-incendio-provocado-por-un-cortocircuito-en-la-calle-warenycia\/#primaryimage"},"image":{"@id":"https:\/\/alberdi.uno\/index.php\/2026\/02\/02\/bomberos-controlaron-un-incendio-provocado-por-un-cortocircuito-en-la-calle-warenycia\/#primaryimage"},"thumbnailUrl":"https:\/\/alberdi.uno\/wp-content\/uploads\/2026\/02\/MASTER-FOTOS-BOMBEROS-APOST.jpg","datePublished":"2026-02-02T20:33:18+00:00","author":{"@id":"https:\/\/alberdi.uno\/#\/schema\/person\/7af09aba735a9b91f78556601849d2c6"},"breadcrumb":{"@id":"https:\/\/alberdi.uno\/index.php\/2026\/02\/02\/bomberos-controlaron-un-incendio-provocado-por-un-cortocircuito-en-la-calle-warenycia\/#breadcrumb"},"inLanguage":"es-AR","potentialAction":[{"@type":"ReadAction","target":["https:\/\/alberdi.uno\/index.php\/2026\/02\/02\/bomberos-controlaron-un-incendio-provocado-por-un-cortocircuito-en-la-calle-warenycia\/"]}]},{"@type":"ImageObject","inLanguage":"es-AR","@id":"https:\/\/alberdi.uno\/index.php\/2026\/02\/02\/bomberos-controlaron-un-incendio-provocado-por-un-cortocircuito-en-la-calle-warenycia\/#primaryimage","url":"https:\/\/alberdi.uno\/wp-content\/uploads\/2026\/02\/MASTER-FOTOS-BOMBEROS-APOST.jpg","contentUrl":"https:\/\/alberdi.uno\/wp-content\/uploads\/2026\/02\/MASTER-FOTOS-BOMBEROS-APOST.jpg","width":640,"height":853},{"@type":"BreadcrumbList","@id":"https:\/\/alberdi.uno\/index.php\/2026\/02\/02\/bomberos-controlaron-un-incendio-provocado-por-un-cortocircuito-en-la-calle-warenycia\/#breadcrumb","itemListElement":[{"@type":"ListItem","position":1,"name":"Inicio","item":"https:\/\/alberdi.uno\/"},{"@type":"ListItem","position":2,"name":"Bomberos controlaron un incendio provocado por un cortocircuito en la calle Warenycia"}]},{"@type":"WebSite","@id":"https:\/\/alberdi.uno\/#website","url":"https:\/\/alberdi.uno\/","name":"Alberdi .UNO - Red Misiones.uno","description":"Noticias de Colonia Alberdi","potentialAction":[{"@type":"SearchAction","target":{"@type":"EntryPoint","urlTemplate":"https:\/\/alberdi.uno\/?s={search_term_string}"},"query-input":{"@type":"PropertyValueSpecification","valueRequired":true,"valueName":"search_term_string"}}],"inLanguage":"es-AR"},{"@type":"Person","@id":"https:\/\/alberdi.uno\/#\/schema\/person\/7af09aba735a9b91f78556601849d2c6","name":"admin","image":{"@type":"ImageObject","inLanguage":"es-AR","@id":"https:\/\/alberdi.uno\/#\/schema\/person\/image\/","url":"https:\/\/secure.gravatar.com\/avatar\/988cc68d97727f2265e15e4e04f35d45d93f5493d81192c37b6fcdf6407dba8c?s=96&d=mm&r=g","contentUrl":"https:\/\/secure.gravatar.com\/avatar\/988cc68d97727f2265e15e4e04f35d45d93f5493d81192c37b6fcdf6407dba8c?s=96&d=mm&r=g","caption":"admin"},"sameAs":["http:\/\/alberdi.uno"],"url":"https:\/\/alberdi.uno\/index.php\/author\/admin\/"}]}},"_links":{"self":[{"href":"https:\/\/alberdi.uno\/index.php\/wp-json\/wp\/v2\/posts\/775","targetHints":{"allow":["GET"]}}],"collection":[{"href":"https:\/\/alberdi.uno\/index.php\/wp-json\/wp\/v2\/posts"}],"about":[{"href":"https:\/\/alberdi.uno\/index.php\/wp-json\/wp\/v2\/types\/post"}],"author":[{"embeddable":true,"href":"https:\/\/alberdi.uno\/index.php\/wp-json\/wp\/v2\/users\/1"}],"replies":[{"embeddable":true,"href":"https:\/\/alberdi.uno\/index.php\/wp-json\/wp\/v2\/comments?post=775"}],"version-history":[{"count":0,"href":"https:\/\/alberdi.uno\/index.php\/wp-json\/wp\/v2\/posts\/775\/revisions"}],"wp:featuredmedia":[{"embeddable":true,"href":"https:\/\/alberdi.uno\/index.php\/wp-json\/wp\/v2\/media\/776"}],"wp:attachment":[{"href":"https:\/\/alberdi.uno\/index.php\/wp-json\/wp\/v2\/media?parent=775"}],"wp:term":[{"taxonomy":"category","embeddable":true,"href":"https:\/\/alberdi.uno\/index.php\/wp-json\/wp\/v2\/categories?post=775"},{"taxonomy":"post_tag","embeddable":true,"href":"https:\/\/alberdi.uno\/index.php\/wp-json\/wp\/v2\/tags?post=775"}],"curies":[{"name":"wp","href":"https:\/\/api.w.org\/{rel}","templated":true}]}}