{"id":1904,"date":"2026-09-02T11:01:07","date_gmt":"2026-09-02T14:01:07","guid":{"rendered":"https:\/\/alberdi.uno\/?p=1904"},"modified":"2026-09-02T12:47:43","modified_gmt":"2026-09-02T15:47:43","slug":"colonia-alberdi-tendra-asueto-el-jueves-3-de-septiembre-por-el-dia-del-inmigrante","status":"publish","type":"post","link":"https:\/\/alberdi.uno\/index.php\/2026\/09\/02\/colonia-alberdi-tendra-asueto-el-jueves-3-de-septiembre-por-el-dia-del-inmigrante\/","title":{"rendered":"Colonia Alberdi tendr\u00e1 asueto el jueves 3 de septiembre por el D\u00eda del Inmigrante"},"content":{"rendered":"<p class=\"isSelectedEnd\"><strong>AGENCIA MISIONES.UNO |<\/strong> La jornada de <strong>jueves 3 de septiembre<\/strong> ser\u00e1 de asueto en <strong>Colonia Alberdi<\/strong> con motivo del <strong>D\u00eda del Inmigrante<\/strong>.<\/p>\n<p class=\"isSelectedEnd\">La medida contempla la adhesi\u00f3n del municipio al asueto previsto para esa fecha, en el marco de las actividades vinculadas con la <strong>Fiesta Nacional del Inmigrante<\/strong>.<\/p>\n<p class=\"isSelectedEnd\">Desde <strong>Colonia Alberdi<\/strong> tambi\u00e9n se invit\u00f3 a la comunidad a participar del <strong>desfile<\/strong> y de las actividades de la <strong>Fiesta Nacional del Inmigrante<\/strong>, que forman parte de la celebraci\u00f3n.<\/p>\n<p>De esta manera, el <strong>3 de septiembre<\/strong> quedar\u00e1 establecido como jornada de asueto en la localidad, mientras que la invitaci\u00f3n se extiende a quienes quieran acompa\u00f1ar las propuestas previstas en el marco de la celebraci\u00f3n del D\u00eda del Inmigrante.<\/p>\n","protected":false},"excerpt":{"rendered":"<p>AGENCIA MISIONES.UNO &#124; La jornada de jueves 3 de septiembre ser\u00e1 de asueto en Colonia Alberdi con motivo del D\u00eda del Inmigrante. La medida contempla la adhesi\u00f3n del municipio al asueto previsto para esa fecha, en el marco de las actividades vinculadas con la Fiesta\u2026<\/p>\n","protected":false},"author":1,"featured_media":1907,"comment_status":"closed","ping_status":"closed","sticky":false,"template":"","format":"standard","meta":{"_acf_changed":false,"footnotes":""},"categories":[1],"tags":[],"clasificacion":[190],"distribucion":[213,221,214],"localidad":[192],"redes-sociales":[217,219],"tematica":[203],"class_list":["post-1904","post","type-post","status-publish","format-standard","has-post-thumbnail","hentry","category-uncategorized","clasificacion-clase-d","distribucion-nodo-local-de-la-red-m1","distribucion-nodo-provincial-de-la-red-m1","distribucion-nodo-tematico-de-la-red-m1","localidad-colonia-alberdi","redes-sociales-se-publica-en-las-redes-del-nodo-local","redes-sociales-se-publica-en-las-redes-del-nodo-tematico","tematica-cultura"],"acf":[],"distributor_meta":false,"distributor_terms":false,"distributor_media":false,"distributor_original_site_name":"Alberdi .UNO - Red Misiones.uno","distributor_original_site_url":"https:\/\/alberdi.uno","push-errors":false,"_links":{"self":[{"href":"https:\/\/alberdi.uno\/index.php\/wp-json\/wp\/v2\/posts\/1904","targetHints":{"allow":["GET"]}}],"collection":[{"href":"https:\/\/alberdi.uno\/index.php\/wp-json\/wp\/v2\/posts"}],"about":[{"href":"https:\/\/alberdi.uno\/index.php\/wp-json\/wp\/v2\/types\/post"}],"author":[{"embeddable":true,"href":"https:\/\/alberdi.uno\/index.php\/wp-json\/wp\/v2\/users\/1"}],"replies":[{"embeddable":true,"href":"https:\/\/alberdi.uno\/index.php\/wp-json\/wp\/v2\/comments?post=1904"}],"version-history":[{"count":1,"href":"https:\/\/alberdi.uno\/index.php\/wp-json\/wp\/v2\/posts\/1904\/revisions"}],"predecessor-version":[{"id":1908,"href":"https:\/\/alberdi.uno\/index.php\/wp-json\/wp\/v2\/posts\/1904\/revisions\/1908"}],"wp:featuredmedia":[{"embeddable":true,"href":"https:\/\/alberdi.uno\/index.php\/wp-json\/wp\/v2\/media\/1907"}],"wp:attachment":[{"href":"https:\/\/alberdi.uno\/index.php\/wp-json\/wp\/v2\/media?parent=1904"}],"wp:term":[{"taxonomy":"category","embeddable":true,"href":"https:\/\/alberdi.uno\/index.php\/wp-json\/wp\/v2\/categories?post=1904"},{"taxonomy":"post_tag","embeddable":true,"href":"https:\/\/alberdi.uno\/index.php\/wp-json\/wp\/v2\/tags?post=1904"},{"taxonomy":"clasificacion","embeddable":true,"href":"https:\/\/alberdi.uno\/index.php\/wp-json\/wp\/v2\/clasificacion?post=1904"},{"taxonomy":"distribucion","embeddable":true,"href":"https:\/\/alberdi.uno\/index.php\/wp-json\/wp\/v2\/distribucion?post=1904"},{"taxonomy":"localidad","embeddable":true,"href":"https:\/\/alberdi.uno\/index.php\/wp-json\/wp\/v2\/localidad?post=1904"},{"taxonomy":"redes-sociales","embeddable":true,"href":"https:\/\/alberdi.uno\/index.php\/wp-json\/wp\/v2\/redes-sociales?post=1904"},{"taxonomy":"tematica","embeddable":true,"href":"https:\/\/alberdi.uno\/index.php\/wp-json\/wp\/v2\/tematica?post=1904"}],"curies":[{"name":"wp","href":"https:\/\/api.w.org\/{rel}","templated":true}]}}