{"id":1900,"date":"2026-09-01T10:44:44","date_gmt":"2026-09-01T13:44:44","guid":{"rendered":"https:\/\/alberdi.uno\/?p=1900"},"modified":"2026-09-01T12:35:29","modified_gmt":"2026-09-01T15:35:29","slug":"jovenes-de-colonia-alberdi-participaron-de-un-encuentro-de-fe-en-san-vicente","status":"publish","type":"post","link":"https:\/\/alberdi.uno\/index.php\/2026\/09\/01\/jovenes-de-colonia-alberdi-participaron-de-un-encuentro-de-fe-en-san-vicente\/","title":{"rendered":"J\u00f3venes de Colonia Alberdi participaron de un encuentro de fe en San Vicente"},"content":{"rendered":"<p class=\"PDq2pG_selectionAnchorContainer\" data-start=\"82\" data-end=\"278\"><strong data-start=\"82\" data-end=\"108\">AGENCIA MISIONES.UNO |<\/strong> Un grupo de j\u00f3venes de la <strong data-start=\"135\" data-end=\"180\">Iglesia Congregacional de Colonia Alberdi<\/strong> viaj\u00f3 a <strong data-start=\"189\" data-end=\"204\">San Vicente<\/strong> para participar de una jornada junto a integrantes de la comunidad de fe.<\/p>\n<p data-start=\"280\" data-end=\"501\">La actividad reuni\u00f3 a j\u00f3venes de la congregaci\u00f3n del municipio, quienes se trasladaron hasta la ciudad de <strong data-start=\"386\" data-end=\"401\">San Vicente<\/strong> para compartir una jornada de car\u00e1cter espiritual junto a otras personas de la comunidad religiosa.<\/p>\n<p data-start=\"503\" data-end=\"719\">Para concretar el viaje, se cont\u00f3 con colaboraci\u00f3n para el <strong data-start=\"562\" data-end=\"574\">traslado<\/strong> de los participantes. De esta manera, el grupo pudo asistir al encuentro y compartir las distintas actividades desarrolladas durante la jornada.<\/p>\n<p data-start=\"721\" data-end=\"1035\" data-is-last-node=\"\" data-is-only-node=\"\">La iniciativa estuvo vinculada con la participaci\u00f3n de los j\u00f3venes en espacios de encuentro y reflexi\u00f3n dentro de la comunidad religiosa. El <strong data-start=\"862\" data-end=\"890\">intendente Juan Gonz\u00e1lez<\/strong> acompa\u00f1\u00f3 la actividad y expres\u00f3 su respaldo a la participaci\u00f3n de la comunidad en este tipo de encuentros.<\/p>\n","protected":false},"excerpt":{"rendered":"<p>AGENCIA MISIONES.UNO &#124; Un grupo de j\u00f3venes de la Iglesia Congregacional de Colonia Alberdi viaj\u00f3 a San Vicente para participar de una jornada junto a integrantes de la comunidad de fe. La actividad reuni\u00f3 a j\u00f3venes de la congregaci\u00f3n del municipio, quienes se trasladaron hasta\u2026<\/p>\n","protected":false},"author":1,"featured_media":1902,"comment_status":"closed","ping_status":"closed","sticky":false,"template":"","format":"standard","meta":{"_acf_changed":false,"footnotes":""},"categories":[1],"tags":[],"clasificacion":[190],"distribucion":[213,221,214],"localidad":[192],"redes-sociales":[217,219],"tematica":[220],"class_list":["post-1900","post","type-post","status-publish","format-standard","has-post-thumbnail","hentry","category-uncategorized","clasificacion-clase-d","distribucion-nodo-local-de-la-red-m1","distribucion-nodo-provincial-de-la-red-m1","distribucion-nodo-tematico-de-la-red-m1","localidad-colonia-alberdi","redes-sociales-se-publica-en-las-redes-del-nodo-local","redes-sociales-se-publica-en-las-redes-del-nodo-tematico","tematica-juventud"],"acf":[],"distributor_meta":false,"distributor_terms":false,"distributor_media":false,"distributor_original_site_name":"Alberdi .UNO - Red Misiones.uno","distributor_original_site_url":"https:\/\/alberdi.uno","push-errors":false,"_links":{"self":[{"href":"https:\/\/alberdi.uno\/index.php\/wp-json\/wp\/v2\/posts\/1900","targetHints":{"allow":["GET"]}}],"collection":[{"href":"https:\/\/alberdi.uno\/index.php\/wp-json\/wp\/v2\/posts"}],"about":[{"href":"https:\/\/alberdi.uno\/index.php\/wp-json\/wp\/v2\/types\/post"}],"author":[{"embeddable":true,"href":"https:\/\/alberdi.uno\/index.php\/wp-json\/wp\/v2\/users\/1"}],"replies":[{"embeddable":true,"href":"https:\/\/alberdi.uno\/index.php\/wp-json\/wp\/v2\/comments?post=1900"}],"version-history":[{"count":1,"href":"https:\/\/alberdi.uno\/index.php\/wp-json\/wp\/v2\/posts\/1900\/revisions"}],"predecessor-version":[{"id":1903,"href":"https:\/\/alberdi.uno\/index.php\/wp-json\/wp\/v2\/posts\/1900\/revisions\/1903"}],"wp:featuredmedia":[{"embeddable":true,"href":"https:\/\/alberdi.uno\/index.php\/wp-json\/wp\/v2\/media\/1902"}],"wp:attachment":[{"href":"https:\/\/alberdi.uno\/index.php\/wp-json\/wp\/v2\/media?parent=1900"}],"wp:term":[{"taxonomy":"category","embeddable":true,"href":"https:\/\/alberdi.uno\/index.php\/wp-json\/wp\/v2\/categories?post=1900"},{"taxonomy":"post_tag","embeddable":true,"href":"https:\/\/alberdi.uno\/index.php\/wp-json\/wp\/v2\/tags?post=1900"},{"taxonomy":"clasificacion","embeddable":true,"href":"https:\/\/alberdi.uno\/index.php\/wp-json\/wp\/v2\/clasificacion?post=1900"},{"taxonomy":"distribucion","embeddable":true,"href":"https:\/\/alberdi.uno\/index.php\/wp-json\/wp\/v2\/distribucion?post=1900"},{"taxonomy":"localidad","embeddable":true,"href":"https:\/\/alberdi.uno\/index.php\/wp-json\/wp\/v2\/localidad?post=1900"},{"taxonomy":"redes-sociales","embeddable":true,"href":"https:\/\/alberdi.uno\/index.php\/wp-json\/wp\/v2\/redes-sociales?post=1900"},{"taxonomy":"tematica","embeddable":true,"href":"https:\/\/alberdi.uno\/index.php\/wp-json\/wp\/v2\/tematica?post=1900"}],"curies":[{"name":"wp","href":"https:\/\/api.w.org\/{rel}","templated":true}]}}