{"id":1889,"date":"2026-08-27T09:04:59","date_gmt":"2026-08-27T12:04:59","guid":{"rendered":"https:\/\/alberdi.uno\/?p=1889"},"modified":"2026-08-27T18:36:59","modified_gmt":"2026-08-27T21:36:59","slug":"colonia-alberdi-realizo-una-jornada-casa-por-casa-para-prevenir-el-abuso-sexual-infantil","status":"publish","type":"post","link":"https:\/\/alberdi.uno\/index.php\/2026\/08\/27\/colonia-alberdi-realizo-una-jornada-casa-por-casa-para-prevenir-el-abuso-sexual-infantil\/","title":{"rendered":"Colonia Alberdi realiz\u00f3 una jornada casa por casa para prevenir el abuso sexual infantil"},"content":{"rendered":"<p class=\"isSelectedEnd\"><strong>AGENCIA MISIONES.UNO |<\/strong> En el marco del <strong>Mes del Ni\u00f1o<\/strong>, se llev\u00f3 adelante en <strong>Colonia Alberdi<\/strong> la caminata <strong>\u201cCasa por casa cuidamos nuestra infancia\u201d<\/strong>, una actividad de prevenci\u00f3n y concientizaci\u00f3n sobre el abuso sexual infantil que alcanz\u00f3 a <strong>70 familias con ni\u00f1os<\/strong> de la comunidad.<\/p>\n<p class=\"isSelectedEnd\">La propuesta estuvo organizada por el <strong>\u00c1rea de Acci\u00f3n Social<\/strong> y se desarroll\u00f3 en dos espacios de trabajo. Con los ni\u00f1os se abordaron, de manera sencilla y cercana, cuestiones vinculadas con el <strong>cuidado del cuerpo<\/strong>, el derecho a decir <strong>\u201cNO\u201d<\/strong>, la posibilidad de pedir ayuda ante situaciones que les generen incomodidad o miedo y la identificaci\u00f3n de personas de confianza.<\/p>\n<p class=\"isSelectedEnd\">Con los padres y adultos responsables se trabaj\u00f3 sobre los <strong>derechos de ni\u00f1os y ni\u00f1as a crecer y vivir sin violencia<\/strong>, la importancia del acompa\u00f1amiento permanente y el cuidado del entorno en el que se desenvuelven.<\/p>\n<p class=\"isSelectedEnd\">Tambi\u00e9n se brindaron herramientas para reconocer <strong>cambios de actitudes, comportamientos y estados emocionales<\/strong> que puedan constituir se\u00f1ales de alerta.<\/p>\n<p class=\"isSelectedEnd\">La actividad cont\u00f3 con el acompa\u00f1amiento de la <strong>Subsecretar\u00eda de Violencia de la Provincia<\/strong>, a trav\u00e9s de la <strong>Dra. Sandra Galeano<\/strong>, y de las licenciadas <strong>Yolanda Brizuela<\/strong> y <strong>Romina Pe\u00f1a<\/strong>, de la <strong>Subsecretar\u00eda de Atenci\u00f3n Integral de Ni\u00f1ez, Adolescencia y Familia<\/strong>.<\/p>\n<p>Tras la jornada, se acordaron nuevas acciones para continuar trabajando de manera conjunta. En ese encuentro participaron el <strong>intendente<\/strong>, la encargada del \u00c1rea Social, <strong>Isabel Puzcko<\/strong>, y el equipo que intervino en la actividad.<\/p>\n<p><img loading=\"lazy\" decoding=\"async\" class=\"aligncenter size-full wp-image-44984\" src=\"https:\/\/alberdi.uno\/wp-content\/uploads\/2026\/08\/miscom-graphic-gen-interior-featured-image-2-36976-1787832338.jpg\" alt=\"\" width=\"640\" height=\"853\" \/><\/p>\n","protected":false},"excerpt":{"rendered":"<p>AGENCIA MISIONES.UNO &#124; En el marco del Mes del Ni\u00f1o, se llev\u00f3 adelante en Colonia Alberdi la caminata \u201cCasa por casa cuidamos nuestra infancia\u201d, una actividad de prevenci\u00f3n y concientizaci\u00f3n sobre el abuso sexual infantil que alcanz\u00f3 a 70 familias con ni\u00f1os de la comunidad.\u2026<\/p>\n","protected":false},"author":1,"featured_media":1895,"comment_status":"closed","ping_status":"closed","sticky":false,"template":"","format":"standard","meta":{"_acf_changed":false,"footnotes":""},"categories":[1],"tags":[],"clasificacion":[190],"distribucion":[213,221,214],"localidad":[192],"redes-sociales":[216,217,218,219],"tematica":[212],"class_list":["post-1889","post","type-post","status-publish","format-standard","has-post-thumbnail","hentry","category-uncategorized","clasificacion-clase-d","distribucion-nodo-local-de-la-red-m1","distribucion-nodo-provincial-de-la-red-m1","distribucion-nodo-tematico-de-la-red-m1","localidad-colonia-alberdi","redes-sociales-se-publica-en-las-redes-de-la-agencia","redes-sociales-se-publica-en-las-redes-del-nodo-local","redes-sociales-se-publica-en-las-redes-del-nodo-provincial","redes-sociales-se-publica-en-las-redes-del-nodo-tematico","tematica-gobierno-y-gestion"],"acf":[],"distributor_meta":false,"distributor_terms":false,"distributor_media":false,"distributor_original_site_name":"Alberdi .UNO - Red Misiones.uno","distributor_original_site_url":"https:\/\/alberdi.uno","push-errors":false,"_links":{"self":[{"href":"https:\/\/alberdi.uno\/index.php\/wp-json\/wp\/v2\/posts\/1889","targetHints":{"allow":["GET"]}}],"collection":[{"href":"https:\/\/alberdi.uno\/index.php\/wp-json\/wp\/v2\/posts"}],"about":[{"href":"https:\/\/alberdi.uno\/index.php\/wp-json\/wp\/v2\/types\/post"}],"author":[{"embeddable":true,"href":"https:\/\/alberdi.uno\/index.php\/wp-json\/wp\/v2\/users\/1"}],"replies":[{"embeddable":true,"href":"https:\/\/alberdi.uno\/index.php\/wp-json\/wp\/v2\/comments?post=1889"}],"version-history":[{"count":1,"href":"https:\/\/alberdi.uno\/index.php\/wp-json\/wp\/v2\/posts\/1889\/revisions"}],"predecessor-version":[{"id":1891,"href":"https:\/\/alberdi.uno\/index.php\/wp-json\/wp\/v2\/posts\/1889\/revisions\/1891"}],"wp:featuredmedia":[{"embeddable":true,"href":"https:\/\/alberdi.uno\/index.php\/wp-json\/wp\/v2\/media\/1895"}],"wp:attachment":[{"href":"https:\/\/alberdi.uno\/index.php\/wp-json\/wp\/v2\/media?parent=1889"}],"wp:term":[{"taxonomy":"category","embeddable":true,"href":"https:\/\/alberdi.uno\/index.php\/wp-json\/wp\/v2\/categories?post=1889"},{"taxonomy":"post_tag","embeddable":true,"href":"https:\/\/alberdi.uno\/index.php\/wp-json\/wp\/v2\/tags?post=1889"},{"taxonomy":"clasificacion","embeddable":true,"href":"https:\/\/alberdi.uno\/index.php\/wp-json\/wp\/v2\/clasificacion?post=1889"},{"taxonomy":"distribucion","embeddable":true,"href":"https:\/\/alberdi.uno\/index.php\/wp-json\/wp\/v2\/distribucion?post=1889"},{"taxonomy":"localidad","embeddable":true,"href":"https:\/\/alberdi.uno\/index.php\/wp-json\/wp\/v2\/localidad?post=1889"},{"taxonomy":"redes-sociales","embeddable":true,"href":"https:\/\/alberdi.uno\/index.php\/wp-json\/wp\/v2\/redes-sociales?post=1889"},{"taxonomy":"tematica","embeddable":true,"href":"https:\/\/alberdi.uno\/index.php\/wp-json\/wp\/v2\/tematica?post=1889"}],"curies":[{"name":"wp","href":"https:\/\/api.w.org\/{rel}","templated":true}]}}