{"id":1881,"date":"2026-08-27T09:03:07","date_gmt":"2026-08-27T12:03:07","guid":{"rendered":"https:\/\/alberdi.uno\/?p=1881"},"modified":"2026-08-27T18:36:53","modified_gmt":"2026-08-27T21:36:53","slug":"abuelos-unidos-compartio-una-jornada-de-encuentro-y-recreacion-en-colonia-alberdi","status":"publish","type":"post","link":"https:\/\/alberdi.uno\/index.php\/2026\/08\/27\/abuelos-unidos-compartio-una-jornada-de-encuentro-y-recreacion-en-colonia-alberdi\/","title":{"rendered":"\u201cAbuelos Unidos\u201d comparti\u00f3 una jornada de encuentro y recreaci\u00f3n en Colonia Alberdi"},"content":{"rendered":"<p class=\"isSelectedEnd\"><strong>AGENCIA MISIONES.UNO |<\/strong> El grupo <strong>\u201cAbuelos Unidos\u201d<\/strong> de <strong>Colonia Alberdi<\/strong> cerr\u00f3 el mes con una jornada destinada a los adultos mayores de la localidad, que se reunieron para compartir actividades y disfrutar de un espacio de encuentro.<\/p>\n<p class=\"isSelectedEnd\">Durante la jornada se realizaron <strong>actividades f\u00edsicas adaptadas<\/strong> y hubo un momento para compartir <strong>mate y comidas<\/strong>, en una propuesta que permiti\u00f3 a los integrantes del grupo reunirse y pasar un d\u00eda diferente.<\/p>\n<p class=\"isSelectedEnd\">El encuentro estuvo pensado especialmente para los <strong>adultos mayores del pueblo<\/strong>, con actividades recreativas y momentos destinados a compartir entre los participantes.<\/p>\n<p class=\"isSelectedEnd\">La jornada tambi\u00e9n constituy\u00f3 un espacio de <strong>encuentro, recreaci\u00f3n y amistad<\/strong>, en el que los integrantes de \u201cAbuelos Unidos\u201d pudieron participar de distintas actividades y compartir la jornada.<\/p>\n<p>Desde el \u00e1mbito municipal destacaron la <strong>organizaci\u00f3n y participaci\u00f3n<\/strong> en este tipo de encuentros destinados a los adultos mayores de <strong>Colonia Alberdi<\/strong>.<\/p>\n<p><img loading=\"lazy\" decoding=\"async\" class=\"aligncenter size-full wp-image-44971\" src=\"https:\/\/alberdi.uno\/wp-content\/uploads\/2026\/08\/miscom-graphic-gen-interior-featured-image-4-36962-1787832243.jpg\" alt=\"\" width=\"640\" height=\"853\" \/> <img loading=\"lazy\" decoding=\"async\" class=\"aligncenter size-full wp-image-44970\" src=\"https:\/\/alberdi.uno\/wp-content\/uploads\/2026\/08\/miscom-graphic-gen-interior-featured-image-3-36962-1787832242.jpg\" alt=\"\" width=\"640\" height=\"853\" \/> <img decoding=\"async\" loading=\"lazy\" class=\"aligncenter size-full wp-image-44969\" src=\"https:\/\/alberdi.uno\/wp-content\/uploads\/2026\/08\/miscom-graphic-gen-interior-featured-image-2-36962-1787832242.jpg\" alt=\"\" width=\"640\" height=\"853\" \/><\/p>\n","protected":false},"excerpt":{"rendered":"<p>AGENCIA MISIONES.UNO &#124; El grupo \u201cAbuelos Unidos\u201d de Colonia Alberdi cerr\u00f3 el mes con una jornada destinada a los adultos mayores de la localidad, que se reunieron para compartir actividades y disfrutar de un espacio de encuentro. Durante la jornada se realizaron actividades f\u00edsicas adaptadas\u2026<\/p>\n","protected":false},"author":1,"featured_media":1888,"comment_status":"closed","ping_status":"closed","sticky":false,"template":"","format":"standard","meta":{"_acf_changed":false,"footnotes":""},"categories":[1],"tags":[],"clasificacion":[190],"distribucion":[213,221,214],"localidad":[192],"redes-sociales":[217,219],"tematica":[207],"class_list":["post-1881","post","type-post","status-publish","format-standard","has-post-thumbnail","hentry","category-uncategorized","clasificacion-clase-d","distribucion-nodo-local-de-la-red-m1","distribucion-nodo-provincial-de-la-red-m1","distribucion-nodo-tematico-de-la-red-m1","localidad-colonia-alberdi","redes-sociales-se-publica-en-las-redes-del-nodo-local","redes-sociales-se-publica-en-las-redes-del-nodo-tematico","tematica-desarrollo-social"],"acf":[],"distributor_meta":false,"distributor_terms":false,"distributor_media":false,"distributor_original_site_name":"Alberdi .UNO - Red Misiones.uno","distributor_original_site_url":"https:\/\/alberdi.uno","push-errors":false,"_links":{"self":[{"href":"https:\/\/alberdi.uno\/index.php\/wp-json\/wp\/v2\/posts\/1881","targetHints":{"allow":["GET"]}}],"collection":[{"href":"https:\/\/alberdi.uno\/index.php\/wp-json\/wp\/v2\/posts"}],"about":[{"href":"https:\/\/alberdi.uno\/index.php\/wp-json\/wp\/v2\/types\/post"}],"author":[{"embeddable":true,"href":"https:\/\/alberdi.uno\/index.php\/wp-json\/wp\/v2\/users\/1"}],"replies":[{"embeddable":true,"href":"https:\/\/alberdi.uno\/index.php\/wp-json\/wp\/v2\/comments?post=1881"}],"version-history":[{"count":1,"href":"https:\/\/alberdi.uno\/index.php\/wp-json\/wp\/v2\/posts\/1881\/revisions"}],"predecessor-version":[{"id":1885,"href":"https:\/\/alberdi.uno\/index.php\/wp-json\/wp\/v2\/posts\/1881\/revisions\/1885"}],"wp:featuredmedia":[{"embeddable":true,"href":"https:\/\/alberdi.uno\/index.php\/wp-json\/wp\/v2\/media\/1888"}],"wp:attachment":[{"href":"https:\/\/alberdi.uno\/index.php\/wp-json\/wp\/v2\/media?parent=1881"}],"wp:term":[{"taxonomy":"category","embeddable":true,"href":"https:\/\/alberdi.uno\/index.php\/wp-json\/wp\/v2\/categories?post=1881"},{"taxonomy":"post_tag","embeddable":true,"href":"https:\/\/alberdi.uno\/index.php\/wp-json\/wp\/v2\/tags?post=1881"},{"taxonomy":"clasificacion","embeddable":true,"href":"https:\/\/alberdi.uno\/index.php\/wp-json\/wp\/v2\/clasificacion?post=1881"},{"taxonomy":"distribucion","embeddable":true,"href":"https:\/\/alberdi.uno\/index.php\/wp-json\/wp\/v2\/distribucion?post=1881"},{"taxonomy":"localidad","embeddable":true,"href":"https:\/\/alberdi.uno\/index.php\/wp-json\/wp\/v2\/localidad?post=1881"},{"taxonomy":"redes-sociales","embeddable":true,"href":"https:\/\/alberdi.uno\/index.php\/wp-json\/wp\/v2\/redes-sociales?post=1881"},{"taxonomy":"tematica","embeddable":true,"href":"https:\/\/alberdi.uno\/index.php\/wp-json\/wp\/v2\/tematica?post=1881"}],"curies":[{"name":"wp","href":"https:\/\/api.w.org\/{rel}","templated":true}]}}