{"id":1490,"date":"2026-04-26T11:52:18","date_gmt":"2026-04-26T14:52:18","guid":{"rendered":"https:\/\/alberdi.uno\/index.php\/2026\/04\/26\/general-alvear-anunciaron-la-creacion-de-la-reserva-natural-municipal-en-saltos-dos-hermanas-y-tobogan\/"},"modified":"2026-04-26T12:44:35","modified_gmt":"2026-04-26T15:44:35","slug":"general-alvear-anunciaron-la-creacion-de-la-reserva-natural-municipal-en-saltos-dos-hermanas-y-tobogan","status":"publish","type":"post","link":"https:\/\/alberdi.uno\/index.php\/2026\/04\/26\/general-alvear-anunciaron-la-creacion-de-la-reserva-natural-municipal-en-saltos-dos-hermanas-y-tobogan\/","title":{"rendered":"Alvear y Alberdi: anunciaron la creaci\u00f3n de la Reserva Natural Municipal en Saltos Dos Hermanas y Tobog\u00e1n"},"content":{"rendered":"<div>\n<div>\n<p><strong><a href=\"https:\/\/agenciamisiones.uno\/\">AGENCIA MISIONES.UNO<\/a> | Intendentes de General Alvear y Colonia Alberdi confirmaron la transformaci\u00f3n del parque en un \u00e1rea protegida, fortaleciendo el desarrollo del Corredor Tur\u00edstico Colonia Chap\u00e1.<\/strong><\/p>\n<p>El Parque Natural Municipal \u201cSaltos Dos Hermanas y Tobog\u00e1n\u201d fue presentado como nueva Reserva Natural Municipal, en una iniciativa conjunta entre los municipios de General Alvear y Colonia Alberdi.<\/p>\n<p>El intendente de General Alvear, Jos\u00e9 Daniel Rodr\u00edguez, junto a su par de Colonia Alberdi, Juan \u00c1ngel Gonz\u00e1lez, encabezaron el anuncio de este proyecto que apunta a consolidar el cuidado del patrimonio natural y potenciar el desarrollo tur\u00edstico en la regi\u00f3n, a trav\u00e9s del Corredor Tur\u00edstico Colonia Chap\u00e1.<\/p>\n<p>La propuesta busca no solo preservar el entorno natural, sino tambi\u00e9n fortalecer un espacio renovado para vecinos y visitantes, reafirmando una visi\u00f3n de gesti\u00f3n compartida entre ambos municipios.<\/p>\n<p>El acto se realiz\u00f3 el mi\u00e9rcoles 13 de mayo a las 9:00 horas en el Parque Natural Municipal Saltos Dos Hermanas y Tobog\u00e1n, con la presencia de autoridades provinciales.<\/p>\n<p><img decoding=\"async\" class=\"aligncenter size-full wp-image-9789\" src=\"https:\/\/alberdi.uno\/wp-content\/uploads\/2026\/04\/5.jpg\" sizes=\"(max-width: 640px) 100vw, 640px\" srcset=\"https:\/\/agenciamisiones.uno\/wp-content\/uploads\/2026\/04\/5-200x267.jpg 200w, https:\/\/agenciamisiones.uno\/wp-content\/uploads\/2026\/04\/5-225x300.jpg 225w, https:\/\/agenciamisiones.uno\/wp-content\/uploads\/2026\/04\/5-400x533.jpg 400w, https:\/\/agenciamisiones.uno\/wp-content\/uploads\/2026\/04\/5-600x800.jpg 600w, https:\/\/alberdi.uno\/wp-content\/uploads\/2026\/04\/5.jpg 640w\" alt=\"\" width=\"640\" height=\"853\" \/><img decoding=\"async\" class=\"aligncenter size-full wp-image-9793\" src=\"https:\/\/alberdi.uno\/wp-content\/uploads\/2026\/04\/2.jpg\" sizes=\"(max-width: 640px) 100vw, 640px\" srcset=\"https:\/\/agenciamisiones.uno\/wp-content\/uploads\/2026\/04\/2-200x267.jpg 200w, https:\/\/agenciamisiones.uno\/wp-content\/uploads\/2026\/04\/2-225x300.jpg 225w, https:\/\/agenciamisiones.uno\/wp-content\/uploads\/2026\/04\/2-400x533.jpg 400w, https:\/\/agenciamisiones.uno\/wp-content\/uploads\/2026\/04\/2-600x800.jpg 600w, https:\/\/alberdi.uno\/wp-content\/uploads\/2026\/04\/2.jpg 640w\" alt=\"\" width=\"640\" height=\"853\" \/> <img decoding=\"async\" class=\"aligncenter size-full wp-image-9790\" src=\"https:\/\/alberdi.uno\/wp-content\/uploads\/2026\/04\/4.jpg\" sizes=\"(max-width: 640px) 100vw, 640px\" srcset=\"https:\/\/agenciamisiones.uno\/wp-content\/uploads\/2026\/04\/4-200x267.jpg 200w, https:\/\/agenciamisiones.uno\/wp-content\/uploads\/2026\/04\/4-225x300.jpg 225w, https:\/\/agenciamisiones.uno\/wp-content\/uploads\/2026\/04\/4-400x533.jpg 400w, https:\/\/agenciamisiones.uno\/wp-content\/uploads\/2026\/04\/4-600x800.jpg 600w, https:\/\/alberdi.uno\/wp-content\/uploads\/2026\/04\/4.jpg 640w\" alt=\"\" width=\"640\" height=\"853\" \/> <img decoding=\"async\" class=\"aligncenter size-full wp-image-9791\" src=\"https:\/\/alberdi.uno\/wp-content\/uploads\/2026\/04\/3.jpg\" sizes=\"(max-width: 640px) 100vw, 640px\" srcset=\"https:\/\/agenciamisiones.uno\/wp-content\/uploads\/2026\/04\/3-200x267.jpg 200w, https:\/\/agenciamisiones.uno\/wp-content\/uploads\/2026\/04\/3-225x300.jpg 225w, https:\/\/agenciamisiones.uno\/wp-content\/uploads\/2026\/04\/3-400x533.jpg 400w, https:\/\/agenciamisiones.uno\/wp-content\/uploads\/2026\/04\/3-600x800.jpg 600w, https:\/\/alberdi.uno\/wp-content\/uploads\/2026\/04\/3.jpg 640w\" alt=\"\" width=\"640\" height=\"853\" \/> <img decoding=\"async\" class=\"aligncenter size-full wp-image-9792\" src=\"https:\/\/alberdi.uno\/wp-content\/uploads\/2026\/04\/alvear1.jpg\" sizes=\"(max-width: 640px) 100vw, 640px\" srcset=\"https:\/\/agenciamisiones.uno\/wp-content\/uploads\/2026\/04\/alvear1-200x267.jpg 200w, https:\/\/agenciamisiones.uno\/wp-content\/uploads\/2026\/04\/alvear1-225x300.jpg 225w, https:\/\/agenciamisiones.uno\/wp-content\/uploads\/2026\/04\/alvear1-400x533.jpg 400w, https:\/\/agenciamisiones.uno\/wp-content\/uploads\/2026\/04\/alvear1-600x800.jpg 600w, https:\/\/alberdi.uno\/wp-content\/uploads\/2026\/04\/alvear1.jpg 640w\" alt=\"\" width=\"640\" height=\"853\" \/><\/p>\n<p>Fuente: <a href=\"https:\/\/agenciamisiones.uno\/\">Agencia Misiones.uno<\/a>.<\/p>\n<\/div>\n<\/div>\n","protected":false},"excerpt":{"rendered":"<p>AGENCIA MISIONES.UNO | Intendentes de General Alvear y Colonia Alberdi  [&#8230;]<\/p>\n","protected":false},"author":1,"featured_media":1491,"comment_status":"closed","ping_status":"closed","sticky":false,"template":"","format":"standard","meta":{"fifu_image_url":"","fifu_image_alt":"","footnotes":""},"categories":[38,149,171,97,152,21],"tags":[],"class_list":["post-1490","post","type-post","status-publish","format-standard","has-post-thumbnail","hentry","category-alberdi","category-gobiernos-municipales","category-gral-alvear","category-misionesturismo-uno","category-red-obera","category-turismo"],"acf":[],"yoast_head":"<!-- This site is optimized with the Yoast SEO plugin v26.7 - https:\/\/yoast.com\/wordpress\/plugins\/seo\/ -->\n<title>Alvear y Alberdi: anunciaron la creaci\u00f3n de la Reserva Natural Municipal en Saltos Dos Hermanas y Tobog\u00e1n - Alberdi .UNO - Red Misiones.uno<\/title>\n<meta name=\"robots\" content=\"index, follow, max-snippet:-1, max-image-preview:large, max-video-preview:-1\" \/>\n<link rel=\"canonical\" href=\"https:\/\/alberdi.uno\/index.php\/2026\/04\/26\/general-alvear-anunciaron-la-creacion-de-la-reserva-natural-municipal-en-saltos-dos-hermanas-y-tobogan\/\" \/>\n<meta property=\"og:locale\" content=\"es_ES\" \/>\n<meta property=\"og:type\" content=\"article\" \/>\n<meta property=\"og:title\" content=\"Alvear y Alberdi: anunciaron la creaci\u00f3n de la Reserva Natural Municipal en Saltos Dos Hermanas y Tobog\u00e1n - Alberdi .UNO - Red Misiones.uno\" \/>\n<meta property=\"og:description\" content=\"AGENCIA MISIONES.UNO | Intendentes de General Alvear y Colonia Alberdi [...]\" \/>\n<meta property=\"og:url\" content=\"https:\/\/alberdi.uno\/index.php\/2026\/04\/26\/general-alvear-anunciaron-la-creacion-de-la-reserva-natural-municipal-en-saltos-dos-hermanas-y-tobogan\/\" \/>\n<meta property=\"og:site_name\" content=\"Alberdi .UNO - Red Misiones.uno\" \/>\n<meta property=\"article:published_time\" content=\"2026-04-26T14:52:18+00:00\" \/>\n<meta property=\"article:modified_time\" content=\"2026-04-26T15:44:35+00:00\" \/>\n<meta property=\"og:image\" content=\"https:\/\/alberdi.uno\/wp-content\/uploads\/2026\/04\/5.jpg\" \/>\n\t<meta property=\"og:image:width\" content=\"640\" \/>\n\t<meta property=\"og:image:height\" content=\"853\" \/>\n\t<meta property=\"og:image:type\" content=\"image\/jpeg\" \/>\n<meta name=\"author\" content=\"admin\" \/>\n<meta name=\"twitter:card\" content=\"summary_large_image\" \/>\n<meta name=\"twitter:label1\" content=\"Escrito por\" \/>\n\t<meta name=\"twitter:data1\" content=\"admin\" \/>\n\t<meta name=\"twitter:label2\" content=\"Tiempo de lectura\" \/>\n\t<meta name=\"twitter:data2\" content=\"2 minutos\" \/>\n<script type=\"application\/ld+json\" class=\"yoast-schema-graph\">{\"@context\":\"https:\/\/schema.org\",\"@graph\":[{\"@type\":\"Article\",\"@id\":\"https:\/\/alberdi.uno\/index.php\/2026\/04\/26\/general-alvear-anunciaron-la-creacion-de-la-reserva-natural-municipal-en-saltos-dos-hermanas-y-tobogan\/#article\",\"isPartOf\":{\"@id\":\"https:\/\/alberdi.uno\/index.php\/2026\/04\/26\/general-alvear-anunciaron-la-creacion-de-la-reserva-natural-municipal-en-saltos-dos-hermanas-y-tobogan\/\"},\"author\":{\"name\":\"admin\",\"@id\":\"https:\/\/alberdi.uno\/#\/schema\/person\/7af09aba735a9b91f78556601849d2c6\"},\"headline\":\"Alvear y Alberdi: anunciaron la creaci\u00f3n de la Reserva Natural Municipal en Saltos Dos Hermanas y Tobog\u00e1n\",\"datePublished\":\"2026-04-26T14:52:18+00:00\",\"dateModified\":\"2026-04-26T15:44:35+00:00\",\"mainEntityOfPage\":{\"@id\":\"https:\/\/alberdi.uno\/index.php\/2026\/04\/26\/general-alvear-anunciaron-la-creacion-de-la-reserva-natural-municipal-en-saltos-dos-hermanas-y-tobogan\/\"},\"wordCount\":196,\"image\":{\"@id\":\"https:\/\/alberdi.uno\/index.php\/2026\/04\/26\/general-alvear-anunciaron-la-creacion-de-la-reserva-natural-municipal-en-saltos-dos-hermanas-y-tobogan\/#primaryimage\"},\"thumbnailUrl\":\"https:\/\/alberdi.uno\/wp-content\/uploads\/2026\/04\/5.jpg\",\"articleSection\":[\"Alberdi\",\"Gobiernos Municipales\",\"Gral. Alvear\",\"MISIONESTURISMO.UNO\",\"Red Ober\u00e1\",\"Turismo\"],\"inLanguage\":\"es-AR\"},{\"@type\":\"WebPage\",\"@id\":\"https:\/\/alberdi.uno\/index.php\/2026\/04\/26\/general-alvear-anunciaron-la-creacion-de-la-reserva-natural-municipal-en-saltos-dos-hermanas-y-tobogan\/\",\"url\":\"https:\/\/alberdi.uno\/index.php\/2026\/04\/26\/general-alvear-anunciaron-la-creacion-de-la-reserva-natural-municipal-en-saltos-dos-hermanas-y-tobogan\/\",\"name\":\"Alvear y Alberdi: anunciaron la creaci\u00f3n de la Reserva Natural Municipal en Saltos Dos Hermanas y Tobog\u00e1n - Alberdi .UNO - Red Misiones.uno\",\"isPartOf\":{\"@id\":\"https:\/\/alberdi.uno\/#website\"},\"primaryImageOfPage\":{\"@id\":\"https:\/\/alberdi.uno\/index.php\/2026\/04\/26\/general-alvear-anunciaron-la-creacion-de-la-reserva-natural-municipal-en-saltos-dos-hermanas-y-tobogan\/#primaryimage\"},\"image\":{\"@id\":\"https:\/\/alberdi.uno\/index.php\/2026\/04\/26\/general-alvear-anunciaron-la-creacion-de-la-reserva-natural-municipal-en-saltos-dos-hermanas-y-tobogan\/#primaryimage\"},\"thumbnailUrl\":\"https:\/\/alberdi.uno\/wp-content\/uploads\/2026\/04\/5.jpg\",\"datePublished\":\"2026-04-26T14:52:18+00:00\",\"dateModified\":\"2026-04-26T15:44:35+00:00\",\"author\":{\"@id\":\"https:\/\/alberdi.uno\/#\/schema\/person\/7af09aba735a9b91f78556601849d2c6\"},\"breadcrumb\":{\"@id\":\"https:\/\/alberdi.uno\/index.php\/2026\/04\/26\/general-alvear-anunciaron-la-creacion-de-la-reserva-natural-municipal-en-saltos-dos-hermanas-y-tobogan\/#breadcrumb\"},\"inLanguage\":\"es-AR\",\"potentialAction\":[{\"@type\":\"ReadAction\",\"target\":[\"https:\/\/alberdi.uno\/index.php\/2026\/04\/26\/general-alvear-anunciaron-la-creacion-de-la-reserva-natural-municipal-en-saltos-dos-hermanas-y-tobogan\/\"]}]},{\"@type\":\"ImageObject\",\"inLanguage\":\"es-AR\",\"@id\":\"https:\/\/alberdi.uno\/index.php\/2026\/04\/26\/general-alvear-anunciaron-la-creacion-de-la-reserva-natural-municipal-en-saltos-dos-hermanas-y-tobogan\/#primaryimage\",\"url\":\"https:\/\/alberdi.uno\/wp-content\/uploads\/2026\/04\/5.jpg\",\"contentUrl\":\"https:\/\/alberdi.uno\/wp-content\/uploads\/2026\/04\/5.jpg\",\"width\":640,\"height\":853},{\"@type\":\"BreadcrumbList\",\"@id\":\"https:\/\/alberdi.uno\/index.php\/2026\/04\/26\/general-alvear-anunciaron-la-creacion-de-la-reserva-natural-municipal-en-saltos-dos-hermanas-y-tobogan\/#breadcrumb\",\"itemListElement\":[{\"@type\":\"ListItem\",\"position\":1,\"name\":\"Inicio\",\"item\":\"https:\/\/alberdi.uno\/\"},{\"@type\":\"ListItem\",\"position\":2,\"name\":\"Alvear y Alberdi: anunciaron la creaci\u00f3n de la Reserva Natural Municipal en Saltos Dos Hermanas y Tobog\u00e1n\"}]},{\"@type\":\"WebSite\",\"@id\":\"https:\/\/alberdi.uno\/#website\",\"url\":\"https:\/\/alberdi.uno\/\",\"name\":\"Alberdi .UNO - Red Misiones.uno\",\"description\":\"Noticias de Colonia Alberdi\",\"potentialAction\":[{\"@type\":\"SearchAction\",\"target\":{\"@type\":\"EntryPoint\",\"urlTemplate\":\"https:\/\/alberdi.uno\/?s={search_term_string}\"},\"query-input\":{\"@type\":\"PropertyValueSpecification\",\"valueRequired\":true,\"valueName\":\"search_term_string\"}}],\"inLanguage\":\"es-AR\"},{\"@type\":\"Person\",\"@id\":\"https:\/\/alberdi.uno\/#\/schema\/person\/7af09aba735a9b91f78556601849d2c6\",\"name\":\"admin\",\"image\":{\"@type\":\"ImageObject\",\"inLanguage\":\"es-AR\",\"@id\":\"https:\/\/alberdi.uno\/#\/schema\/person\/image\/\",\"url\":\"https:\/\/secure.gravatar.com\/avatar\/988cc68d97727f2265e15e4e04f35d45d93f5493d81192c37b6fcdf6407dba8c?s=96&d=mm&r=g\",\"contentUrl\":\"https:\/\/secure.gravatar.com\/avatar\/988cc68d97727f2265e15e4e04f35d45d93f5493d81192c37b6fcdf6407dba8c?s=96&d=mm&r=g\",\"caption\":\"admin\"},\"sameAs\":[\"http:\/\/alberdi.uno\"],\"url\":\"https:\/\/alberdi.uno\/index.php\/author\/admin\/\"}]}<\/script>\n<!-- \/ Yoast SEO plugin. -->","yoast_head_json":{"title":"Alvear y Alberdi: anunciaron la creaci\u00f3n de la Reserva Natural Municipal en Saltos Dos Hermanas y Tobog\u00e1n - Alberdi .UNO - Red Misiones.uno","robots":{"index":"index","follow":"follow","max-snippet":"max-snippet:-1","max-image-preview":"max-image-preview:large","max-video-preview":"max-video-preview:-1"},"canonical":"https:\/\/alberdi.uno\/index.php\/2026\/04\/26\/general-alvear-anunciaron-la-creacion-de-la-reserva-natural-municipal-en-saltos-dos-hermanas-y-tobogan\/","og_locale":"es_ES","og_type":"article","og_title":"Alvear y Alberdi: anunciaron la creaci\u00f3n de la Reserva Natural Municipal en Saltos Dos Hermanas y Tobog\u00e1n - Alberdi .UNO - Red Misiones.uno","og_description":"AGENCIA MISIONES.UNO | Intendentes de General Alvear y Colonia Alberdi [...]","og_url":"https:\/\/alberdi.uno\/index.php\/2026\/04\/26\/general-alvear-anunciaron-la-creacion-de-la-reserva-natural-municipal-en-saltos-dos-hermanas-y-tobogan\/","og_site_name":"Alberdi .UNO - Red Misiones.uno","article_published_time":"2026-04-26T14:52:18+00:00","article_modified_time":"2026-04-26T15:44:35+00:00","og_image":[{"width":640,"height":853,"url":"https:\/\/alberdi.uno\/wp-content\/uploads\/2026\/04\/5.jpg","type":"image\/jpeg"}],"author":"admin","twitter_card":"summary_large_image","twitter_misc":{"Escrito por":"admin","Tiempo de lectura":"2 minutos"},"schema":{"@context":"https:\/\/schema.org","@graph":[{"@type":"Article","@id":"https:\/\/alberdi.uno\/index.php\/2026\/04\/26\/general-alvear-anunciaron-la-creacion-de-la-reserva-natural-municipal-en-saltos-dos-hermanas-y-tobogan\/#article","isPartOf":{"@id":"https:\/\/alberdi.uno\/index.php\/2026\/04\/26\/general-alvear-anunciaron-la-creacion-de-la-reserva-natural-municipal-en-saltos-dos-hermanas-y-tobogan\/"},"author":{"name":"admin","@id":"https:\/\/alberdi.uno\/#\/schema\/person\/7af09aba735a9b91f78556601849d2c6"},"headline":"Alvear y Alberdi: anunciaron la creaci\u00f3n de la Reserva Natural Municipal en Saltos Dos Hermanas y Tobog\u00e1n","datePublished":"2026-04-26T14:52:18+00:00","dateModified":"2026-04-26T15:44:35+00:00","mainEntityOfPage":{"@id":"https:\/\/alberdi.uno\/index.php\/2026\/04\/26\/general-alvear-anunciaron-la-creacion-de-la-reserva-natural-municipal-en-saltos-dos-hermanas-y-tobogan\/"},"wordCount":196,"image":{"@id":"https:\/\/alberdi.uno\/index.php\/2026\/04\/26\/general-alvear-anunciaron-la-creacion-de-la-reserva-natural-municipal-en-saltos-dos-hermanas-y-tobogan\/#primaryimage"},"thumbnailUrl":"https:\/\/alberdi.uno\/wp-content\/uploads\/2026\/04\/5.jpg","articleSection":["Alberdi","Gobiernos Municipales","Gral. Alvear","MISIONESTURISMO.UNO","Red Ober\u00e1","Turismo"],"inLanguage":"es-AR"},{"@type":"WebPage","@id":"https:\/\/alberdi.uno\/index.php\/2026\/04\/26\/general-alvear-anunciaron-la-creacion-de-la-reserva-natural-municipal-en-saltos-dos-hermanas-y-tobogan\/","url":"https:\/\/alberdi.uno\/index.php\/2026\/04\/26\/general-alvear-anunciaron-la-creacion-de-la-reserva-natural-municipal-en-saltos-dos-hermanas-y-tobogan\/","name":"Alvear y Alberdi: anunciaron la creaci\u00f3n de la Reserva Natural Municipal en Saltos Dos Hermanas y Tobog\u00e1n - Alberdi .UNO - Red Misiones.uno","isPartOf":{"@id":"https:\/\/alberdi.uno\/#website"},"primaryImageOfPage":{"@id":"https:\/\/alberdi.uno\/index.php\/2026\/04\/26\/general-alvear-anunciaron-la-creacion-de-la-reserva-natural-municipal-en-saltos-dos-hermanas-y-tobogan\/#primaryimage"},"image":{"@id":"https:\/\/alberdi.uno\/index.php\/2026\/04\/26\/general-alvear-anunciaron-la-creacion-de-la-reserva-natural-municipal-en-saltos-dos-hermanas-y-tobogan\/#primaryimage"},"thumbnailUrl":"https:\/\/alberdi.uno\/wp-content\/uploads\/2026\/04\/5.jpg","datePublished":"2026-04-26T14:52:18+00:00","dateModified":"2026-04-26T15:44:35+00:00","author":{"@id":"https:\/\/alberdi.uno\/#\/schema\/person\/7af09aba735a9b91f78556601849d2c6"},"breadcrumb":{"@id":"https:\/\/alberdi.uno\/index.php\/2026\/04\/26\/general-alvear-anunciaron-la-creacion-de-la-reserva-natural-municipal-en-saltos-dos-hermanas-y-tobogan\/#breadcrumb"},"inLanguage":"es-AR","potentialAction":[{"@type":"ReadAction","target":["https:\/\/alberdi.uno\/index.php\/2026\/04\/26\/general-alvear-anunciaron-la-creacion-de-la-reserva-natural-municipal-en-saltos-dos-hermanas-y-tobogan\/"]}]},{"@type":"ImageObject","inLanguage":"es-AR","@id":"https:\/\/alberdi.uno\/index.php\/2026\/04\/26\/general-alvear-anunciaron-la-creacion-de-la-reserva-natural-municipal-en-saltos-dos-hermanas-y-tobogan\/#primaryimage","url":"https:\/\/alberdi.uno\/wp-content\/uploads\/2026\/04\/5.jpg","contentUrl":"https:\/\/alberdi.uno\/wp-content\/uploads\/2026\/04\/5.jpg","width":640,"height":853},{"@type":"BreadcrumbList","@id":"https:\/\/alberdi.uno\/index.php\/2026\/04\/26\/general-alvear-anunciaron-la-creacion-de-la-reserva-natural-municipal-en-saltos-dos-hermanas-y-tobogan\/#breadcrumb","itemListElement":[{"@type":"ListItem","position":1,"name":"Inicio","item":"https:\/\/alberdi.uno\/"},{"@type":"ListItem","position":2,"name":"Alvear y Alberdi: anunciaron la creaci\u00f3n de la Reserva Natural Municipal en Saltos Dos Hermanas y Tobog\u00e1n"}]},{"@type":"WebSite","@id":"https:\/\/alberdi.uno\/#website","url":"https:\/\/alberdi.uno\/","name":"Alberdi .UNO - Red Misiones.uno","description":"Noticias de Colonia Alberdi","potentialAction":[{"@type":"SearchAction","target":{"@type":"EntryPoint","urlTemplate":"https:\/\/alberdi.uno\/?s={search_term_string}"},"query-input":{"@type":"PropertyValueSpecification","valueRequired":true,"valueName":"search_term_string"}}],"inLanguage":"es-AR"},{"@type":"Person","@id":"https:\/\/alberdi.uno\/#\/schema\/person\/7af09aba735a9b91f78556601849d2c6","name":"admin","image":{"@type":"ImageObject","inLanguage":"es-AR","@id":"https:\/\/alberdi.uno\/#\/schema\/person\/image\/","url":"https:\/\/secure.gravatar.com\/avatar\/988cc68d97727f2265e15e4e04f35d45d93f5493d81192c37b6fcdf6407dba8c?s=96&d=mm&r=g","contentUrl":"https:\/\/secure.gravatar.com\/avatar\/988cc68d97727f2265e15e4e04f35d45d93f5493d81192c37b6fcdf6407dba8c?s=96&d=mm&r=g","caption":"admin"},"sameAs":["http:\/\/alberdi.uno"],"url":"https:\/\/alberdi.uno\/index.php\/author\/admin\/"}]}},"_links":{"self":[{"href":"https:\/\/alberdi.uno\/index.php\/wp-json\/wp\/v2\/posts\/1490","targetHints":{"allow":["GET"]}}],"collection":[{"href":"https:\/\/alberdi.uno\/index.php\/wp-json\/wp\/v2\/posts"}],"about":[{"href":"https:\/\/alberdi.uno\/index.php\/wp-json\/wp\/v2\/types\/post"}],"author":[{"embeddable":true,"href":"https:\/\/alberdi.uno\/index.php\/wp-json\/wp\/v2\/users\/1"}],"replies":[{"embeddable":true,"href":"https:\/\/alberdi.uno\/index.php\/wp-json\/wp\/v2\/comments?post=1490"}],"version-history":[{"count":1,"href":"https:\/\/alberdi.uno\/index.php\/wp-json\/wp\/v2\/posts\/1490\/revisions"}],"predecessor-version":[{"id":1497,"href":"https:\/\/alberdi.uno\/index.php\/wp-json\/wp\/v2\/posts\/1490\/revisions\/1497"}],"wp:featuredmedia":[{"embeddable":true,"href":"https:\/\/alberdi.uno\/index.php\/wp-json\/wp\/v2\/media\/1491"}],"wp:attachment":[{"href":"https:\/\/alberdi.uno\/index.php\/wp-json\/wp\/v2\/media?parent=1490"}],"wp:term":[{"taxonomy":"category","embeddable":true,"href":"https:\/\/alberdi.uno\/index.php\/wp-json\/wp\/v2\/categories?post=1490"},{"taxonomy":"post_tag","embeddable":true,"href":"https:\/\/alberdi.uno\/index.php\/wp-json\/wp\/v2\/tags?post=1490"}],"curies":[{"name":"wp","href":"https:\/\/api.w.org\/{rel}","templated":true}]}}