{"id":1474,"date":"2026-04-23T12:51:29","date_gmt":"2026-04-23T15:51:29","guid":{"rendered":"https:\/\/alberdi.uno\/index.php\/2026\/04\/23\/obera-demoraron-a-una-conductora-alcoholizada-y-con-vtv-falsa-en-un-control-vial\/"},"modified":"2026-04-23T12:51:29","modified_gmt":"2026-04-23T15:51:29","slug":"obera-demoraron-a-una-conductora-alcoholizada-y-con-vtv-falsa-en-un-control-vial","status":"publish","type":"post","link":"https:\/\/alberdi.uno\/index.php\/2026\/04\/23\/obera-demoraron-a-una-conductora-alcoholizada-y-con-vtv-falsa-en-un-control-vial\/","title":{"rendered":"Ober\u00e1: demoraron a una conductora alcoholizada y con VTV falsa en un control vial"},"content":{"rendered":"<div>\n<div>\n<p><strong>AGENCIA MISIONES.UNO | Una mujer de 31 a\u00f1os fue demorada durante un operativo de control vehicular sobre la Ruta Nacional 14, en Ober\u00e1, luego de detectarse que circulaba en aparente estado de ebriedad y con un certificado de VTV ap\u00f3crifo.<\/strong><\/p>\n<p>El procedimiento se llev\u00f3 a cabo este jueves alrededor de las 09:00 horas, cuando efectivos de la Divisi\u00f3n Seguridad Vial y Turismo Ober\u00e1 realizaban controles en el kil\u00f3metro 871 de la mencionada ruta. En ese contexto, detuvieron la marcha de un autom\u00f3vil Chevrolet Corsa Classic para verificar la documentaci\u00f3n obligatoria.<\/p>\n<p>La conductora, identificada como Mariela Noelia M., de 31 a\u00f1os y domiciliada en Panamb\u00ed, presentaba signos compatibles con la ingesta de alcohol, lo que fue advertido por el personal interviniente. Al mismo tiempo, al exhibir la documentaci\u00f3n, se detectaron irregularidades en el certificado de Verificaci\u00f3n T\u00e9cnica Vehicular, confirm\u00e1ndose posteriormente que se trataba de un documento falso.<\/p>\n<p>Ante esta situaci\u00f3n, los efectivos procedieron al secuestro del certificado ap\u00f3crifo y a la demora de la mujer, quien fue trasladada junto al veh\u00edculo a la Comisar\u00eda Seccional Tercera. En la dependencia se labraron las actuaciones correspondientes y se dio intervenci\u00f3n a la autoridad competente, continuando con los tr\u00e1mites de rigor.<\/p>\n<p> <img decoding=\"async\" class=\"aligncenter size-full wp-image-9259\" src=\"https:\/\/alberdi.uno\/wp-content\/uploads\/2026\/04\/poli1-223.jpg\" sizes=\"(max-width: 640px) 100vw, 640px\" srcset=\"https:\/\/agenciamisiones.uno\/wp-content\/uploads\/2026\/04\/poli1-223-200x267.jpg 200w, https:\/\/agenciamisiones.uno\/wp-content\/uploads\/2026\/04\/poli1-223-225x300.jpg 225w, https:\/\/agenciamisiones.uno\/wp-content\/uploads\/2026\/04\/poli1-223-400x533.jpg 400w, https:\/\/agenciamisiones.uno\/wp-content\/uploads\/2026\/04\/poli1-223-600x800.jpg 600w, https:\/\/alberdi.uno\/wp-content\/uploads\/2026\/04\/poli1-223.jpg 640w\" alt=\"\" width=\"640\" height=\"853\"><\/p>\n<p>Fuente: <a href=\"https:\/\/agenciamisiones.uno\/\">Agencia Misiones.uno<\/a>.<\/p>\n<\/div>\n<\/div>\n","protected":false},"excerpt":{"rendered":"<p>AGENCIA MISIONES.UNO | Una mujer de 31 a\u00f1os fue demorada  [&#8230;]<\/p>\n","protected":false},"author":1,"featured_media":1475,"comment_status":"closed","ping_status":"closed","sticky":false,"template":"","format":"standard","meta":{"fifu_image_url":"","fifu_image_alt":"","footnotes":""},"categories":[18,23,152,153],"tags":[],"class_list":["post-1474","post","type-post","status-publish","format-standard","has-post-thumbnail","hentry","category-obera","category-policia-de-misiones","category-red-obera","category-seguridad"],"acf":[],"yoast_head":"<!-- This site is optimized with the Yoast SEO plugin v26.7 - https:\/\/yoast.com\/wordpress\/plugins\/seo\/ -->\n<title>Ober\u00e1: demoraron a una conductora alcoholizada y con VTV falsa en un control vial - Alberdi .UNO - Red Misiones.uno<\/title>\n<meta name=\"robots\" content=\"index, follow, max-snippet:-1, max-image-preview:large, max-video-preview:-1\" \/>\n<link rel=\"canonical\" href=\"https:\/\/alberdi.uno\/index.php\/2026\/04\/23\/obera-demoraron-a-una-conductora-alcoholizada-y-con-vtv-falsa-en-un-control-vial\/\" \/>\n<meta property=\"og:locale\" content=\"es_ES\" \/>\n<meta property=\"og:type\" content=\"article\" \/>\n<meta property=\"og:title\" content=\"Ober\u00e1: demoraron a una conductora alcoholizada y con VTV falsa en un control vial - Alberdi .UNO - Red Misiones.uno\" \/>\n<meta property=\"og:description\" content=\"AGENCIA MISIONES.UNO | Una mujer de 31 a\u00f1os fue demorada [...]\" \/>\n<meta property=\"og:url\" content=\"https:\/\/alberdi.uno\/index.php\/2026\/04\/23\/obera-demoraron-a-una-conductora-alcoholizada-y-con-vtv-falsa-en-un-control-vial\/\" \/>\n<meta property=\"og:site_name\" content=\"Alberdi .UNO - Red Misiones.uno\" \/>\n<meta property=\"article:published_time\" content=\"2026-04-23T15:51:29+00:00\" \/>\n<meta name=\"author\" content=\"admin\" \/>\n<meta name=\"twitter:card\" content=\"summary_large_image\" \/>\n<meta name=\"twitter:label1\" content=\"Escrito por\" \/>\n\t<meta name=\"twitter:data1\" content=\"admin\" \/>\n\t<meta name=\"twitter:label2\" content=\"Tiempo de lectura\" \/>\n\t<meta name=\"twitter:data2\" content=\"1 minuto\" \/>\n<script type=\"application\/ld+json\" class=\"yoast-schema-graph\">{\"@context\":\"https:\/\/schema.org\",\"@graph\":[{\"@type\":\"Article\",\"@id\":\"https:\/\/alberdi.uno\/index.php\/2026\/04\/23\/obera-demoraron-a-una-conductora-alcoholizada-y-con-vtv-falsa-en-un-control-vial\/#article\",\"isPartOf\":{\"@id\":\"https:\/\/alberdi.uno\/index.php\/2026\/04\/23\/obera-demoraron-a-una-conductora-alcoholizada-y-con-vtv-falsa-en-un-control-vial\/\"},\"author\":{\"name\":\"admin\",\"@id\":\"https:\/\/alberdi.uno\/#\/schema\/person\/7af09aba735a9b91f78556601849d2c6\"},\"headline\":\"Ober\u00e1: demoraron a una conductora alcoholizada y con VTV falsa en un control vial\",\"datePublished\":\"2026-04-23T15:51:29+00:00\",\"mainEntityOfPage\":{\"@id\":\"https:\/\/alberdi.uno\/index.php\/2026\/04\/23\/obera-demoraron-a-una-conductora-alcoholizada-y-con-vtv-falsa-en-un-control-vial\/\"},\"wordCount\":227,\"image\":{\"@id\":\"https:\/\/alberdi.uno\/index.php\/2026\/04\/23\/obera-demoraron-a-una-conductora-alcoholizada-y-con-vtv-falsa-en-un-control-vial\/#primaryimage\"},\"thumbnailUrl\":\"https:\/\/alberdi.uno\/wp-content\/uploads\/2026\/04\/poli2-216.jpg\",\"articleSection\":[\"Ober\u00e1\",\"Polic\u00eda de Misiones\",\"Red Ober\u00e1\",\"Seguridad\"],\"inLanguage\":\"es-AR\"},{\"@type\":\"WebPage\",\"@id\":\"https:\/\/alberdi.uno\/index.php\/2026\/04\/23\/obera-demoraron-a-una-conductora-alcoholizada-y-con-vtv-falsa-en-un-control-vial\/\",\"url\":\"https:\/\/alberdi.uno\/index.php\/2026\/04\/23\/obera-demoraron-a-una-conductora-alcoholizada-y-con-vtv-falsa-en-un-control-vial\/\",\"name\":\"Ober\u00e1: demoraron a una conductora alcoholizada y con VTV falsa en un control vial - Alberdi .UNO - Red Misiones.uno\",\"isPartOf\":{\"@id\":\"https:\/\/alberdi.uno\/#website\"},\"primaryImageOfPage\":{\"@id\":\"https:\/\/alberdi.uno\/index.php\/2026\/04\/23\/obera-demoraron-a-una-conductora-alcoholizada-y-con-vtv-falsa-en-un-control-vial\/#primaryimage\"},\"image\":{\"@id\":\"https:\/\/alberdi.uno\/index.php\/2026\/04\/23\/obera-demoraron-a-una-conductora-alcoholizada-y-con-vtv-falsa-en-un-control-vial\/#primaryimage\"},\"thumbnailUrl\":\"https:\/\/alberdi.uno\/wp-content\/uploads\/2026\/04\/poli2-216.jpg\",\"datePublished\":\"2026-04-23T15:51:29+00:00\",\"author\":{\"@id\":\"https:\/\/alberdi.uno\/#\/schema\/person\/7af09aba735a9b91f78556601849d2c6\"},\"breadcrumb\":{\"@id\":\"https:\/\/alberdi.uno\/index.php\/2026\/04\/23\/obera-demoraron-a-una-conductora-alcoholizada-y-con-vtv-falsa-en-un-control-vial\/#breadcrumb\"},\"inLanguage\":\"es-AR\",\"potentialAction\":[{\"@type\":\"ReadAction\",\"target\":[\"https:\/\/alberdi.uno\/index.php\/2026\/04\/23\/obera-demoraron-a-una-conductora-alcoholizada-y-con-vtv-falsa-en-un-control-vial\/\"]}]},{\"@type\":\"ImageObject\",\"inLanguage\":\"es-AR\",\"@id\":\"https:\/\/alberdi.uno\/index.php\/2026\/04\/23\/obera-demoraron-a-una-conductora-alcoholizada-y-con-vtv-falsa-en-un-control-vial\/#primaryimage\",\"url\":\"https:\/\/alberdi.uno\/wp-content\/uploads\/2026\/04\/poli2-216.jpg\",\"contentUrl\":\"https:\/\/alberdi.uno\/wp-content\/uploads\/2026\/04\/poli2-216.jpg\",\"width\":640,\"height\":853},{\"@type\":\"BreadcrumbList\",\"@id\":\"https:\/\/alberdi.uno\/index.php\/2026\/04\/23\/obera-demoraron-a-una-conductora-alcoholizada-y-con-vtv-falsa-en-un-control-vial\/#breadcrumb\",\"itemListElement\":[{\"@type\":\"ListItem\",\"position\":1,\"name\":\"Inicio\",\"item\":\"https:\/\/alberdi.uno\/\"},{\"@type\":\"ListItem\",\"position\":2,\"name\":\"Ober\u00e1: demoraron a una conductora alcoholizada y con VTV falsa en un control vial\"}]},{\"@type\":\"WebSite\",\"@id\":\"https:\/\/alberdi.uno\/#website\",\"url\":\"https:\/\/alberdi.uno\/\",\"name\":\"Alberdi .UNO - Red Misiones.uno\",\"description\":\"Noticias de Colonia Alberdi\",\"potentialAction\":[{\"@type\":\"SearchAction\",\"target\":{\"@type\":\"EntryPoint\",\"urlTemplate\":\"https:\/\/alberdi.uno\/?s={search_term_string}\"},\"query-input\":{\"@type\":\"PropertyValueSpecification\",\"valueRequired\":true,\"valueName\":\"search_term_string\"}}],\"inLanguage\":\"es-AR\"},{\"@type\":\"Person\",\"@id\":\"https:\/\/alberdi.uno\/#\/schema\/person\/7af09aba735a9b91f78556601849d2c6\",\"name\":\"admin\",\"image\":{\"@type\":\"ImageObject\",\"inLanguage\":\"es-AR\",\"@id\":\"https:\/\/alberdi.uno\/#\/schema\/person\/image\/\",\"url\":\"https:\/\/secure.gravatar.com\/avatar\/988cc68d97727f2265e15e4e04f35d45d93f5493d81192c37b6fcdf6407dba8c?s=96&d=mm&r=g\",\"contentUrl\":\"https:\/\/secure.gravatar.com\/avatar\/988cc68d97727f2265e15e4e04f35d45d93f5493d81192c37b6fcdf6407dba8c?s=96&d=mm&r=g\",\"caption\":\"admin\"},\"sameAs\":[\"http:\/\/alberdi.uno\"],\"url\":\"https:\/\/alberdi.uno\/index.php\/author\/admin\/\"}]}<\/script>\n<!-- \/ Yoast SEO plugin. -->","yoast_head_json":{"title":"Ober\u00e1: demoraron a una conductora alcoholizada y con VTV falsa en un control vial - Alberdi .UNO - Red Misiones.uno","robots":{"index":"index","follow":"follow","max-snippet":"max-snippet:-1","max-image-preview":"max-image-preview:large","max-video-preview":"max-video-preview:-1"},"canonical":"https:\/\/alberdi.uno\/index.php\/2026\/04\/23\/obera-demoraron-a-una-conductora-alcoholizada-y-con-vtv-falsa-en-un-control-vial\/","og_locale":"es_ES","og_type":"article","og_title":"Ober\u00e1: demoraron a una conductora alcoholizada y con VTV falsa en un control vial - Alberdi .UNO - Red Misiones.uno","og_description":"AGENCIA MISIONES.UNO | Una mujer de 31 a\u00f1os fue demorada [...]","og_url":"https:\/\/alberdi.uno\/index.php\/2026\/04\/23\/obera-demoraron-a-una-conductora-alcoholizada-y-con-vtv-falsa-en-un-control-vial\/","og_site_name":"Alberdi .UNO - Red Misiones.uno","article_published_time":"2026-04-23T15:51:29+00:00","author":"admin","twitter_card":"summary_large_image","twitter_misc":{"Escrito por":"admin","Tiempo de lectura":"1 minuto"},"schema":{"@context":"https:\/\/schema.org","@graph":[{"@type":"Article","@id":"https:\/\/alberdi.uno\/index.php\/2026\/04\/23\/obera-demoraron-a-una-conductora-alcoholizada-y-con-vtv-falsa-en-un-control-vial\/#article","isPartOf":{"@id":"https:\/\/alberdi.uno\/index.php\/2026\/04\/23\/obera-demoraron-a-una-conductora-alcoholizada-y-con-vtv-falsa-en-un-control-vial\/"},"author":{"name":"admin","@id":"https:\/\/alberdi.uno\/#\/schema\/person\/7af09aba735a9b91f78556601849d2c6"},"headline":"Ober\u00e1: demoraron a una conductora alcoholizada y con VTV falsa en un control vial","datePublished":"2026-04-23T15:51:29+00:00","mainEntityOfPage":{"@id":"https:\/\/alberdi.uno\/index.php\/2026\/04\/23\/obera-demoraron-a-una-conductora-alcoholizada-y-con-vtv-falsa-en-un-control-vial\/"},"wordCount":227,"image":{"@id":"https:\/\/alberdi.uno\/index.php\/2026\/04\/23\/obera-demoraron-a-una-conductora-alcoholizada-y-con-vtv-falsa-en-un-control-vial\/#primaryimage"},"thumbnailUrl":"https:\/\/alberdi.uno\/wp-content\/uploads\/2026\/04\/poli2-216.jpg","articleSection":["Ober\u00e1","Polic\u00eda de Misiones","Red Ober\u00e1","Seguridad"],"inLanguage":"es-AR"},{"@type":"WebPage","@id":"https:\/\/alberdi.uno\/index.php\/2026\/04\/23\/obera-demoraron-a-una-conductora-alcoholizada-y-con-vtv-falsa-en-un-control-vial\/","url":"https:\/\/alberdi.uno\/index.php\/2026\/04\/23\/obera-demoraron-a-una-conductora-alcoholizada-y-con-vtv-falsa-en-un-control-vial\/","name":"Ober\u00e1: demoraron a una conductora alcoholizada y con VTV falsa en un control vial - Alberdi .UNO - Red Misiones.uno","isPartOf":{"@id":"https:\/\/alberdi.uno\/#website"},"primaryImageOfPage":{"@id":"https:\/\/alberdi.uno\/index.php\/2026\/04\/23\/obera-demoraron-a-una-conductora-alcoholizada-y-con-vtv-falsa-en-un-control-vial\/#primaryimage"},"image":{"@id":"https:\/\/alberdi.uno\/index.php\/2026\/04\/23\/obera-demoraron-a-una-conductora-alcoholizada-y-con-vtv-falsa-en-un-control-vial\/#primaryimage"},"thumbnailUrl":"https:\/\/alberdi.uno\/wp-content\/uploads\/2026\/04\/poli2-216.jpg","datePublished":"2026-04-23T15:51:29+00:00","author":{"@id":"https:\/\/alberdi.uno\/#\/schema\/person\/7af09aba735a9b91f78556601849d2c6"},"breadcrumb":{"@id":"https:\/\/alberdi.uno\/index.php\/2026\/04\/23\/obera-demoraron-a-una-conductora-alcoholizada-y-con-vtv-falsa-en-un-control-vial\/#breadcrumb"},"inLanguage":"es-AR","potentialAction":[{"@type":"ReadAction","target":["https:\/\/alberdi.uno\/index.php\/2026\/04\/23\/obera-demoraron-a-una-conductora-alcoholizada-y-con-vtv-falsa-en-un-control-vial\/"]}]},{"@type":"ImageObject","inLanguage":"es-AR","@id":"https:\/\/alberdi.uno\/index.php\/2026\/04\/23\/obera-demoraron-a-una-conductora-alcoholizada-y-con-vtv-falsa-en-un-control-vial\/#primaryimage","url":"https:\/\/alberdi.uno\/wp-content\/uploads\/2026\/04\/poli2-216.jpg","contentUrl":"https:\/\/alberdi.uno\/wp-content\/uploads\/2026\/04\/poli2-216.jpg","width":640,"height":853},{"@type":"BreadcrumbList","@id":"https:\/\/alberdi.uno\/index.php\/2026\/04\/23\/obera-demoraron-a-una-conductora-alcoholizada-y-con-vtv-falsa-en-un-control-vial\/#breadcrumb","itemListElement":[{"@type":"ListItem","position":1,"name":"Inicio","item":"https:\/\/alberdi.uno\/"},{"@type":"ListItem","position":2,"name":"Ober\u00e1: demoraron a una conductora alcoholizada y con VTV falsa en un control vial"}]},{"@type":"WebSite","@id":"https:\/\/alberdi.uno\/#website","url":"https:\/\/alberdi.uno\/","name":"Alberdi .UNO - Red Misiones.uno","description":"Noticias de Colonia Alberdi","potentialAction":[{"@type":"SearchAction","target":{"@type":"EntryPoint","urlTemplate":"https:\/\/alberdi.uno\/?s={search_term_string}"},"query-input":{"@type":"PropertyValueSpecification","valueRequired":true,"valueName":"search_term_string"}}],"inLanguage":"es-AR"},{"@type":"Person","@id":"https:\/\/alberdi.uno\/#\/schema\/person\/7af09aba735a9b91f78556601849d2c6","name":"admin","image":{"@type":"ImageObject","inLanguage":"es-AR","@id":"https:\/\/alberdi.uno\/#\/schema\/person\/image\/","url":"https:\/\/secure.gravatar.com\/avatar\/988cc68d97727f2265e15e4e04f35d45d93f5493d81192c37b6fcdf6407dba8c?s=96&d=mm&r=g","contentUrl":"https:\/\/secure.gravatar.com\/avatar\/988cc68d97727f2265e15e4e04f35d45d93f5493d81192c37b6fcdf6407dba8c?s=96&d=mm&r=g","caption":"admin"},"sameAs":["http:\/\/alberdi.uno"],"url":"https:\/\/alberdi.uno\/index.php\/author\/admin\/"}]}},"_links":{"self":[{"href":"https:\/\/alberdi.uno\/index.php\/wp-json\/wp\/v2\/posts\/1474","targetHints":{"allow":["GET"]}}],"collection":[{"href":"https:\/\/alberdi.uno\/index.php\/wp-json\/wp\/v2\/posts"}],"about":[{"href":"https:\/\/alberdi.uno\/index.php\/wp-json\/wp\/v2\/types\/post"}],"author":[{"embeddable":true,"href":"https:\/\/alberdi.uno\/index.php\/wp-json\/wp\/v2\/users\/1"}],"replies":[{"embeddable":true,"href":"https:\/\/alberdi.uno\/index.php\/wp-json\/wp\/v2\/comments?post=1474"}],"version-history":[{"count":0,"href":"https:\/\/alberdi.uno\/index.php\/wp-json\/wp\/v2\/posts\/1474\/revisions"}],"wp:featuredmedia":[{"embeddable":true,"href":"https:\/\/alberdi.uno\/index.php\/wp-json\/wp\/v2\/media\/1475"}],"wp:attachment":[{"href":"https:\/\/alberdi.uno\/index.php\/wp-json\/wp\/v2\/media?parent=1474"}],"wp:term":[{"taxonomy":"category","embeddable":true,"href":"https:\/\/alberdi.uno\/index.php\/wp-json\/wp\/v2\/categories?post=1474"},{"taxonomy":"post_tag","embeddable":true,"href":"https:\/\/alberdi.uno\/index.php\/wp-json\/wp\/v2\/tags?post=1474"}],"curies":[{"name":"wp","href":"https:\/\/api.w.org\/{rel}","templated":true}]}}