{"id":1464,"date":"2026-04-20T18:01:42","date_gmt":"2026-04-20T21:01:42","guid":{"rendered":"https:\/\/alberdi.uno\/index.php\/2026\/04\/20\/obera-asistieron-a-un-hombre-no-vidente-tras-descompensarse-en-un-comercio\/"},"modified":"2026-04-20T18:01:42","modified_gmt":"2026-04-20T21:01:42","slug":"obera-asistieron-a-un-hombre-no-vidente-tras-descompensarse-en-un-comercio","status":"publish","type":"post","link":"https:\/\/alberdi.uno\/index.php\/2026\/04\/20\/obera-asistieron-a-un-hombre-no-vidente-tras-descompensarse-en-un-comercio\/","title":{"rendered":"Ober\u00e1: asistieron a un hombre no vidente tras descompensarse en un comercio"},"content":{"rendered":"<div>\n<div>\n<p><strong><a href=\"https:\/\/agenciamisiones.uno\/\">AGENCIA MISIONES.UNO<\/a> | Un hombre de 67 a\u00f1os fue asistido por efectivos policiales y personal de salud luego de descompensarse en el interior de un local comercial sobre la avenida Sarmiento de Ober\u00e1. El r\u00e1pido accionar permiti\u00f3 brindarle atenci\u00f3n inmediata y trasladarlo a un centro de salud.<\/strong><\/p>\n<p>El hecho se registr\u00f3 cerca de las 9:30, cuando a trav\u00e9s de un aviso al sistema de emergencias 911 se alert\u00f3 sobre una persona desvanecida en el lugar. De inmediato, una comisi\u00f3n policial acudi\u00f3 junto a profesionales de la Divisi\u00f3n Servicios Sociales, quienes intervinieron en la asistencia.<\/p>\n<p>Al arribar, los uniformados brindaron primeros auxilios y contenci\u00f3n al hombre, identificado como Miguel \u00c1ngel S., quien es no vidente. Seg\u00fan se pudo establecer, la descompensaci\u00f3n habr\u00eda estado vinculada a una reciente extracci\u00f3n dental.<\/p>\n<p>Una vez estabilizado, fue trasladado por personal de emergencias hacia un centro de salud para una mejor atenci\u00f3n y evaluaci\u00f3n m\u00e9dica, donde qued\u00f3 en observaci\u00f3n.<\/p>\n<p><img decoding=\"async\" class=\"aligncenter size-full wp-image-8721\" src=\"https:\/\/alberdi.uno\/wp-content\/uploads\/2026\/04\/obera3-3-1.jpg\" alt=\"\" width=\"640\" height=\"853\" srcset=\"https:\/\/agenciamisiones.uno\/wp-content\/uploads\/2026\/04\/obera3-3-200x267.jpg 200w, https:\/\/agenciamisiones.uno\/wp-content\/uploads\/2026\/04\/obera3-3-225x300.jpg 225w, https:\/\/agenciamisiones.uno\/wp-content\/uploads\/2026\/04\/obera3-3-400x533.jpg 400w, https:\/\/agenciamisiones.uno\/wp-content\/uploads\/2026\/04\/obera3-3-600x800.jpg 600w, https:\/\/alberdi.uno\/wp-content\/uploads\/2026\/04\/obera3-3-1.jpg 640w\" sizes=\"(max-width: 640px) 100vw, 640px\"> <img decoding=\"async\" class=\"aligncenter size-full wp-image-8722\" src=\"https:\/\/alberdi.uno\/wp-content\/uploads\/2026\/04\/obera2-6.jpg\" alt=\"\" width=\"640\" height=\"853\" srcset=\"https:\/\/agenciamisiones.uno\/wp-content\/uploads\/2026\/04\/obera2-6-200x267.jpg 200w, https:\/\/agenciamisiones.uno\/wp-content\/uploads\/2026\/04\/obera2-6-225x300.jpg 225w, https:\/\/agenciamisiones.uno\/wp-content\/uploads\/2026\/04\/obera2-6-400x533.jpg 400w, https:\/\/agenciamisiones.uno\/wp-content\/uploads\/2026\/04\/obera2-6-600x800.jpg 600w, https:\/\/alberdi.uno\/wp-content\/uploads\/2026\/04\/obera2-6.jpg 640w\" sizes=\"(max-width: 640px) 100vw, 640px\"> <img decoding=\"async\" class=\"aligncenter size-full wp-image-8723\" src=\"https:\/\/alberdi.uno\/wp-content\/uploads\/2026\/04\/obera1-6.jpg\" alt=\"\" width=\"640\" height=\"853\" srcset=\"https:\/\/agenciamisiones.uno\/wp-content\/uploads\/2026\/04\/obera1-6-200x267.jpg 200w, https:\/\/agenciamisiones.uno\/wp-content\/uploads\/2026\/04\/obera1-6-225x300.jpg 225w, https:\/\/agenciamisiones.uno\/wp-content\/uploads\/2026\/04\/obera1-6-400x533.jpg 400w, https:\/\/agenciamisiones.uno\/wp-content\/uploads\/2026\/04\/obera1-6-600x800.jpg 600w, https:\/\/alberdi.uno\/wp-content\/uploads\/2026\/04\/obera1-6.jpg 640w\" sizes=\"(max-width: 640px) 100vw, 640px\"><\/p>\n<p>Fuente: <a href=\"https:\/\/agenciamisiones.uno\/\">Agencia Misiones.uno<\/a>.<\/p>\n<\/div>\n<\/div>\n","protected":false},"excerpt":{"rendered":"<p>AGENCIA MISIONES.UNO | Un hombre de 67 a\u00f1os fue asistido  [&#8230;]<\/p>\n","protected":false},"author":1,"featured_media":1465,"comment_status":"closed","ping_status":"closed","sticky":false,"template":"","format":"standard","meta":{"fifu_image_url":"","fifu_image_alt":"","footnotes":""},"categories":[18,23,152,153],"tags":[],"class_list":["post-1464","post","type-post","status-publish","format-standard","has-post-thumbnail","hentry","category-obera","category-policia-de-misiones","category-red-obera","category-seguridad"],"acf":[],"yoast_head":"<!-- This site is optimized with the Yoast SEO plugin v26.7 - https:\/\/yoast.com\/wordpress\/plugins\/seo\/ -->\n<title>Ober\u00e1: asistieron a un hombre no vidente tras descompensarse en un comercio - Alberdi .UNO - Red Misiones.uno<\/title>\n<meta name=\"robots\" content=\"index, follow, max-snippet:-1, max-image-preview:large, max-video-preview:-1\" \/>\n<link rel=\"canonical\" href=\"https:\/\/alberdi.uno\/index.php\/2026\/04\/20\/obera-asistieron-a-un-hombre-no-vidente-tras-descompensarse-en-un-comercio\/\" \/>\n<meta property=\"og:locale\" content=\"es_ES\" \/>\n<meta property=\"og:type\" content=\"article\" \/>\n<meta property=\"og:title\" content=\"Ober\u00e1: asistieron a un hombre no vidente tras descompensarse en un comercio - Alberdi .UNO - Red Misiones.uno\" \/>\n<meta property=\"og:description\" content=\"AGENCIA MISIONES.UNO | Un hombre de 67 a\u00f1os fue asistido [...]\" \/>\n<meta property=\"og:url\" content=\"https:\/\/alberdi.uno\/index.php\/2026\/04\/20\/obera-asistieron-a-un-hombre-no-vidente-tras-descompensarse-en-un-comercio\/\" \/>\n<meta property=\"og:site_name\" content=\"Alberdi .UNO - Red Misiones.uno\" \/>\n<meta property=\"article:published_time\" content=\"2026-04-20T21:01:42+00:00\" \/>\n<meta name=\"author\" content=\"admin\" \/>\n<meta name=\"twitter:card\" content=\"summary_large_image\" \/>\n<meta name=\"twitter:label1\" content=\"Escrito por\" \/>\n\t<meta name=\"twitter:data1\" content=\"admin\" \/>\n\t<meta name=\"twitter:label2\" content=\"Tiempo de lectura\" \/>\n\t<meta name=\"twitter:data2\" content=\"1 minuto\" \/>\n<script type=\"application\/ld+json\" class=\"yoast-schema-graph\">{\"@context\":\"https:\/\/schema.org\",\"@graph\":[{\"@type\":\"Article\",\"@id\":\"https:\/\/alberdi.uno\/index.php\/2026\/04\/20\/obera-asistieron-a-un-hombre-no-vidente-tras-descompensarse-en-un-comercio\/#article\",\"isPartOf\":{\"@id\":\"https:\/\/alberdi.uno\/index.php\/2026\/04\/20\/obera-asistieron-a-un-hombre-no-vidente-tras-descompensarse-en-un-comercio\/\"},\"author\":{\"name\":\"admin\",\"@id\":\"https:\/\/alberdi.uno\/#\/schema\/person\/7af09aba735a9b91f78556601849d2c6\"},\"headline\":\"Ober\u00e1: asistieron a un hombre no vidente tras descompensarse en un comercio\",\"datePublished\":\"2026-04-20T21:01:42+00:00\",\"mainEntityOfPage\":{\"@id\":\"https:\/\/alberdi.uno\/index.php\/2026\/04\/20\/obera-asistieron-a-un-hombre-no-vidente-tras-descompensarse-en-un-comercio\/\"},\"wordCount\":181,\"image\":{\"@id\":\"https:\/\/alberdi.uno\/index.php\/2026\/04\/20\/obera-asistieron-a-un-hombre-no-vidente-tras-descompensarse-en-un-comercio\/#primaryimage\"},\"thumbnailUrl\":\"https:\/\/alberdi.uno\/wp-content\/uploads\/2026\/04\/obera4-1.jpg\",\"articleSection\":[\"Ober\u00e1\",\"Polic\u00eda de Misiones\",\"Red Ober\u00e1\",\"Seguridad\"],\"inLanguage\":\"es-AR\"},{\"@type\":\"WebPage\",\"@id\":\"https:\/\/alberdi.uno\/index.php\/2026\/04\/20\/obera-asistieron-a-un-hombre-no-vidente-tras-descompensarse-en-un-comercio\/\",\"url\":\"https:\/\/alberdi.uno\/index.php\/2026\/04\/20\/obera-asistieron-a-un-hombre-no-vidente-tras-descompensarse-en-un-comercio\/\",\"name\":\"Ober\u00e1: asistieron a un hombre no vidente tras descompensarse en un comercio - Alberdi .UNO - Red Misiones.uno\",\"isPartOf\":{\"@id\":\"https:\/\/alberdi.uno\/#website\"},\"primaryImageOfPage\":{\"@id\":\"https:\/\/alberdi.uno\/index.php\/2026\/04\/20\/obera-asistieron-a-un-hombre-no-vidente-tras-descompensarse-en-un-comercio\/#primaryimage\"},\"image\":{\"@id\":\"https:\/\/alberdi.uno\/index.php\/2026\/04\/20\/obera-asistieron-a-un-hombre-no-vidente-tras-descompensarse-en-un-comercio\/#primaryimage\"},\"thumbnailUrl\":\"https:\/\/alberdi.uno\/wp-content\/uploads\/2026\/04\/obera4-1.jpg\",\"datePublished\":\"2026-04-20T21:01:42+00:00\",\"author\":{\"@id\":\"https:\/\/alberdi.uno\/#\/schema\/person\/7af09aba735a9b91f78556601849d2c6\"},\"breadcrumb\":{\"@id\":\"https:\/\/alberdi.uno\/index.php\/2026\/04\/20\/obera-asistieron-a-un-hombre-no-vidente-tras-descompensarse-en-un-comercio\/#breadcrumb\"},\"inLanguage\":\"es-AR\",\"potentialAction\":[{\"@type\":\"ReadAction\",\"target\":[\"https:\/\/alberdi.uno\/index.php\/2026\/04\/20\/obera-asistieron-a-un-hombre-no-vidente-tras-descompensarse-en-un-comercio\/\"]}]},{\"@type\":\"ImageObject\",\"inLanguage\":\"es-AR\",\"@id\":\"https:\/\/alberdi.uno\/index.php\/2026\/04\/20\/obera-asistieron-a-un-hombre-no-vidente-tras-descompensarse-en-un-comercio\/#primaryimage\",\"url\":\"https:\/\/alberdi.uno\/wp-content\/uploads\/2026\/04\/obera4-1.jpg\",\"contentUrl\":\"https:\/\/alberdi.uno\/wp-content\/uploads\/2026\/04\/obera4-1.jpg\",\"width\":640,\"height\":853},{\"@type\":\"BreadcrumbList\",\"@id\":\"https:\/\/alberdi.uno\/index.php\/2026\/04\/20\/obera-asistieron-a-un-hombre-no-vidente-tras-descompensarse-en-un-comercio\/#breadcrumb\",\"itemListElement\":[{\"@type\":\"ListItem\",\"position\":1,\"name\":\"Inicio\",\"item\":\"https:\/\/alberdi.uno\/\"},{\"@type\":\"ListItem\",\"position\":2,\"name\":\"Ober\u00e1: asistieron a un hombre no vidente tras descompensarse en un comercio\"}]},{\"@type\":\"WebSite\",\"@id\":\"https:\/\/alberdi.uno\/#website\",\"url\":\"https:\/\/alberdi.uno\/\",\"name\":\"Alberdi .UNO - Red Misiones.uno\",\"description\":\"Noticias de Colonia Alberdi\",\"potentialAction\":[{\"@type\":\"SearchAction\",\"target\":{\"@type\":\"EntryPoint\",\"urlTemplate\":\"https:\/\/alberdi.uno\/?s={search_term_string}\"},\"query-input\":{\"@type\":\"PropertyValueSpecification\",\"valueRequired\":true,\"valueName\":\"search_term_string\"}}],\"inLanguage\":\"es-AR\"},{\"@type\":\"Person\",\"@id\":\"https:\/\/alberdi.uno\/#\/schema\/person\/7af09aba735a9b91f78556601849d2c6\",\"name\":\"admin\",\"image\":{\"@type\":\"ImageObject\",\"inLanguage\":\"es-AR\",\"@id\":\"https:\/\/alberdi.uno\/#\/schema\/person\/image\/\",\"url\":\"https:\/\/secure.gravatar.com\/avatar\/988cc68d97727f2265e15e4e04f35d45d93f5493d81192c37b6fcdf6407dba8c?s=96&d=mm&r=g\",\"contentUrl\":\"https:\/\/secure.gravatar.com\/avatar\/988cc68d97727f2265e15e4e04f35d45d93f5493d81192c37b6fcdf6407dba8c?s=96&d=mm&r=g\",\"caption\":\"admin\"},\"sameAs\":[\"http:\/\/alberdi.uno\"],\"url\":\"https:\/\/alberdi.uno\/index.php\/author\/admin\/\"}]}<\/script>\n<!-- \/ Yoast SEO plugin. -->","yoast_head_json":{"title":"Ober\u00e1: asistieron a un hombre no vidente tras descompensarse en un comercio - Alberdi .UNO - Red Misiones.uno","robots":{"index":"index","follow":"follow","max-snippet":"max-snippet:-1","max-image-preview":"max-image-preview:large","max-video-preview":"max-video-preview:-1"},"canonical":"https:\/\/alberdi.uno\/index.php\/2026\/04\/20\/obera-asistieron-a-un-hombre-no-vidente-tras-descompensarse-en-un-comercio\/","og_locale":"es_ES","og_type":"article","og_title":"Ober\u00e1: asistieron a un hombre no vidente tras descompensarse en un comercio - Alberdi .UNO - Red Misiones.uno","og_description":"AGENCIA MISIONES.UNO | Un hombre de 67 a\u00f1os fue asistido [...]","og_url":"https:\/\/alberdi.uno\/index.php\/2026\/04\/20\/obera-asistieron-a-un-hombre-no-vidente-tras-descompensarse-en-un-comercio\/","og_site_name":"Alberdi .UNO - Red Misiones.uno","article_published_time":"2026-04-20T21:01:42+00:00","author":"admin","twitter_card":"summary_large_image","twitter_misc":{"Escrito por":"admin","Tiempo de lectura":"1 minuto"},"schema":{"@context":"https:\/\/schema.org","@graph":[{"@type":"Article","@id":"https:\/\/alberdi.uno\/index.php\/2026\/04\/20\/obera-asistieron-a-un-hombre-no-vidente-tras-descompensarse-en-un-comercio\/#article","isPartOf":{"@id":"https:\/\/alberdi.uno\/index.php\/2026\/04\/20\/obera-asistieron-a-un-hombre-no-vidente-tras-descompensarse-en-un-comercio\/"},"author":{"name":"admin","@id":"https:\/\/alberdi.uno\/#\/schema\/person\/7af09aba735a9b91f78556601849d2c6"},"headline":"Ober\u00e1: asistieron a un hombre no vidente tras descompensarse en un comercio","datePublished":"2026-04-20T21:01:42+00:00","mainEntityOfPage":{"@id":"https:\/\/alberdi.uno\/index.php\/2026\/04\/20\/obera-asistieron-a-un-hombre-no-vidente-tras-descompensarse-en-un-comercio\/"},"wordCount":181,"image":{"@id":"https:\/\/alberdi.uno\/index.php\/2026\/04\/20\/obera-asistieron-a-un-hombre-no-vidente-tras-descompensarse-en-un-comercio\/#primaryimage"},"thumbnailUrl":"https:\/\/alberdi.uno\/wp-content\/uploads\/2026\/04\/obera4-1.jpg","articleSection":["Ober\u00e1","Polic\u00eda de Misiones","Red Ober\u00e1","Seguridad"],"inLanguage":"es-AR"},{"@type":"WebPage","@id":"https:\/\/alberdi.uno\/index.php\/2026\/04\/20\/obera-asistieron-a-un-hombre-no-vidente-tras-descompensarse-en-un-comercio\/","url":"https:\/\/alberdi.uno\/index.php\/2026\/04\/20\/obera-asistieron-a-un-hombre-no-vidente-tras-descompensarse-en-un-comercio\/","name":"Ober\u00e1: asistieron a un hombre no vidente tras descompensarse en un comercio - Alberdi .UNO - Red Misiones.uno","isPartOf":{"@id":"https:\/\/alberdi.uno\/#website"},"primaryImageOfPage":{"@id":"https:\/\/alberdi.uno\/index.php\/2026\/04\/20\/obera-asistieron-a-un-hombre-no-vidente-tras-descompensarse-en-un-comercio\/#primaryimage"},"image":{"@id":"https:\/\/alberdi.uno\/index.php\/2026\/04\/20\/obera-asistieron-a-un-hombre-no-vidente-tras-descompensarse-en-un-comercio\/#primaryimage"},"thumbnailUrl":"https:\/\/alberdi.uno\/wp-content\/uploads\/2026\/04\/obera4-1.jpg","datePublished":"2026-04-20T21:01:42+00:00","author":{"@id":"https:\/\/alberdi.uno\/#\/schema\/person\/7af09aba735a9b91f78556601849d2c6"},"breadcrumb":{"@id":"https:\/\/alberdi.uno\/index.php\/2026\/04\/20\/obera-asistieron-a-un-hombre-no-vidente-tras-descompensarse-en-un-comercio\/#breadcrumb"},"inLanguage":"es-AR","potentialAction":[{"@type":"ReadAction","target":["https:\/\/alberdi.uno\/index.php\/2026\/04\/20\/obera-asistieron-a-un-hombre-no-vidente-tras-descompensarse-en-un-comercio\/"]}]},{"@type":"ImageObject","inLanguage":"es-AR","@id":"https:\/\/alberdi.uno\/index.php\/2026\/04\/20\/obera-asistieron-a-un-hombre-no-vidente-tras-descompensarse-en-un-comercio\/#primaryimage","url":"https:\/\/alberdi.uno\/wp-content\/uploads\/2026\/04\/obera4-1.jpg","contentUrl":"https:\/\/alberdi.uno\/wp-content\/uploads\/2026\/04\/obera4-1.jpg","width":640,"height":853},{"@type":"BreadcrumbList","@id":"https:\/\/alberdi.uno\/index.php\/2026\/04\/20\/obera-asistieron-a-un-hombre-no-vidente-tras-descompensarse-en-un-comercio\/#breadcrumb","itemListElement":[{"@type":"ListItem","position":1,"name":"Inicio","item":"https:\/\/alberdi.uno\/"},{"@type":"ListItem","position":2,"name":"Ober\u00e1: asistieron a un hombre no vidente tras descompensarse en un comercio"}]},{"@type":"WebSite","@id":"https:\/\/alberdi.uno\/#website","url":"https:\/\/alberdi.uno\/","name":"Alberdi .UNO - Red Misiones.uno","description":"Noticias de Colonia Alberdi","potentialAction":[{"@type":"SearchAction","target":{"@type":"EntryPoint","urlTemplate":"https:\/\/alberdi.uno\/?s={search_term_string}"},"query-input":{"@type":"PropertyValueSpecification","valueRequired":true,"valueName":"search_term_string"}}],"inLanguage":"es-AR"},{"@type":"Person","@id":"https:\/\/alberdi.uno\/#\/schema\/person\/7af09aba735a9b91f78556601849d2c6","name":"admin","image":{"@type":"ImageObject","inLanguage":"es-AR","@id":"https:\/\/alberdi.uno\/#\/schema\/person\/image\/","url":"https:\/\/secure.gravatar.com\/avatar\/988cc68d97727f2265e15e4e04f35d45d93f5493d81192c37b6fcdf6407dba8c?s=96&d=mm&r=g","contentUrl":"https:\/\/secure.gravatar.com\/avatar\/988cc68d97727f2265e15e4e04f35d45d93f5493d81192c37b6fcdf6407dba8c?s=96&d=mm&r=g","caption":"admin"},"sameAs":["http:\/\/alberdi.uno"],"url":"https:\/\/alberdi.uno\/index.php\/author\/admin\/"}]}},"_links":{"self":[{"href":"https:\/\/alberdi.uno\/index.php\/wp-json\/wp\/v2\/posts\/1464","targetHints":{"allow":["GET"]}}],"collection":[{"href":"https:\/\/alberdi.uno\/index.php\/wp-json\/wp\/v2\/posts"}],"about":[{"href":"https:\/\/alberdi.uno\/index.php\/wp-json\/wp\/v2\/types\/post"}],"author":[{"embeddable":true,"href":"https:\/\/alberdi.uno\/index.php\/wp-json\/wp\/v2\/users\/1"}],"replies":[{"embeddable":true,"href":"https:\/\/alberdi.uno\/index.php\/wp-json\/wp\/v2\/comments?post=1464"}],"version-history":[{"count":0,"href":"https:\/\/alberdi.uno\/index.php\/wp-json\/wp\/v2\/posts\/1464\/revisions"}],"wp:featuredmedia":[{"embeddable":true,"href":"https:\/\/alberdi.uno\/index.php\/wp-json\/wp\/v2\/media\/1465"}],"wp:attachment":[{"href":"https:\/\/alberdi.uno\/index.php\/wp-json\/wp\/v2\/media?parent=1464"}],"wp:term":[{"taxonomy":"category","embeddable":true,"href":"https:\/\/alberdi.uno\/index.php\/wp-json\/wp\/v2\/categories?post=1464"},{"taxonomy":"post_tag","embeddable":true,"href":"https:\/\/alberdi.uno\/index.php\/wp-json\/wp\/v2\/tags?post=1464"}],"curies":[{"name":"wp","href":"https:\/\/api.w.org\/{rel}","templated":true}]}}