{"id":1449,"date":"2026-04-20T00:10:28","date_gmt":"2026-04-20T03:10:28","guid":{"rendered":"https:\/\/alberdi.uno\/index.php\/2026\/04\/20\/obera-rescataron-a-un-perro-que-habia-caido-en-un-pozo-tras-un-alerta-vecinal\/"},"modified":"2026-04-20T00:10:28","modified_gmt":"2026-04-20T03:10:28","slug":"obera-rescataron-a-un-perro-que-habia-caido-en-un-pozo-tras-un-alerta-vecinal","status":"publish","type":"post","link":"https:\/\/alberdi.uno\/index.php\/2026\/04\/20\/obera-rescataron-a-un-perro-que-habia-caido-en-un-pozo-tras-un-alerta-vecinal\/","title":{"rendered":"Ober\u00e1: rescataron a un perro que hab\u00eda ca\u00eddo en un pozo tras un alerta vecinal"},"content":{"rendered":"<div>\n<div>\n<p><strong>AGENCIA MISIONES.UNO | Un operativo policial permiti\u00f3 salvar a un perro que hab\u00eda quedado atrapado en una excavaci\u00f3n en la zona de Picada Argentina, luego de que vecinos dieran aviso al 911.<\/strong><\/p>\n<p>El hecho ocurri\u00f3 este domingo cerca de las 14 horas, cuando efectivos de la Divisi\u00f3n Comando Radioel\u00e9ctrico fueron comisionados al lugar tras recibir un llamado que alertaba sobre la situaci\u00f3n de un animal que hab\u00eda ca\u00eddo en un pozo.<\/p>\n<p>Al arribar, los uniformados constataron que el perro se encontraba atrapado en el interior de la excavaci\u00f3n, sin posibilidad de salir por sus propios medios. Ante esta situaci\u00f3n, iniciaron un operativo de rescate que permiti\u00f3 extraerlo de manera segura.<\/p>\n<p>Seg\u00fan informaron, el animal no presentaba lesiones visibles y fue asistido en el lugar. Posteriormente, fue trasladado a la Comisar\u00eda Seccional Quinta de Ober\u00e1, donde qued\u00f3 resguardado de forma preventiva mientras se intenta ubicar a su propietario.<\/p>\n<p> <img decoding=\"async\" class=\"aligncenter size-full wp-image-8555\" src=\"https:\/\/alberdi.uno\/wp-content\/uploads\/2026\/04\/poli4-28.jpg\" sizes=\"(max-width: 640px) 100vw, 640px\" srcset=\"https:\/\/agenciamisiones.uno\/wp-content\/uploads\/2026\/04\/poli4-28-200x267.jpg 200w, https:\/\/agenciamisiones.uno\/wp-content\/uploads\/2026\/04\/poli4-28-225x300.jpg 225w, https:\/\/agenciamisiones.uno\/wp-content\/uploads\/2026\/04\/poli4-28-400x533.jpg 400w, https:\/\/agenciamisiones.uno\/wp-content\/uploads\/2026\/04\/poli4-28-600x800.jpg 600w, https:\/\/alberdi.uno\/wp-content\/uploads\/2026\/04\/poli4-28.jpg 640w\" alt=\"\" width=\"640\" height=\"853\"> <img decoding=\"async\" class=\"aligncenter size-full wp-image-8556\" src=\"https:\/\/alberdi.uno\/wp-content\/uploads\/2026\/04\/poli3-58.jpg\" sizes=\"(max-width: 640px) 100vw, 640px\" srcset=\"https:\/\/agenciamisiones.uno\/wp-content\/uploads\/2026\/04\/poli3-58-200x267.jpg 200w, https:\/\/agenciamisiones.uno\/wp-content\/uploads\/2026\/04\/poli3-58-225x300.jpg 225w, https:\/\/agenciamisiones.uno\/wp-content\/uploads\/2026\/04\/poli3-58-400x533.jpg 400w, https:\/\/agenciamisiones.uno\/wp-content\/uploads\/2026\/04\/poli3-58-600x800.jpg 600w, https:\/\/alberdi.uno\/wp-content\/uploads\/2026\/04\/poli3-58.jpg 640w\" alt=\"\" width=\"640\" height=\"853\"> <img decoding=\"async\" class=\"aligncenter size-full wp-image-8557\" src=\"https:\/\/alberdi.uno\/wp-content\/uploads\/2026\/04\/poli2-183.jpg\" sizes=\"(max-width: 640px) 100vw, 640px\" srcset=\"https:\/\/agenciamisiones.uno\/wp-content\/uploads\/2026\/04\/poli2-183-200x267.jpg 200w, https:\/\/agenciamisiones.uno\/wp-content\/uploads\/2026\/04\/poli2-183-225x300.jpg 225w, https:\/\/agenciamisiones.uno\/wp-content\/uploads\/2026\/04\/poli2-183-400x533.jpg 400w, https:\/\/agenciamisiones.uno\/wp-content\/uploads\/2026\/04\/poli2-183-600x800.jpg 600w, https:\/\/alberdi.uno\/wp-content\/uploads\/2026\/04\/poli2-183.jpg 640w\" alt=\"\" width=\"640\" height=\"853\"> <img decoding=\"async\" class=\"aligncenter size-full wp-image-8558\" src=\"https:\/\/alberdi.uno\/wp-content\/uploads\/2026\/04\/poli1-189.jpg\" sizes=\"(max-width: 640px) 100vw, 640px\" srcset=\"https:\/\/agenciamisiones.uno\/wp-content\/uploads\/2026\/04\/poli1-189-200x267.jpg 200w, https:\/\/agenciamisiones.uno\/wp-content\/uploads\/2026\/04\/poli1-189-225x300.jpg 225w, https:\/\/agenciamisiones.uno\/wp-content\/uploads\/2026\/04\/poli1-189-400x533.jpg 400w, https:\/\/agenciamisiones.uno\/wp-content\/uploads\/2026\/04\/poli1-189-600x800.jpg 600w, https:\/\/alberdi.uno\/wp-content\/uploads\/2026\/04\/poli1-189.jpg 640w\" alt=\"\" width=\"640\" height=\"853\"><\/p>\n<p>Fuente: <a href=\"https:\/\/agenciamisiones.uno\/\">Agencia Misiones.uno<\/a>.<\/p>\n<\/div>\n<\/div>\n","protected":false},"excerpt":{"rendered":"<p>AGENCIA MISIONES.UNO | Un operativo policial permiti\u00f3 salvar a un  [&#8230;]<\/p>\n","protected":false},"author":1,"featured_media":1450,"comment_status":"closed","ping_status":"closed","sticky":false,"template":"","format":"standard","meta":{"fifu_image_url":"","fifu_image_alt":"","footnotes":""},"categories":[18,23,152,153],"tags":[],"class_list":["post-1449","post","type-post","status-publish","format-standard","has-post-thumbnail","hentry","category-obera","category-policia-de-misiones","category-red-obera","category-seguridad"],"acf":[],"yoast_head":"<!-- This site is optimized with the Yoast SEO plugin v26.7 - https:\/\/yoast.com\/wordpress\/plugins\/seo\/ -->\n<title>Ober\u00e1: rescataron a un perro que hab\u00eda ca\u00eddo en un pozo tras un alerta vecinal - Alberdi .UNO - Red Misiones.uno<\/title>\n<meta name=\"robots\" content=\"index, follow, max-snippet:-1, max-image-preview:large, max-video-preview:-1\" \/>\n<link rel=\"canonical\" href=\"https:\/\/alberdi.uno\/index.php\/2026\/04\/20\/obera-rescataron-a-un-perro-que-habia-caido-en-un-pozo-tras-un-alerta-vecinal\/\" \/>\n<meta property=\"og:locale\" content=\"es_ES\" \/>\n<meta property=\"og:type\" content=\"article\" \/>\n<meta property=\"og:title\" content=\"Ober\u00e1: rescataron a un perro que hab\u00eda ca\u00eddo en un pozo tras un alerta vecinal - Alberdi .UNO - Red Misiones.uno\" \/>\n<meta property=\"og:description\" content=\"AGENCIA MISIONES.UNO | Un operativo policial permiti\u00f3 salvar a un [...]\" \/>\n<meta property=\"og:url\" content=\"https:\/\/alberdi.uno\/index.php\/2026\/04\/20\/obera-rescataron-a-un-perro-que-habia-caido-en-un-pozo-tras-un-alerta-vecinal\/\" \/>\n<meta property=\"og:site_name\" content=\"Alberdi .UNO - Red Misiones.uno\" \/>\n<meta property=\"article:published_time\" content=\"2026-04-20T03:10:28+00:00\" \/>\n<meta name=\"author\" content=\"admin\" \/>\n<meta name=\"twitter:card\" content=\"summary_large_image\" \/>\n<meta name=\"twitter:label1\" content=\"Escrito por\" \/>\n\t<meta name=\"twitter:data1\" content=\"admin\" \/>\n\t<meta name=\"twitter:label2\" content=\"Tiempo de lectura\" \/>\n\t<meta name=\"twitter:data2\" content=\"1 minuto\" \/>\n<script type=\"application\/ld+json\" class=\"yoast-schema-graph\">{\"@context\":\"https:\/\/schema.org\",\"@graph\":[{\"@type\":\"Article\",\"@id\":\"https:\/\/alberdi.uno\/index.php\/2026\/04\/20\/obera-rescataron-a-un-perro-que-habia-caido-en-un-pozo-tras-un-alerta-vecinal\/#article\",\"isPartOf\":{\"@id\":\"https:\/\/alberdi.uno\/index.php\/2026\/04\/20\/obera-rescataron-a-un-perro-que-habia-caido-en-un-pozo-tras-un-alerta-vecinal\/\"},\"author\":{\"name\":\"admin\",\"@id\":\"https:\/\/alberdi.uno\/#\/schema\/person\/7af09aba735a9b91f78556601849d2c6\"},\"headline\":\"Ober\u00e1: rescataron a un perro que hab\u00eda ca\u00eddo en un pozo tras un alerta vecinal\",\"datePublished\":\"2026-04-20T03:10:28+00:00\",\"mainEntityOfPage\":{\"@id\":\"https:\/\/alberdi.uno\/index.php\/2026\/04\/20\/obera-rescataron-a-un-perro-que-habia-caido-en-un-pozo-tras-un-alerta-vecinal\/\"},\"wordCount\":177,\"image\":{\"@id\":\"https:\/\/alberdi.uno\/index.php\/2026\/04\/20\/obera-rescataron-a-un-perro-que-habia-caido-en-un-pozo-tras-un-alerta-vecinal\/#primaryimage\"},\"thumbnailUrl\":\"https:\/\/alberdi.uno\/wp-content\/uploads\/2026\/04\/POLI5-16.jpg\",\"articleSection\":[\"Ober\u00e1\",\"Polic\u00eda de Misiones\",\"Red Ober\u00e1\",\"Seguridad\"],\"inLanguage\":\"es-AR\"},{\"@type\":\"WebPage\",\"@id\":\"https:\/\/alberdi.uno\/index.php\/2026\/04\/20\/obera-rescataron-a-un-perro-que-habia-caido-en-un-pozo-tras-un-alerta-vecinal\/\",\"url\":\"https:\/\/alberdi.uno\/index.php\/2026\/04\/20\/obera-rescataron-a-un-perro-que-habia-caido-en-un-pozo-tras-un-alerta-vecinal\/\",\"name\":\"Ober\u00e1: rescataron a un perro que hab\u00eda ca\u00eddo en un pozo tras un alerta vecinal - Alberdi .UNO - Red Misiones.uno\",\"isPartOf\":{\"@id\":\"https:\/\/alberdi.uno\/#website\"},\"primaryImageOfPage\":{\"@id\":\"https:\/\/alberdi.uno\/index.php\/2026\/04\/20\/obera-rescataron-a-un-perro-que-habia-caido-en-un-pozo-tras-un-alerta-vecinal\/#primaryimage\"},\"image\":{\"@id\":\"https:\/\/alberdi.uno\/index.php\/2026\/04\/20\/obera-rescataron-a-un-perro-que-habia-caido-en-un-pozo-tras-un-alerta-vecinal\/#primaryimage\"},\"thumbnailUrl\":\"https:\/\/alberdi.uno\/wp-content\/uploads\/2026\/04\/POLI5-16.jpg\",\"datePublished\":\"2026-04-20T03:10:28+00:00\",\"author\":{\"@id\":\"https:\/\/alberdi.uno\/#\/schema\/person\/7af09aba735a9b91f78556601849d2c6\"},\"breadcrumb\":{\"@id\":\"https:\/\/alberdi.uno\/index.php\/2026\/04\/20\/obera-rescataron-a-un-perro-que-habia-caido-en-un-pozo-tras-un-alerta-vecinal\/#breadcrumb\"},\"inLanguage\":\"es-AR\",\"potentialAction\":[{\"@type\":\"ReadAction\",\"target\":[\"https:\/\/alberdi.uno\/index.php\/2026\/04\/20\/obera-rescataron-a-un-perro-que-habia-caido-en-un-pozo-tras-un-alerta-vecinal\/\"]}]},{\"@type\":\"ImageObject\",\"inLanguage\":\"es-AR\",\"@id\":\"https:\/\/alberdi.uno\/index.php\/2026\/04\/20\/obera-rescataron-a-un-perro-que-habia-caido-en-un-pozo-tras-un-alerta-vecinal\/#primaryimage\",\"url\":\"https:\/\/alberdi.uno\/wp-content\/uploads\/2026\/04\/POLI5-16.jpg\",\"contentUrl\":\"https:\/\/alberdi.uno\/wp-content\/uploads\/2026\/04\/POLI5-16.jpg\",\"width\":640,\"height\":853},{\"@type\":\"BreadcrumbList\",\"@id\":\"https:\/\/alberdi.uno\/index.php\/2026\/04\/20\/obera-rescataron-a-un-perro-que-habia-caido-en-un-pozo-tras-un-alerta-vecinal\/#breadcrumb\",\"itemListElement\":[{\"@type\":\"ListItem\",\"position\":1,\"name\":\"Inicio\",\"item\":\"https:\/\/alberdi.uno\/\"},{\"@type\":\"ListItem\",\"position\":2,\"name\":\"Ober\u00e1: rescataron a un perro que hab\u00eda ca\u00eddo en un pozo tras un alerta vecinal\"}]},{\"@type\":\"WebSite\",\"@id\":\"https:\/\/alberdi.uno\/#website\",\"url\":\"https:\/\/alberdi.uno\/\",\"name\":\"Alberdi .UNO - Red Misiones.uno\",\"description\":\"Noticias de Colonia Alberdi\",\"potentialAction\":[{\"@type\":\"SearchAction\",\"target\":{\"@type\":\"EntryPoint\",\"urlTemplate\":\"https:\/\/alberdi.uno\/?s={search_term_string}\"},\"query-input\":{\"@type\":\"PropertyValueSpecification\",\"valueRequired\":true,\"valueName\":\"search_term_string\"}}],\"inLanguage\":\"es-AR\"},{\"@type\":\"Person\",\"@id\":\"https:\/\/alberdi.uno\/#\/schema\/person\/7af09aba735a9b91f78556601849d2c6\",\"name\":\"admin\",\"image\":{\"@type\":\"ImageObject\",\"inLanguage\":\"es-AR\",\"@id\":\"https:\/\/alberdi.uno\/#\/schema\/person\/image\/\",\"url\":\"https:\/\/secure.gravatar.com\/avatar\/988cc68d97727f2265e15e4e04f35d45d93f5493d81192c37b6fcdf6407dba8c?s=96&d=mm&r=g\",\"contentUrl\":\"https:\/\/secure.gravatar.com\/avatar\/988cc68d97727f2265e15e4e04f35d45d93f5493d81192c37b6fcdf6407dba8c?s=96&d=mm&r=g\",\"caption\":\"admin\"},\"sameAs\":[\"http:\/\/alberdi.uno\"],\"url\":\"https:\/\/alberdi.uno\/index.php\/author\/admin\/\"}]}<\/script>\n<!-- \/ Yoast SEO plugin. -->","yoast_head_json":{"title":"Ober\u00e1: rescataron a un perro que hab\u00eda ca\u00eddo en un pozo tras un alerta vecinal - Alberdi .UNO - Red Misiones.uno","robots":{"index":"index","follow":"follow","max-snippet":"max-snippet:-1","max-image-preview":"max-image-preview:large","max-video-preview":"max-video-preview:-1"},"canonical":"https:\/\/alberdi.uno\/index.php\/2026\/04\/20\/obera-rescataron-a-un-perro-que-habia-caido-en-un-pozo-tras-un-alerta-vecinal\/","og_locale":"es_ES","og_type":"article","og_title":"Ober\u00e1: rescataron a un perro que hab\u00eda ca\u00eddo en un pozo tras un alerta vecinal - Alberdi .UNO - Red Misiones.uno","og_description":"AGENCIA MISIONES.UNO | Un operativo policial permiti\u00f3 salvar a un [...]","og_url":"https:\/\/alberdi.uno\/index.php\/2026\/04\/20\/obera-rescataron-a-un-perro-que-habia-caido-en-un-pozo-tras-un-alerta-vecinal\/","og_site_name":"Alberdi .UNO - Red Misiones.uno","article_published_time":"2026-04-20T03:10:28+00:00","author":"admin","twitter_card":"summary_large_image","twitter_misc":{"Escrito por":"admin","Tiempo de lectura":"1 minuto"},"schema":{"@context":"https:\/\/schema.org","@graph":[{"@type":"Article","@id":"https:\/\/alberdi.uno\/index.php\/2026\/04\/20\/obera-rescataron-a-un-perro-que-habia-caido-en-un-pozo-tras-un-alerta-vecinal\/#article","isPartOf":{"@id":"https:\/\/alberdi.uno\/index.php\/2026\/04\/20\/obera-rescataron-a-un-perro-que-habia-caido-en-un-pozo-tras-un-alerta-vecinal\/"},"author":{"name":"admin","@id":"https:\/\/alberdi.uno\/#\/schema\/person\/7af09aba735a9b91f78556601849d2c6"},"headline":"Ober\u00e1: rescataron a un perro que hab\u00eda ca\u00eddo en un pozo tras un alerta vecinal","datePublished":"2026-04-20T03:10:28+00:00","mainEntityOfPage":{"@id":"https:\/\/alberdi.uno\/index.php\/2026\/04\/20\/obera-rescataron-a-un-perro-que-habia-caido-en-un-pozo-tras-un-alerta-vecinal\/"},"wordCount":177,"image":{"@id":"https:\/\/alberdi.uno\/index.php\/2026\/04\/20\/obera-rescataron-a-un-perro-que-habia-caido-en-un-pozo-tras-un-alerta-vecinal\/#primaryimage"},"thumbnailUrl":"https:\/\/alberdi.uno\/wp-content\/uploads\/2026\/04\/POLI5-16.jpg","articleSection":["Ober\u00e1","Polic\u00eda de Misiones","Red Ober\u00e1","Seguridad"],"inLanguage":"es-AR"},{"@type":"WebPage","@id":"https:\/\/alberdi.uno\/index.php\/2026\/04\/20\/obera-rescataron-a-un-perro-que-habia-caido-en-un-pozo-tras-un-alerta-vecinal\/","url":"https:\/\/alberdi.uno\/index.php\/2026\/04\/20\/obera-rescataron-a-un-perro-que-habia-caido-en-un-pozo-tras-un-alerta-vecinal\/","name":"Ober\u00e1: rescataron a un perro que hab\u00eda ca\u00eddo en un pozo tras un alerta vecinal - Alberdi .UNO - Red Misiones.uno","isPartOf":{"@id":"https:\/\/alberdi.uno\/#website"},"primaryImageOfPage":{"@id":"https:\/\/alberdi.uno\/index.php\/2026\/04\/20\/obera-rescataron-a-un-perro-que-habia-caido-en-un-pozo-tras-un-alerta-vecinal\/#primaryimage"},"image":{"@id":"https:\/\/alberdi.uno\/index.php\/2026\/04\/20\/obera-rescataron-a-un-perro-que-habia-caido-en-un-pozo-tras-un-alerta-vecinal\/#primaryimage"},"thumbnailUrl":"https:\/\/alberdi.uno\/wp-content\/uploads\/2026\/04\/POLI5-16.jpg","datePublished":"2026-04-20T03:10:28+00:00","author":{"@id":"https:\/\/alberdi.uno\/#\/schema\/person\/7af09aba735a9b91f78556601849d2c6"},"breadcrumb":{"@id":"https:\/\/alberdi.uno\/index.php\/2026\/04\/20\/obera-rescataron-a-un-perro-que-habia-caido-en-un-pozo-tras-un-alerta-vecinal\/#breadcrumb"},"inLanguage":"es-AR","potentialAction":[{"@type":"ReadAction","target":["https:\/\/alberdi.uno\/index.php\/2026\/04\/20\/obera-rescataron-a-un-perro-que-habia-caido-en-un-pozo-tras-un-alerta-vecinal\/"]}]},{"@type":"ImageObject","inLanguage":"es-AR","@id":"https:\/\/alberdi.uno\/index.php\/2026\/04\/20\/obera-rescataron-a-un-perro-que-habia-caido-en-un-pozo-tras-un-alerta-vecinal\/#primaryimage","url":"https:\/\/alberdi.uno\/wp-content\/uploads\/2026\/04\/POLI5-16.jpg","contentUrl":"https:\/\/alberdi.uno\/wp-content\/uploads\/2026\/04\/POLI5-16.jpg","width":640,"height":853},{"@type":"BreadcrumbList","@id":"https:\/\/alberdi.uno\/index.php\/2026\/04\/20\/obera-rescataron-a-un-perro-que-habia-caido-en-un-pozo-tras-un-alerta-vecinal\/#breadcrumb","itemListElement":[{"@type":"ListItem","position":1,"name":"Inicio","item":"https:\/\/alberdi.uno\/"},{"@type":"ListItem","position":2,"name":"Ober\u00e1: rescataron a un perro que hab\u00eda ca\u00eddo en un pozo tras un alerta vecinal"}]},{"@type":"WebSite","@id":"https:\/\/alberdi.uno\/#website","url":"https:\/\/alberdi.uno\/","name":"Alberdi .UNO - Red Misiones.uno","description":"Noticias de Colonia Alberdi","potentialAction":[{"@type":"SearchAction","target":{"@type":"EntryPoint","urlTemplate":"https:\/\/alberdi.uno\/?s={search_term_string}"},"query-input":{"@type":"PropertyValueSpecification","valueRequired":true,"valueName":"search_term_string"}}],"inLanguage":"es-AR"},{"@type":"Person","@id":"https:\/\/alberdi.uno\/#\/schema\/person\/7af09aba735a9b91f78556601849d2c6","name":"admin","image":{"@type":"ImageObject","inLanguage":"es-AR","@id":"https:\/\/alberdi.uno\/#\/schema\/person\/image\/","url":"https:\/\/secure.gravatar.com\/avatar\/988cc68d97727f2265e15e4e04f35d45d93f5493d81192c37b6fcdf6407dba8c?s=96&d=mm&r=g","contentUrl":"https:\/\/secure.gravatar.com\/avatar\/988cc68d97727f2265e15e4e04f35d45d93f5493d81192c37b6fcdf6407dba8c?s=96&d=mm&r=g","caption":"admin"},"sameAs":["http:\/\/alberdi.uno"],"url":"https:\/\/alberdi.uno\/index.php\/author\/admin\/"}]}},"_links":{"self":[{"href":"https:\/\/alberdi.uno\/index.php\/wp-json\/wp\/v2\/posts\/1449","targetHints":{"allow":["GET"]}}],"collection":[{"href":"https:\/\/alberdi.uno\/index.php\/wp-json\/wp\/v2\/posts"}],"about":[{"href":"https:\/\/alberdi.uno\/index.php\/wp-json\/wp\/v2\/types\/post"}],"author":[{"embeddable":true,"href":"https:\/\/alberdi.uno\/index.php\/wp-json\/wp\/v2\/users\/1"}],"replies":[{"embeddable":true,"href":"https:\/\/alberdi.uno\/index.php\/wp-json\/wp\/v2\/comments?post=1449"}],"version-history":[{"count":0,"href":"https:\/\/alberdi.uno\/index.php\/wp-json\/wp\/v2\/posts\/1449\/revisions"}],"wp:featuredmedia":[{"embeddable":true,"href":"https:\/\/alberdi.uno\/index.php\/wp-json\/wp\/v2\/media\/1450"}],"wp:attachment":[{"href":"https:\/\/alberdi.uno\/index.php\/wp-json\/wp\/v2\/media?parent=1449"}],"wp:term":[{"taxonomy":"category","embeddable":true,"href":"https:\/\/alberdi.uno\/index.php\/wp-json\/wp\/v2\/categories?post=1449"},{"taxonomy":"post_tag","embeddable":true,"href":"https:\/\/alberdi.uno\/index.php\/wp-json\/wp\/v2\/tags?post=1449"}],"curies":[{"name":"wp","href":"https:\/\/api.w.org\/{rel}","templated":true}]}}