{"id":1345,"date":"2026-04-05T11:45:56","date_gmt":"2026-04-05T14:45:56","guid":{"rendered":"https:\/\/alberdi.uno\/index.php\/2026\/04\/05\/obera-desactivaron-una-pelea-callejera-armada-y-demoraron-a-tres-menores\/"},"modified":"2026-04-05T11:45:56","modified_gmt":"2026-04-05T14:45:56","slug":"obera-desactivaron-una-pelea-callejera-armada-y-demoraron-a-tres-menores","status":"publish","type":"post","link":"https:\/\/alberdi.uno\/index.php\/2026\/04\/05\/obera-desactivaron-una-pelea-callejera-armada-y-demoraron-a-tres-menores\/","title":{"rendered":"Ober\u00e1: desactivaron una pelea callejera armada y demoraron a tres menores"},"content":{"rendered":"<div>\n<div>\n<p><strong><a href=\"https:\/\/agenciamisiones.uno\/\">AGENCIA MISIONES.UNO<\/a> | El procedimiento se realiz\u00f3 durante la madrugada del domingo y permiti\u00f3 secuestrar varias armas blancas que portaban los involucrados en el disturbio.<\/strong><\/p>\n<p>Un operativo policial llevado a cabo en la ciudad de Ober\u00e1 permiti\u00f3 desactivar una pelea callejera y culmin\u00f3 con la demora de tres j\u00f3venes menores de edad, quienes se encontraban participando de un enfrentamiento en la v\u00eda p\u00fablica.<\/p>\n<p>El hecho ocurri\u00f3 cerca de las 02:10 sobre calle Chaco, en inmediaciones de su intersecci\u00f3n con Larrea, donde efectivos de la Comisar\u00eda Primera acudieron tras recibir alertas de vecinos que advert\u00edan sobre una gresca entre varias personas. Al llegar al lugar, los uniformados identificaron a tres adolescentes de 16, 15 y 15 a\u00f1os, procediendo a su demora preventiva.<\/p>\n<p>Durante el procedimiento, los efectivos secuestraron un machete con empu\u00f1adura de goma negra, un machete recortado, un cuchillo tipo pu\u00f1al, un cuchillo tipo serrucho, una manopla met\u00e1lica y una gomera, elementos que se encontraban en poder de los involucrados.<\/p>\n<p>Por disposici\u00f3n del Juzgado de Paz en turno, los menores fueron examinados por el m\u00e9dico policial y posteriormente entregados a sus progenitores para su guarda, cuidado y protecci\u00f3n. En tanto, contin\u00faan las actuaciones correspondientes en el marco de la normativa vigente.<\/p>\n<p><img decoding=\"async\" class=\"aligncenter size-full wp-image-6426\" src=\"https:\/\/alberdi.uno\/wp-content\/uploads\/2026\/04\/obera1-1.jpg\" sizes=\"(max-width: 640px) 100vw, 640px\" srcset=\"https:\/\/agenciamisiones.uno\/wp-content\/uploads\/2026\/04\/obera1-1-200x267.jpg 200w, https:\/\/agenciamisiones.uno\/wp-content\/uploads\/2026\/04\/obera1-1-225x300.jpg 225w, https:\/\/agenciamisiones.uno\/wp-content\/uploads\/2026\/04\/obera1-1-400x533.jpg 400w, https:\/\/agenciamisiones.uno\/wp-content\/uploads\/2026\/04\/obera1-1-600x800.jpg 600w, https:\/\/alberdi.uno\/wp-content\/uploads\/2026\/04\/obera1-1.jpg 640w\" alt=\"\" width=\"640\" height=\"853\"><\/p>\n<p>Fuente: <a href=\"https:\/\/agenciamisiones.uno\/\">Agencia Misiones.uno<\/a>.<\/p>\n<\/div>\n<\/div>\n","protected":false},"excerpt":{"rendered":"<p>AGENCIA MISIONES.UNO | El procedimiento se realiz\u00f3 durante la madrugada  [&#8230;]<\/p>\n","protected":false},"author":1,"featured_media":1346,"comment_status":"closed","ping_status":"closed","sticky":false,"template":"","format":"standard","meta":{"fifu_image_url":"","fifu_image_alt":"","footnotes":""},"categories":[18,23,152,153],"tags":[],"class_list":["post-1345","post","type-post","status-publish","format-standard","has-post-thumbnail","hentry","category-obera","category-policia-de-misiones","category-red-obera","category-seguridad"],"acf":[],"yoast_head":"<!-- This site is optimized with the Yoast SEO plugin v26.7 - https:\/\/yoast.com\/wordpress\/plugins\/seo\/ -->\n<title>Ober\u00e1: desactivaron una pelea callejera armada y demoraron a tres menores - Alberdi .UNO - Red Misiones.uno<\/title>\n<meta name=\"robots\" content=\"index, follow, max-snippet:-1, max-image-preview:large, max-video-preview:-1\" \/>\n<link rel=\"canonical\" href=\"https:\/\/alberdi.uno\/index.php\/2026\/04\/05\/obera-desactivaron-una-pelea-callejera-armada-y-demoraron-a-tres-menores\/\" \/>\n<meta property=\"og:locale\" content=\"es_ES\" \/>\n<meta property=\"og:type\" content=\"article\" \/>\n<meta property=\"og:title\" content=\"Ober\u00e1: desactivaron una pelea callejera armada y demoraron a tres menores - Alberdi .UNO - Red Misiones.uno\" \/>\n<meta property=\"og:description\" content=\"AGENCIA MISIONES.UNO | El procedimiento se realiz\u00f3 durante la madrugada [...]\" \/>\n<meta property=\"og:url\" content=\"https:\/\/alberdi.uno\/index.php\/2026\/04\/05\/obera-desactivaron-una-pelea-callejera-armada-y-demoraron-a-tres-menores\/\" \/>\n<meta property=\"og:site_name\" content=\"Alberdi .UNO - Red Misiones.uno\" \/>\n<meta property=\"article:published_time\" content=\"2026-04-05T14:45:56+00:00\" \/>\n<meta name=\"author\" content=\"admin\" \/>\n<meta name=\"twitter:card\" content=\"summary_large_image\" \/>\n<meta name=\"twitter:label1\" content=\"Escrito por\" \/>\n\t<meta name=\"twitter:data1\" content=\"admin\" \/>\n\t<meta name=\"twitter:label2\" content=\"Tiempo de lectura\" \/>\n\t<meta name=\"twitter:data2\" content=\"1 minuto\" \/>\n<script type=\"application\/ld+json\" class=\"yoast-schema-graph\">{\"@context\":\"https:\/\/schema.org\",\"@graph\":[{\"@type\":\"Article\",\"@id\":\"https:\/\/alberdi.uno\/index.php\/2026\/04\/05\/obera-desactivaron-una-pelea-callejera-armada-y-demoraron-a-tres-menores\/#article\",\"isPartOf\":{\"@id\":\"https:\/\/alberdi.uno\/index.php\/2026\/04\/05\/obera-desactivaron-una-pelea-callejera-armada-y-demoraron-a-tres-menores\/\"},\"author\":{\"name\":\"admin\",\"@id\":\"https:\/\/alberdi.uno\/#\/schema\/person\/7af09aba735a9b91f78556601849d2c6\"},\"headline\":\"Ober\u00e1: desactivaron una pelea callejera armada y demoraron a tres menores\",\"datePublished\":\"2026-04-05T14:45:56+00:00\",\"mainEntityOfPage\":{\"@id\":\"https:\/\/alberdi.uno\/index.php\/2026\/04\/05\/obera-desactivaron-una-pelea-callejera-armada-y-demoraron-a-tres-menores\/\"},\"wordCount\":226,\"image\":{\"@id\":\"https:\/\/alberdi.uno\/index.php\/2026\/04\/05\/obera-desactivaron-una-pelea-callejera-armada-y-demoraron-a-tres-menores\/#primaryimage\"},\"thumbnailUrl\":\"https:\/\/alberdi.uno\/wp-content\/uploads\/2026\/04\/obera3.jpg\",\"articleSection\":[\"Ober\u00e1\",\"Polic\u00eda de Misiones\",\"Red Ober\u00e1\",\"Seguridad\"],\"inLanguage\":\"es-AR\"},{\"@type\":\"WebPage\",\"@id\":\"https:\/\/alberdi.uno\/index.php\/2026\/04\/05\/obera-desactivaron-una-pelea-callejera-armada-y-demoraron-a-tres-menores\/\",\"url\":\"https:\/\/alberdi.uno\/index.php\/2026\/04\/05\/obera-desactivaron-una-pelea-callejera-armada-y-demoraron-a-tres-menores\/\",\"name\":\"Ober\u00e1: desactivaron una pelea callejera armada y demoraron a tres menores - Alberdi .UNO - Red Misiones.uno\",\"isPartOf\":{\"@id\":\"https:\/\/alberdi.uno\/#website\"},\"primaryImageOfPage\":{\"@id\":\"https:\/\/alberdi.uno\/index.php\/2026\/04\/05\/obera-desactivaron-una-pelea-callejera-armada-y-demoraron-a-tres-menores\/#primaryimage\"},\"image\":{\"@id\":\"https:\/\/alberdi.uno\/index.php\/2026\/04\/05\/obera-desactivaron-una-pelea-callejera-armada-y-demoraron-a-tres-menores\/#primaryimage\"},\"thumbnailUrl\":\"https:\/\/alberdi.uno\/wp-content\/uploads\/2026\/04\/obera3.jpg\",\"datePublished\":\"2026-04-05T14:45:56+00:00\",\"author\":{\"@id\":\"https:\/\/alberdi.uno\/#\/schema\/person\/7af09aba735a9b91f78556601849d2c6\"},\"breadcrumb\":{\"@id\":\"https:\/\/alberdi.uno\/index.php\/2026\/04\/05\/obera-desactivaron-una-pelea-callejera-armada-y-demoraron-a-tres-menores\/#breadcrumb\"},\"inLanguage\":\"es-AR\",\"potentialAction\":[{\"@type\":\"ReadAction\",\"target\":[\"https:\/\/alberdi.uno\/index.php\/2026\/04\/05\/obera-desactivaron-una-pelea-callejera-armada-y-demoraron-a-tres-menores\/\"]}]},{\"@type\":\"ImageObject\",\"inLanguage\":\"es-AR\",\"@id\":\"https:\/\/alberdi.uno\/index.php\/2026\/04\/05\/obera-desactivaron-una-pelea-callejera-armada-y-demoraron-a-tres-menores\/#primaryimage\",\"url\":\"https:\/\/alberdi.uno\/wp-content\/uploads\/2026\/04\/obera3.jpg\",\"contentUrl\":\"https:\/\/alberdi.uno\/wp-content\/uploads\/2026\/04\/obera3.jpg\",\"width\":640,\"height\":853},{\"@type\":\"BreadcrumbList\",\"@id\":\"https:\/\/alberdi.uno\/index.php\/2026\/04\/05\/obera-desactivaron-una-pelea-callejera-armada-y-demoraron-a-tres-menores\/#breadcrumb\",\"itemListElement\":[{\"@type\":\"ListItem\",\"position\":1,\"name\":\"Inicio\",\"item\":\"https:\/\/alberdi.uno\/\"},{\"@type\":\"ListItem\",\"position\":2,\"name\":\"Ober\u00e1: desactivaron una pelea callejera armada y demoraron a tres menores\"}]},{\"@type\":\"WebSite\",\"@id\":\"https:\/\/alberdi.uno\/#website\",\"url\":\"https:\/\/alberdi.uno\/\",\"name\":\"Alberdi .UNO - Red Misiones.uno\",\"description\":\"Noticias de Colonia Alberdi\",\"potentialAction\":[{\"@type\":\"SearchAction\",\"target\":{\"@type\":\"EntryPoint\",\"urlTemplate\":\"https:\/\/alberdi.uno\/?s={search_term_string}\"},\"query-input\":{\"@type\":\"PropertyValueSpecification\",\"valueRequired\":true,\"valueName\":\"search_term_string\"}}],\"inLanguage\":\"es-AR\"},{\"@type\":\"Person\",\"@id\":\"https:\/\/alberdi.uno\/#\/schema\/person\/7af09aba735a9b91f78556601849d2c6\",\"name\":\"admin\",\"image\":{\"@type\":\"ImageObject\",\"inLanguage\":\"es-AR\",\"@id\":\"https:\/\/alberdi.uno\/#\/schema\/person\/image\/\",\"url\":\"https:\/\/secure.gravatar.com\/avatar\/988cc68d97727f2265e15e4e04f35d45d93f5493d81192c37b6fcdf6407dba8c?s=96&d=mm&r=g\",\"contentUrl\":\"https:\/\/secure.gravatar.com\/avatar\/988cc68d97727f2265e15e4e04f35d45d93f5493d81192c37b6fcdf6407dba8c?s=96&d=mm&r=g\",\"caption\":\"admin\"},\"sameAs\":[\"http:\/\/alberdi.uno\"],\"url\":\"https:\/\/alberdi.uno\/index.php\/author\/admin\/\"}]}<\/script>\n<!-- \/ Yoast SEO plugin. -->","yoast_head_json":{"title":"Ober\u00e1: desactivaron una pelea callejera armada y demoraron a tres menores - Alberdi .UNO - Red Misiones.uno","robots":{"index":"index","follow":"follow","max-snippet":"max-snippet:-1","max-image-preview":"max-image-preview:large","max-video-preview":"max-video-preview:-1"},"canonical":"https:\/\/alberdi.uno\/index.php\/2026\/04\/05\/obera-desactivaron-una-pelea-callejera-armada-y-demoraron-a-tres-menores\/","og_locale":"es_ES","og_type":"article","og_title":"Ober\u00e1: desactivaron una pelea callejera armada y demoraron a tres menores - Alberdi .UNO - Red Misiones.uno","og_description":"AGENCIA MISIONES.UNO | El procedimiento se realiz\u00f3 durante la madrugada [...]","og_url":"https:\/\/alberdi.uno\/index.php\/2026\/04\/05\/obera-desactivaron-una-pelea-callejera-armada-y-demoraron-a-tres-menores\/","og_site_name":"Alberdi .UNO - Red Misiones.uno","article_published_time":"2026-04-05T14:45:56+00:00","author":"admin","twitter_card":"summary_large_image","twitter_misc":{"Escrito por":"admin","Tiempo de lectura":"1 minuto"},"schema":{"@context":"https:\/\/schema.org","@graph":[{"@type":"Article","@id":"https:\/\/alberdi.uno\/index.php\/2026\/04\/05\/obera-desactivaron-una-pelea-callejera-armada-y-demoraron-a-tres-menores\/#article","isPartOf":{"@id":"https:\/\/alberdi.uno\/index.php\/2026\/04\/05\/obera-desactivaron-una-pelea-callejera-armada-y-demoraron-a-tres-menores\/"},"author":{"name":"admin","@id":"https:\/\/alberdi.uno\/#\/schema\/person\/7af09aba735a9b91f78556601849d2c6"},"headline":"Ober\u00e1: desactivaron una pelea callejera armada y demoraron a tres menores","datePublished":"2026-04-05T14:45:56+00:00","mainEntityOfPage":{"@id":"https:\/\/alberdi.uno\/index.php\/2026\/04\/05\/obera-desactivaron-una-pelea-callejera-armada-y-demoraron-a-tres-menores\/"},"wordCount":226,"image":{"@id":"https:\/\/alberdi.uno\/index.php\/2026\/04\/05\/obera-desactivaron-una-pelea-callejera-armada-y-demoraron-a-tres-menores\/#primaryimage"},"thumbnailUrl":"https:\/\/alberdi.uno\/wp-content\/uploads\/2026\/04\/obera3.jpg","articleSection":["Ober\u00e1","Polic\u00eda de Misiones","Red Ober\u00e1","Seguridad"],"inLanguage":"es-AR"},{"@type":"WebPage","@id":"https:\/\/alberdi.uno\/index.php\/2026\/04\/05\/obera-desactivaron-una-pelea-callejera-armada-y-demoraron-a-tres-menores\/","url":"https:\/\/alberdi.uno\/index.php\/2026\/04\/05\/obera-desactivaron-una-pelea-callejera-armada-y-demoraron-a-tres-menores\/","name":"Ober\u00e1: desactivaron una pelea callejera armada y demoraron a tres menores - Alberdi .UNO - Red Misiones.uno","isPartOf":{"@id":"https:\/\/alberdi.uno\/#website"},"primaryImageOfPage":{"@id":"https:\/\/alberdi.uno\/index.php\/2026\/04\/05\/obera-desactivaron-una-pelea-callejera-armada-y-demoraron-a-tres-menores\/#primaryimage"},"image":{"@id":"https:\/\/alberdi.uno\/index.php\/2026\/04\/05\/obera-desactivaron-una-pelea-callejera-armada-y-demoraron-a-tres-menores\/#primaryimage"},"thumbnailUrl":"https:\/\/alberdi.uno\/wp-content\/uploads\/2026\/04\/obera3.jpg","datePublished":"2026-04-05T14:45:56+00:00","author":{"@id":"https:\/\/alberdi.uno\/#\/schema\/person\/7af09aba735a9b91f78556601849d2c6"},"breadcrumb":{"@id":"https:\/\/alberdi.uno\/index.php\/2026\/04\/05\/obera-desactivaron-una-pelea-callejera-armada-y-demoraron-a-tres-menores\/#breadcrumb"},"inLanguage":"es-AR","potentialAction":[{"@type":"ReadAction","target":["https:\/\/alberdi.uno\/index.php\/2026\/04\/05\/obera-desactivaron-una-pelea-callejera-armada-y-demoraron-a-tres-menores\/"]}]},{"@type":"ImageObject","inLanguage":"es-AR","@id":"https:\/\/alberdi.uno\/index.php\/2026\/04\/05\/obera-desactivaron-una-pelea-callejera-armada-y-demoraron-a-tres-menores\/#primaryimage","url":"https:\/\/alberdi.uno\/wp-content\/uploads\/2026\/04\/obera3.jpg","contentUrl":"https:\/\/alberdi.uno\/wp-content\/uploads\/2026\/04\/obera3.jpg","width":640,"height":853},{"@type":"BreadcrumbList","@id":"https:\/\/alberdi.uno\/index.php\/2026\/04\/05\/obera-desactivaron-una-pelea-callejera-armada-y-demoraron-a-tres-menores\/#breadcrumb","itemListElement":[{"@type":"ListItem","position":1,"name":"Inicio","item":"https:\/\/alberdi.uno\/"},{"@type":"ListItem","position":2,"name":"Ober\u00e1: desactivaron una pelea callejera armada y demoraron a tres menores"}]},{"@type":"WebSite","@id":"https:\/\/alberdi.uno\/#website","url":"https:\/\/alberdi.uno\/","name":"Alberdi .UNO - Red Misiones.uno","description":"Noticias de Colonia Alberdi","potentialAction":[{"@type":"SearchAction","target":{"@type":"EntryPoint","urlTemplate":"https:\/\/alberdi.uno\/?s={search_term_string}"},"query-input":{"@type":"PropertyValueSpecification","valueRequired":true,"valueName":"search_term_string"}}],"inLanguage":"es-AR"},{"@type":"Person","@id":"https:\/\/alberdi.uno\/#\/schema\/person\/7af09aba735a9b91f78556601849d2c6","name":"admin","image":{"@type":"ImageObject","inLanguage":"es-AR","@id":"https:\/\/alberdi.uno\/#\/schema\/person\/image\/","url":"https:\/\/secure.gravatar.com\/avatar\/988cc68d97727f2265e15e4e04f35d45d93f5493d81192c37b6fcdf6407dba8c?s=96&d=mm&r=g","contentUrl":"https:\/\/secure.gravatar.com\/avatar\/988cc68d97727f2265e15e4e04f35d45d93f5493d81192c37b6fcdf6407dba8c?s=96&d=mm&r=g","caption":"admin"},"sameAs":["http:\/\/alberdi.uno"],"url":"https:\/\/alberdi.uno\/index.php\/author\/admin\/"}]}},"_links":{"self":[{"href":"https:\/\/alberdi.uno\/index.php\/wp-json\/wp\/v2\/posts\/1345","targetHints":{"allow":["GET"]}}],"collection":[{"href":"https:\/\/alberdi.uno\/index.php\/wp-json\/wp\/v2\/posts"}],"about":[{"href":"https:\/\/alberdi.uno\/index.php\/wp-json\/wp\/v2\/types\/post"}],"author":[{"embeddable":true,"href":"https:\/\/alberdi.uno\/index.php\/wp-json\/wp\/v2\/users\/1"}],"replies":[{"embeddable":true,"href":"https:\/\/alberdi.uno\/index.php\/wp-json\/wp\/v2\/comments?post=1345"}],"version-history":[{"count":0,"href":"https:\/\/alberdi.uno\/index.php\/wp-json\/wp\/v2\/posts\/1345\/revisions"}],"wp:featuredmedia":[{"embeddable":true,"href":"https:\/\/alberdi.uno\/index.php\/wp-json\/wp\/v2\/media\/1346"}],"wp:attachment":[{"href":"https:\/\/alberdi.uno\/index.php\/wp-json\/wp\/v2\/media?parent=1345"}],"wp:term":[{"taxonomy":"category","embeddable":true,"href":"https:\/\/alberdi.uno\/index.php\/wp-json\/wp\/v2\/categories?post=1345"},{"taxonomy":"post_tag","embeddable":true,"href":"https:\/\/alberdi.uno\/index.php\/wp-json\/wp\/v2\/tags?post=1345"}],"curies":[{"name":"wp","href":"https:\/\/api.w.org\/{rel}","templated":true}]}}