{"id":1342,"date":"2026-04-04T22:53:47","date_gmt":"2026-04-05T01:53:47","guid":{"rendered":"https:\/\/alberdi.uno\/index.php\/2026\/04\/04\/obera-buscan-a-un-interno-que-no-regreso-al-penal-tras-una-salida-transitoria\/"},"modified":"2026-04-04T22:53:47","modified_gmt":"2026-04-05T01:53:47","slug":"obera-buscan-a-un-interno-que-no-regreso-al-penal-tras-una-salida-transitoria","status":"publish","type":"post","link":"https:\/\/alberdi.uno\/index.php\/2026\/04\/04\/obera-buscan-a-un-interno-que-no-regreso-al-penal-tras-una-salida-transitoria\/","title":{"rendered":"Ober\u00e1: buscan a un interno que no regres\u00f3 al penal tras una salida transitoria"},"content":{"rendered":"<div>\n<div>\n<p><strong><a href=\"https:\/\/agenciamisiones.uno\/\">AGENCIA MISIONES.UNO<\/a> | Se trata de un hombre de 34 a\u00f1os que deb\u00eda reintegrarse a la Unidad Penal II este s\u00e1bado por la tarde. La Polic\u00eda despleg\u00f3 un operativo para dar con su paradero.<\/strong><\/p>\n<p>La Polic\u00eda de Misiones inici\u00f3 un operativo de b\u00fasqueda en la ciudad de Ober\u00e1 luego de que un interno no regresara a la Unidad Penal II tras gozar de una salida transitoria.<\/p>\n<p>El hombre fue identificado como Carlos Bruno Goncalvez Da Luz, de 34 a\u00f1os, conocido como \u201cBolinho\u201d, quien deb\u00eda presentarse este s\u00e1bado a las 16:30 horas en el establecimiento penitenciario, incumpliendo con la medida judicial.<\/p>\n<p>De acuerdo a la denuncia radicada por un adjutor del Servicio Penitenciario Provincial, el interno cumpl\u00eda una condena en el marco de una causa por homicidio simple en grado de tentativa, violaci\u00f3n de domicilio y amenazas agravadas, tramitada ante el Tribunal Penal N.\u00ba 1 de Ober\u00e1.<\/p>\n<p>El condenado hab\u00eda accedido al beneficio de salidas transitorias quincenales por un lapso de 48 horas. Ante la falta de retorno en el horario establecido, la Comisar\u00eda Quinta dispuso un operativo de localizaci\u00f3n con intervenci\u00f3n de distintas dependencias policiales.<\/p>\n<p>Las tareas de b\u00fasqueda contin\u00faan con el objetivo de dar con su paradero y restablecer el cumplimiento de la medida judicial.<\/p>\n<p><img decoding=\"async\" class=\"aligncenter size-full wp-image-6372\" src=\"https:\/\/alberdi.uno\/wp-content\/uploads\/2026\/04\/poli1-28.jpg\" sizes=\"(max-width: 640px) 100vw, 640px\" srcset=\"https:\/\/agenciamisiones.uno\/wp-content\/uploads\/2026\/04\/poli1-28-200x267.jpg 200w, https:\/\/agenciamisiones.uno\/wp-content\/uploads\/2026\/04\/poli1-28-225x300.jpg 225w, https:\/\/agenciamisiones.uno\/wp-content\/uploads\/2026\/04\/poli1-28-400x533.jpg 400w, https:\/\/agenciamisiones.uno\/wp-content\/uploads\/2026\/04\/poli1-28-600x800.jpg 600w, https:\/\/alberdi.uno\/wp-content\/uploads\/2026\/04\/poli1-28.jpg 640w\" alt=\"\" width=\"640\" height=\"853\"><\/p>\n<p>Fuente: <a href=\"https:\/\/agenciamisiones.uno\/\">Agencia Misiones.uno<\/a>.<\/p>\n<\/div>\n<\/div>\n","protected":false},"excerpt":{"rendered":"<p>AGENCIA MISIONES.UNO | Se trata de un hombre de 34  [&#8230;]<\/p>\n","protected":false},"author":1,"featured_media":1343,"comment_status":"closed","ping_status":"closed","sticky":false,"template":"","format":"standard","meta":{"fifu_image_url":"","fifu_image_alt":"","footnotes":""},"categories":[18,23,152,153],"tags":[],"class_list":["post-1342","post","type-post","status-publish","format-standard","has-post-thumbnail","hentry","category-obera","category-policia-de-misiones","category-red-obera","category-seguridad"],"acf":[],"yoast_head":"<!-- This site is optimized with the Yoast SEO plugin v26.7 - https:\/\/yoast.com\/wordpress\/plugins\/seo\/ -->\n<title>Ober\u00e1: buscan a un interno que no regres\u00f3 al penal tras una salida transitoria - Alberdi .UNO - Red Misiones.uno<\/title>\n<meta name=\"robots\" content=\"index, follow, max-snippet:-1, max-image-preview:large, max-video-preview:-1\" \/>\n<link rel=\"canonical\" href=\"https:\/\/alberdi.uno\/index.php\/2026\/04\/04\/obera-buscan-a-un-interno-que-no-regreso-al-penal-tras-una-salida-transitoria\/\" \/>\n<meta property=\"og:locale\" content=\"es_ES\" \/>\n<meta property=\"og:type\" content=\"article\" \/>\n<meta property=\"og:title\" content=\"Ober\u00e1: buscan a un interno que no regres\u00f3 al penal tras una salida transitoria - Alberdi .UNO - Red Misiones.uno\" \/>\n<meta property=\"og:description\" content=\"AGENCIA MISIONES.UNO | Se trata de un hombre de 34 [...]\" \/>\n<meta property=\"og:url\" content=\"https:\/\/alberdi.uno\/index.php\/2026\/04\/04\/obera-buscan-a-un-interno-que-no-regreso-al-penal-tras-una-salida-transitoria\/\" \/>\n<meta property=\"og:site_name\" content=\"Alberdi .UNO - Red Misiones.uno\" \/>\n<meta property=\"article:published_time\" content=\"2026-04-05T01:53:47+00:00\" \/>\n<meta name=\"author\" content=\"admin\" \/>\n<meta name=\"twitter:card\" content=\"summary_large_image\" \/>\n<meta name=\"twitter:label1\" content=\"Escrito por\" \/>\n\t<meta name=\"twitter:data1\" content=\"admin\" \/>\n\t<meta name=\"twitter:label2\" content=\"Tiempo de lectura\" \/>\n\t<meta name=\"twitter:data2\" content=\"1 minuto\" \/>\n<script type=\"application\/ld+json\" class=\"yoast-schema-graph\">{\"@context\":\"https:\/\/schema.org\",\"@graph\":[{\"@type\":\"Article\",\"@id\":\"https:\/\/alberdi.uno\/index.php\/2026\/04\/04\/obera-buscan-a-un-interno-que-no-regreso-al-penal-tras-una-salida-transitoria\/#article\",\"isPartOf\":{\"@id\":\"https:\/\/alberdi.uno\/index.php\/2026\/04\/04\/obera-buscan-a-un-interno-que-no-regreso-al-penal-tras-una-salida-transitoria\/\"},\"author\":{\"name\":\"admin\",\"@id\":\"https:\/\/alberdi.uno\/#\/schema\/person\/7af09aba735a9b91f78556601849d2c6\"},\"headline\":\"Ober\u00e1: buscan a un interno que no regres\u00f3 al penal tras una salida transitoria\",\"datePublished\":\"2026-04-05T01:53:47+00:00\",\"mainEntityOfPage\":{\"@id\":\"https:\/\/alberdi.uno\/index.php\/2026\/04\/04\/obera-buscan-a-un-interno-que-no-regreso-al-penal-tras-una-salida-transitoria\/\"},\"wordCount\":236,\"image\":{\"@id\":\"https:\/\/alberdi.uno\/index.php\/2026\/04\/04\/obera-buscan-a-un-interno-que-no-regreso-al-penal-tras-una-salida-transitoria\/#primaryimage\"},\"thumbnailUrl\":\"https:\/\/alberdi.uno\/wp-content\/uploads\/2026\/04\/poli3-15.jpg\",\"articleSection\":[\"Ober\u00e1\",\"Polic\u00eda de Misiones\",\"Red Ober\u00e1\",\"Seguridad\"],\"inLanguage\":\"es-AR\"},{\"@type\":\"WebPage\",\"@id\":\"https:\/\/alberdi.uno\/index.php\/2026\/04\/04\/obera-buscan-a-un-interno-que-no-regreso-al-penal-tras-una-salida-transitoria\/\",\"url\":\"https:\/\/alberdi.uno\/index.php\/2026\/04\/04\/obera-buscan-a-un-interno-que-no-regreso-al-penal-tras-una-salida-transitoria\/\",\"name\":\"Ober\u00e1: buscan a un interno que no regres\u00f3 al penal tras una salida transitoria - Alberdi .UNO - Red Misiones.uno\",\"isPartOf\":{\"@id\":\"https:\/\/alberdi.uno\/#website\"},\"primaryImageOfPage\":{\"@id\":\"https:\/\/alberdi.uno\/index.php\/2026\/04\/04\/obera-buscan-a-un-interno-que-no-regreso-al-penal-tras-una-salida-transitoria\/#primaryimage\"},\"image\":{\"@id\":\"https:\/\/alberdi.uno\/index.php\/2026\/04\/04\/obera-buscan-a-un-interno-que-no-regreso-al-penal-tras-una-salida-transitoria\/#primaryimage\"},\"thumbnailUrl\":\"https:\/\/alberdi.uno\/wp-content\/uploads\/2026\/04\/poli3-15.jpg\",\"datePublished\":\"2026-04-05T01:53:47+00:00\",\"author\":{\"@id\":\"https:\/\/alberdi.uno\/#\/schema\/person\/7af09aba735a9b91f78556601849d2c6\"},\"breadcrumb\":{\"@id\":\"https:\/\/alberdi.uno\/index.php\/2026\/04\/04\/obera-buscan-a-un-interno-que-no-regreso-al-penal-tras-una-salida-transitoria\/#breadcrumb\"},\"inLanguage\":\"es-AR\",\"potentialAction\":[{\"@type\":\"ReadAction\",\"target\":[\"https:\/\/alberdi.uno\/index.php\/2026\/04\/04\/obera-buscan-a-un-interno-que-no-regreso-al-penal-tras-una-salida-transitoria\/\"]}]},{\"@type\":\"ImageObject\",\"inLanguage\":\"es-AR\",\"@id\":\"https:\/\/alberdi.uno\/index.php\/2026\/04\/04\/obera-buscan-a-un-interno-que-no-regreso-al-penal-tras-una-salida-transitoria\/#primaryimage\",\"url\":\"https:\/\/alberdi.uno\/wp-content\/uploads\/2026\/04\/poli3-15.jpg\",\"contentUrl\":\"https:\/\/alberdi.uno\/wp-content\/uploads\/2026\/04\/poli3-15.jpg\",\"width\":640,\"height\":853},{\"@type\":\"BreadcrumbList\",\"@id\":\"https:\/\/alberdi.uno\/index.php\/2026\/04\/04\/obera-buscan-a-un-interno-que-no-regreso-al-penal-tras-una-salida-transitoria\/#breadcrumb\",\"itemListElement\":[{\"@type\":\"ListItem\",\"position\":1,\"name\":\"Inicio\",\"item\":\"https:\/\/alberdi.uno\/\"},{\"@type\":\"ListItem\",\"position\":2,\"name\":\"Ober\u00e1: buscan a un interno que no regres\u00f3 al penal tras una salida transitoria\"}]},{\"@type\":\"WebSite\",\"@id\":\"https:\/\/alberdi.uno\/#website\",\"url\":\"https:\/\/alberdi.uno\/\",\"name\":\"Alberdi .UNO - Red Misiones.uno\",\"description\":\"Noticias de Colonia Alberdi\",\"potentialAction\":[{\"@type\":\"SearchAction\",\"target\":{\"@type\":\"EntryPoint\",\"urlTemplate\":\"https:\/\/alberdi.uno\/?s={search_term_string}\"},\"query-input\":{\"@type\":\"PropertyValueSpecification\",\"valueRequired\":true,\"valueName\":\"search_term_string\"}}],\"inLanguage\":\"es-AR\"},{\"@type\":\"Person\",\"@id\":\"https:\/\/alberdi.uno\/#\/schema\/person\/7af09aba735a9b91f78556601849d2c6\",\"name\":\"admin\",\"image\":{\"@type\":\"ImageObject\",\"inLanguage\":\"es-AR\",\"@id\":\"https:\/\/alberdi.uno\/#\/schema\/person\/image\/\",\"url\":\"https:\/\/secure.gravatar.com\/avatar\/988cc68d97727f2265e15e4e04f35d45d93f5493d81192c37b6fcdf6407dba8c?s=96&d=mm&r=g\",\"contentUrl\":\"https:\/\/secure.gravatar.com\/avatar\/988cc68d97727f2265e15e4e04f35d45d93f5493d81192c37b6fcdf6407dba8c?s=96&d=mm&r=g\",\"caption\":\"admin\"},\"sameAs\":[\"http:\/\/alberdi.uno\"],\"url\":\"https:\/\/alberdi.uno\/index.php\/author\/admin\/\"}]}<\/script>\n<!-- \/ Yoast SEO plugin. -->","yoast_head_json":{"title":"Ober\u00e1: buscan a un interno que no regres\u00f3 al penal tras una salida transitoria - Alberdi .UNO - Red Misiones.uno","robots":{"index":"index","follow":"follow","max-snippet":"max-snippet:-1","max-image-preview":"max-image-preview:large","max-video-preview":"max-video-preview:-1"},"canonical":"https:\/\/alberdi.uno\/index.php\/2026\/04\/04\/obera-buscan-a-un-interno-que-no-regreso-al-penal-tras-una-salida-transitoria\/","og_locale":"es_ES","og_type":"article","og_title":"Ober\u00e1: buscan a un interno que no regres\u00f3 al penal tras una salida transitoria - Alberdi .UNO - Red Misiones.uno","og_description":"AGENCIA MISIONES.UNO | Se trata de un hombre de 34 [...]","og_url":"https:\/\/alberdi.uno\/index.php\/2026\/04\/04\/obera-buscan-a-un-interno-que-no-regreso-al-penal-tras-una-salida-transitoria\/","og_site_name":"Alberdi .UNO - Red Misiones.uno","article_published_time":"2026-04-05T01:53:47+00:00","author":"admin","twitter_card":"summary_large_image","twitter_misc":{"Escrito por":"admin","Tiempo de lectura":"1 minuto"},"schema":{"@context":"https:\/\/schema.org","@graph":[{"@type":"Article","@id":"https:\/\/alberdi.uno\/index.php\/2026\/04\/04\/obera-buscan-a-un-interno-que-no-regreso-al-penal-tras-una-salida-transitoria\/#article","isPartOf":{"@id":"https:\/\/alberdi.uno\/index.php\/2026\/04\/04\/obera-buscan-a-un-interno-que-no-regreso-al-penal-tras-una-salida-transitoria\/"},"author":{"name":"admin","@id":"https:\/\/alberdi.uno\/#\/schema\/person\/7af09aba735a9b91f78556601849d2c6"},"headline":"Ober\u00e1: buscan a un interno que no regres\u00f3 al penal tras una salida transitoria","datePublished":"2026-04-05T01:53:47+00:00","mainEntityOfPage":{"@id":"https:\/\/alberdi.uno\/index.php\/2026\/04\/04\/obera-buscan-a-un-interno-que-no-regreso-al-penal-tras-una-salida-transitoria\/"},"wordCount":236,"image":{"@id":"https:\/\/alberdi.uno\/index.php\/2026\/04\/04\/obera-buscan-a-un-interno-que-no-regreso-al-penal-tras-una-salida-transitoria\/#primaryimage"},"thumbnailUrl":"https:\/\/alberdi.uno\/wp-content\/uploads\/2026\/04\/poli3-15.jpg","articleSection":["Ober\u00e1","Polic\u00eda de Misiones","Red Ober\u00e1","Seguridad"],"inLanguage":"es-AR"},{"@type":"WebPage","@id":"https:\/\/alberdi.uno\/index.php\/2026\/04\/04\/obera-buscan-a-un-interno-que-no-regreso-al-penal-tras-una-salida-transitoria\/","url":"https:\/\/alberdi.uno\/index.php\/2026\/04\/04\/obera-buscan-a-un-interno-que-no-regreso-al-penal-tras-una-salida-transitoria\/","name":"Ober\u00e1: buscan a un interno que no regres\u00f3 al penal tras una salida transitoria - Alberdi .UNO - Red Misiones.uno","isPartOf":{"@id":"https:\/\/alberdi.uno\/#website"},"primaryImageOfPage":{"@id":"https:\/\/alberdi.uno\/index.php\/2026\/04\/04\/obera-buscan-a-un-interno-que-no-regreso-al-penal-tras-una-salida-transitoria\/#primaryimage"},"image":{"@id":"https:\/\/alberdi.uno\/index.php\/2026\/04\/04\/obera-buscan-a-un-interno-que-no-regreso-al-penal-tras-una-salida-transitoria\/#primaryimage"},"thumbnailUrl":"https:\/\/alberdi.uno\/wp-content\/uploads\/2026\/04\/poli3-15.jpg","datePublished":"2026-04-05T01:53:47+00:00","author":{"@id":"https:\/\/alberdi.uno\/#\/schema\/person\/7af09aba735a9b91f78556601849d2c6"},"breadcrumb":{"@id":"https:\/\/alberdi.uno\/index.php\/2026\/04\/04\/obera-buscan-a-un-interno-que-no-regreso-al-penal-tras-una-salida-transitoria\/#breadcrumb"},"inLanguage":"es-AR","potentialAction":[{"@type":"ReadAction","target":["https:\/\/alberdi.uno\/index.php\/2026\/04\/04\/obera-buscan-a-un-interno-que-no-regreso-al-penal-tras-una-salida-transitoria\/"]}]},{"@type":"ImageObject","inLanguage":"es-AR","@id":"https:\/\/alberdi.uno\/index.php\/2026\/04\/04\/obera-buscan-a-un-interno-que-no-regreso-al-penal-tras-una-salida-transitoria\/#primaryimage","url":"https:\/\/alberdi.uno\/wp-content\/uploads\/2026\/04\/poli3-15.jpg","contentUrl":"https:\/\/alberdi.uno\/wp-content\/uploads\/2026\/04\/poli3-15.jpg","width":640,"height":853},{"@type":"BreadcrumbList","@id":"https:\/\/alberdi.uno\/index.php\/2026\/04\/04\/obera-buscan-a-un-interno-que-no-regreso-al-penal-tras-una-salida-transitoria\/#breadcrumb","itemListElement":[{"@type":"ListItem","position":1,"name":"Inicio","item":"https:\/\/alberdi.uno\/"},{"@type":"ListItem","position":2,"name":"Ober\u00e1: buscan a un interno que no regres\u00f3 al penal tras una salida transitoria"}]},{"@type":"WebSite","@id":"https:\/\/alberdi.uno\/#website","url":"https:\/\/alberdi.uno\/","name":"Alberdi .UNO - Red Misiones.uno","description":"Noticias de Colonia Alberdi","potentialAction":[{"@type":"SearchAction","target":{"@type":"EntryPoint","urlTemplate":"https:\/\/alberdi.uno\/?s={search_term_string}"},"query-input":{"@type":"PropertyValueSpecification","valueRequired":true,"valueName":"search_term_string"}}],"inLanguage":"es-AR"},{"@type":"Person","@id":"https:\/\/alberdi.uno\/#\/schema\/person\/7af09aba735a9b91f78556601849d2c6","name":"admin","image":{"@type":"ImageObject","inLanguage":"es-AR","@id":"https:\/\/alberdi.uno\/#\/schema\/person\/image\/","url":"https:\/\/secure.gravatar.com\/avatar\/988cc68d97727f2265e15e4e04f35d45d93f5493d81192c37b6fcdf6407dba8c?s=96&d=mm&r=g","contentUrl":"https:\/\/secure.gravatar.com\/avatar\/988cc68d97727f2265e15e4e04f35d45d93f5493d81192c37b6fcdf6407dba8c?s=96&d=mm&r=g","caption":"admin"},"sameAs":["http:\/\/alberdi.uno"],"url":"https:\/\/alberdi.uno\/index.php\/author\/admin\/"}]}},"_links":{"self":[{"href":"https:\/\/alberdi.uno\/index.php\/wp-json\/wp\/v2\/posts\/1342","targetHints":{"allow":["GET"]}}],"collection":[{"href":"https:\/\/alberdi.uno\/index.php\/wp-json\/wp\/v2\/posts"}],"about":[{"href":"https:\/\/alberdi.uno\/index.php\/wp-json\/wp\/v2\/types\/post"}],"author":[{"embeddable":true,"href":"https:\/\/alberdi.uno\/index.php\/wp-json\/wp\/v2\/users\/1"}],"replies":[{"embeddable":true,"href":"https:\/\/alberdi.uno\/index.php\/wp-json\/wp\/v2\/comments?post=1342"}],"version-history":[{"count":0,"href":"https:\/\/alberdi.uno\/index.php\/wp-json\/wp\/v2\/posts\/1342\/revisions"}],"wp:featuredmedia":[{"embeddable":true,"href":"https:\/\/alberdi.uno\/index.php\/wp-json\/wp\/v2\/media\/1343"}],"wp:attachment":[{"href":"https:\/\/alberdi.uno\/index.php\/wp-json\/wp\/v2\/media?parent=1342"}],"wp:term":[{"taxonomy":"category","embeddable":true,"href":"https:\/\/alberdi.uno\/index.php\/wp-json\/wp\/v2\/categories?post=1342"},{"taxonomy":"post_tag","embeddable":true,"href":"https:\/\/alberdi.uno\/index.php\/wp-json\/wp\/v2\/tags?post=1342"}],"curies":[{"name":"wp","href":"https:\/\/api.w.org\/{rel}","templated":true}]}}