{"id":1337,"date":"2026-04-04T22:48:31","date_gmt":"2026-04-05T01:48:31","guid":{"rendered":"https:\/\/alberdi.uno\/index.php\/2026\/04\/04\/obera-rescataron-a-un-perro-en-estado-critico-tras-una-denuncia-vecinal\/"},"modified":"2026-04-04T22:48:31","modified_gmt":"2026-04-05T01:48:31","slug":"obera-rescataron-a-un-perro-en-estado-critico-tras-una-denuncia-vecinal","status":"publish","type":"post","link":"https:\/\/alberdi.uno\/index.php\/2026\/04\/04\/obera-rescataron-a-un-perro-en-estado-critico-tras-una-denuncia-vecinal\/","title":{"rendered":"Ober\u00e1: rescataron a un perro en estado cr\u00edtico tras una denuncia vecinal"},"content":{"rendered":"<div>\n<div>\n<p><strong><a href=\"https:\/\/agenciamisiones.uno\/\">AGENCIA MISIONES.UNO<\/a> | El animal fue hallado en malas condiciones en una vivienda de Villa G\u00fcnther y trasladado de urgencia a una veterinaria para su atenci\u00f3n. Intervienen las autoridades para determinar responsabilidades.<\/strong><\/p>\n<p>Un operativo policial permiti\u00f3 rescatar a un perro que se encontraba en estado cr\u00edtico en la ciudad de Ober\u00e1, luego de un aviso realizado por vecinos que alertaron sobre la situaci\u00f3n.<\/p>\n<p>La intervenci\u00f3n se llev\u00f3 a cabo cerca de las 16:00 horas de este s\u00e1bado en un domicilio ubicado sobre calle Puerto Nuevo, en el barrio Villa G\u00fcnther, donde acudieron efectivos de las divisiones Comando Radioel\u00e9ctrico Norte y Centro.<\/p>\n<p>Al arribar al lugar, los uniformados se entrevistaron con la propietaria de la vivienda, una mujer de 39 a\u00f1os, quien autoriz\u00f3 el ingreso al patio del inmueble. All\u00ed constataron el delicado estado de salud del animal, por lo que dispusieron su inmediato traslado para su atenci\u00f3n veterinaria.<\/p>\n<p>Finalmente, el can fue derivado a la veterinaria \u201cLas Nazarenas\u201d, donde qued\u00f3 bajo cuidado profesional para recibir tratamiento y seguimiento.<\/p>\n<p>En relaci\u00f3n al hecho, se dio intervenci\u00f3n a las autoridades correspondientes a fin de determinar las responsabilidades del caso.<\/p>\n<p><img decoding=\"async\" class=\"aligncenter size-full wp-image-6362\" src=\"https:\/\/alberdi.uno\/wp-content\/uploads\/2026\/04\/poli3-8.jpg\" sizes=\"(max-width: 640px) 100vw, 640px\" srcset=\"https:\/\/agenciamisiones.uno\/wp-content\/uploads\/2026\/04\/poli3-8-200x267.jpg 200w, https:\/\/agenciamisiones.uno\/wp-content\/uploads\/2026\/04\/poli3-8-225x300.jpg 225w, https:\/\/agenciamisiones.uno\/wp-content\/uploads\/2026\/04\/poli3-8-400x533.jpg 400w, https:\/\/agenciamisiones.uno\/wp-content\/uploads\/2026\/04\/poli3-8-600x800.jpg 600w, https:\/\/alberdi.uno\/wp-content\/uploads\/2026\/04\/poli3-8.jpg 640w\" alt=\"\" width=\"640\" height=\"853\"> <img decoding=\"async\" class=\"aligncenter size-full wp-image-6363\" src=\"https:\/\/alberdi.uno\/wp-content\/uploads\/2026\/04\/poli2-26.jpg\" sizes=\"(max-width: 640px) 100vw, 640px\" srcset=\"https:\/\/agenciamisiones.uno\/wp-content\/uploads\/2026\/04\/poli2-26-200x267.jpg 200w, https:\/\/agenciamisiones.uno\/wp-content\/uploads\/2026\/04\/poli2-26-225x300.jpg 225w, https:\/\/agenciamisiones.uno\/wp-content\/uploads\/2026\/04\/poli2-26-400x533.jpg 400w, https:\/\/agenciamisiones.uno\/wp-content\/uploads\/2026\/04\/poli2-26-600x800.jpg 600w, https:\/\/alberdi.uno\/wp-content\/uploads\/2026\/04\/poli2-26.jpg 640w\" alt=\"\" width=\"640\" height=\"853\"> <img decoding=\"async\" class=\"aligncenter size-full wp-image-6364\" src=\"https:\/\/alberdi.uno\/wp-content\/uploads\/2026\/04\/poli1-27.jpg\" sizes=\"(max-width: 640px) 100vw, 640px\" srcset=\"https:\/\/agenciamisiones.uno\/wp-content\/uploads\/2026\/04\/poli1-27-200x267.jpg 200w, https:\/\/agenciamisiones.uno\/wp-content\/uploads\/2026\/04\/poli1-27-225x300.jpg 225w, https:\/\/agenciamisiones.uno\/wp-content\/uploads\/2026\/04\/poli1-27-400x533.jpg 400w, https:\/\/agenciamisiones.uno\/wp-content\/uploads\/2026\/04\/poli1-27-600x800.jpg 600w, https:\/\/alberdi.uno\/wp-content\/uploads\/2026\/04\/poli1-27.jpg 640w\" alt=\"\" width=\"640\" height=\"853\"><\/p>\n<p>Fuente: <a href=\"https:\/\/agenciamisiones.uno\/\">Agencia Misiones.uno<\/a>.<\/p>\n<\/div>\n<\/div>\n","protected":false},"excerpt":{"rendered":"<p>AGENCIA MISIONES.UNO | El animal fue hallado en malas condiciones  [&#8230;]<\/p>\n","protected":false},"author":1,"featured_media":1338,"comment_status":"closed","ping_status":"closed","sticky":false,"template":"","format":"standard","meta":{"fifu_image_url":"","fifu_image_alt":"","footnotes":""},"categories":[155,18,23,152],"tags":[],"class_list":["post-1337","post","type-post","status-publish","format-standard","has-post-thumbnail","hentry","category-informacion-general","category-obera","category-policia-de-misiones","category-red-obera"],"acf":[],"yoast_head":"<!-- This site is optimized with the Yoast SEO plugin v26.7 - https:\/\/yoast.com\/wordpress\/plugins\/seo\/ -->\n<title>Ober\u00e1: rescataron a un perro en estado cr\u00edtico tras una denuncia vecinal - Alberdi .UNO - Red Misiones.uno<\/title>\n<meta name=\"robots\" content=\"index, follow, max-snippet:-1, max-image-preview:large, max-video-preview:-1\" \/>\n<link rel=\"canonical\" href=\"https:\/\/alberdi.uno\/index.php\/2026\/04\/04\/obera-rescataron-a-un-perro-en-estado-critico-tras-una-denuncia-vecinal\/\" \/>\n<meta property=\"og:locale\" content=\"es_ES\" \/>\n<meta property=\"og:type\" content=\"article\" \/>\n<meta property=\"og:title\" content=\"Ober\u00e1: rescataron a un perro en estado cr\u00edtico tras una denuncia vecinal - Alberdi .UNO - Red Misiones.uno\" \/>\n<meta property=\"og:description\" content=\"AGENCIA MISIONES.UNO | El animal fue hallado en malas condiciones [...]\" \/>\n<meta property=\"og:url\" content=\"https:\/\/alberdi.uno\/index.php\/2026\/04\/04\/obera-rescataron-a-un-perro-en-estado-critico-tras-una-denuncia-vecinal\/\" \/>\n<meta property=\"og:site_name\" content=\"Alberdi .UNO - Red Misiones.uno\" \/>\n<meta property=\"article:published_time\" content=\"2026-04-05T01:48:31+00:00\" \/>\n<meta name=\"author\" content=\"admin\" \/>\n<meta name=\"twitter:card\" content=\"summary_large_image\" \/>\n<meta name=\"twitter:label1\" content=\"Escrito por\" \/>\n\t<meta name=\"twitter:data1\" content=\"admin\" \/>\n\t<meta name=\"twitter:label2\" content=\"Tiempo de lectura\" \/>\n\t<meta name=\"twitter:data2\" content=\"1 minuto\" \/>\n<script type=\"application\/ld+json\" class=\"yoast-schema-graph\">{\"@context\":\"https:\/\/schema.org\",\"@graph\":[{\"@type\":\"Article\",\"@id\":\"https:\/\/alberdi.uno\/index.php\/2026\/04\/04\/obera-rescataron-a-un-perro-en-estado-critico-tras-una-denuncia-vecinal\/#article\",\"isPartOf\":{\"@id\":\"https:\/\/alberdi.uno\/index.php\/2026\/04\/04\/obera-rescataron-a-un-perro-en-estado-critico-tras-una-denuncia-vecinal\/\"},\"author\":{\"name\":\"admin\",\"@id\":\"https:\/\/alberdi.uno\/#\/schema\/person\/7af09aba735a9b91f78556601849d2c6\"},\"headline\":\"Ober\u00e1: rescataron a un perro en estado cr\u00edtico tras una denuncia vecinal\",\"datePublished\":\"2026-04-05T01:48:31+00:00\",\"mainEntityOfPage\":{\"@id\":\"https:\/\/alberdi.uno\/index.php\/2026\/04\/04\/obera-rescataron-a-un-perro-en-estado-critico-tras-una-denuncia-vecinal\/\"},\"wordCount\":214,\"image\":{\"@id\":\"https:\/\/alberdi.uno\/index.php\/2026\/04\/04\/obera-rescataron-a-un-perro-en-estado-critico-tras-una-denuncia-vecinal\/#primaryimage\"},\"thumbnailUrl\":\"https:\/\/alberdi.uno\/wp-content\/uploads\/2026\/04\/POLI5-3.jpg\",\"articleSection\":[\"Informaci\u00f3n General\",\"Ober\u00e1\",\"Polic\u00eda de Misiones\",\"Red Ober\u00e1\"],\"inLanguage\":\"es-AR\"},{\"@type\":\"WebPage\",\"@id\":\"https:\/\/alberdi.uno\/index.php\/2026\/04\/04\/obera-rescataron-a-un-perro-en-estado-critico-tras-una-denuncia-vecinal\/\",\"url\":\"https:\/\/alberdi.uno\/index.php\/2026\/04\/04\/obera-rescataron-a-un-perro-en-estado-critico-tras-una-denuncia-vecinal\/\",\"name\":\"Ober\u00e1: rescataron a un perro en estado cr\u00edtico tras una denuncia vecinal - Alberdi .UNO - Red Misiones.uno\",\"isPartOf\":{\"@id\":\"https:\/\/alberdi.uno\/#website\"},\"primaryImageOfPage\":{\"@id\":\"https:\/\/alberdi.uno\/index.php\/2026\/04\/04\/obera-rescataron-a-un-perro-en-estado-critico-tras-una-denuncia-vecinal\/#primaryimage\"},\"image\":{\"@id\":\"https:\/\/alberdi.uno\/index.php\/2026\/04\/04\/obera-rescataron-a-un-perro-en-estado-critico-tras-una-denuncia-vecinal\/#primaryimage\"},\"thumbnailUrl\":\"https:\/\/alberdi.uno\/wp-content\/uploads\/2026\/04\/POLI5-3.jpg\",\"datePublished\":\"2026-04-05T01:48:31+00:00\",\"author\":{\"@id\":\"https:\/\/alberdi.uno\/#\/schema\/person\/7af09aba735a9b91f78556601849d2c6\"},\"breadcrumb\":{\"@id\":\"https:\/\/alberdi.uno\/index.php\/2026\/04\/04\/obera-rescataron-a-un-perro-en-estado-critico-tras-una-denuncia-vecinal\/#breadcrumb\"},\"inLanguage\":\"es-AR\",\"potentialAction\":[{\"@type\":\"ReadAction\",\"target\":[\"https:\/\/alberdi.uno\/index.php\/2026\/04\/04\/obera-rescataron-a-un-perro-en-estado-critico-tras-una-denuncia-vecinal\/\"]}]},{\"@type\":\"ImageObject\",\"inLanguage\":\"es-AR\",\"@id\":\"https:\/\/alberdi.uno\/index.php\/2026\/04\/04\/obera-rescataron-a-un-perro-en-estado-critico-tras-una-denuncia-vecinal\/#primaryimage\",\"url\":\"https:\/\/alberdi.uno\/wp-content\/uploads\/2026\/04\/POLI5-3.jpg\",\"contentUrl\":\"https:\/\/alberdi.uno\/wp-content\/uploads\/2026\/04\/POLI5-3.jpg\",\"width\":640,\"height\":853},{\"@type\":\"BreadcrumbList\",\"@id\":\"https:\/\/alberdi.uno\/index.php\/2026\/04\/04\/obera-rescataron-a-un-perro-en-estado-critico-tras-una-denuncia-vecinal\/#breadcrumb\",\"itemListElement\":[{\"@type\":\"ListItem\",\"position\":1,\"name\":\"Inicio\",\"item\":\"https:\/\/alberdi.uno\/\"},{\"@type\":\"ListItem\",\"position\":2,\"name\":\"Ober\u00e1: rescataron a un perro en estado cr\u00edtico tras una denuncia vecinal\"}]},{\"@type\":\"WebSite\",\"@id\":\"https:\/\/alberdi.uno\/#website\",\"url\":\"https:\/\/alberdi.uno\/\",\"name\":\"Alberdi .UNO - Red Misiones.uno\",\"description\":\"Noticias de Colonia Alberdi\",\"potentialAction\":[{\"@type\":\"SearchAction\",\"target\":{\"@type\":\"EntryPoint\",\"urlTemplate\":\"https:\/\/alberdi.uno\/?s={search_term_string}\"},\"query-input\":{\"@type\":\"PropertyValueSpecification\",\"valueRequired\":true,\"valueName\":\"search_term_string\"}}],\"inLanguage\":\"es-AR\"},{\"@type\":\"Person\",\"@id\":\"https:\/\/alberdi.uno\/#\/schema\/person\/7af09aba735a9b91f78556601849d2c6\",\"name\":\"admin\",\"image\":{\"@type\":\"ImageObject\",\"inLanguage\":\"es-AR\",\"@id\":\"https:\/\/alberdi.uno\/#\/schema\/person\/image\/\",\"url\":\"https:\/\/secure.gravatar.com\/avatar\/988cc68d97727f2265e15e4e04f35d45d93f5493d81192c37b6fcdf6407dba8c?s=96&d=mm&r=g\",\"contentUrl\":\"https:\/\/secure.gravatar.com\/avatar\/988cc68d97727f2265e15e4e04f35d45d93f5493d81192c37b6fcdf6407dba8c?s=96&d=mm&r=g\",\"caption\":\"admin\"},\"sameAs\":[\"http:\/\/alberdi.uno\"],\"url\":\"https:\/\/alberdi.uno\/index.php\/author\/admin\/\"}]}<\/script>\n<!-- \/ Yoast SEO plugin. -->","yoast_head_json":{"title":"Ober\u00e1: rescataron a un perro en estado cr\u00edtico tras una denuncia vecinal - Alberdi .UNO - Red Misiones.uno","robots":{"index":"index","follow":"follow","max-snippet":"max-snippet:-1","max-image-preview":"max-image-preview:large","max-video-preview":"max-video-preview:-1"},"canonical":"https:\/\/alberdi.uno\/index.php\/2026\/04\/04\/obera-rescataron-a-un-perro-en-estado-critico-tras-una-denuncia-vecinal\/","og_locale":"es_ES","og_type":"article","og_title":"Ober\u00e1: rescataron a un perro en estado cr\u00edtico tras una denuncia vecinal - Alberdi .UNO - Red Misiones.uno","og_description":"AGENCIA MISIONES.UNO | El animal fue hallado en malas condiciones [...]","og_url":"https:\/\/alberdi.uno\/index.php\/2026\/04\/04\/obera-rescataron-a-un-perro-en-estado-critico-tras-una-denuncia-vecinal\/","og_site_name":"Alberdi .UNO - Red Misiones.uno","article_published_time":"2026-04-05T01:48:31+00:00","author":"admin","twitter_card":"summary_large_image","twitter_misc":{"Escrito por":"admin","Tiempo de lectura":"1 minuto"},"schema":{"@context":"https:\/\/schema.org","@graph":[{"@type":"Article","@id":"https:\/\/alberdi.uno\/index.php\/2026\/04\/04\/obera-rescataron-a-un-perro-en-estado-critico-tras-una-denuncia-vecinal\/#article","isPartOf":{"@id":"https:\/\/alberdi.uno\/index.php\/2026\/04\/04\/obera-rescataron-a-un-perro-en-estado-critico-tras-una-denuncia-vecinal\/"},"author":{"name":"admin","@id":"https:\/\/alberdi.uno\/#\/schema\/person\/7af09aba735a9b91f78556601849d2c6"},"headline":"Ober\u00e1: rescataron a un perro en estado cr\u00edtico tras una denuncia vecinal","datePublished":"2026-04-05T01:48:31+00:00","mainEntityOfPage":{"@id":"https:\/\/alberdi.uno\/index.php\/2026\/04\/04\/obera-rescataron-a-un-perro-en-estado-critico-tras-una-denuncia-vecinal\/"},"wordCount":214,"image":{"@id":"https:\/\/alberdi.uno\/index.php\/2026\/04\/04\/obera-rescataron-a-un-perro-en-estado-critico-tras-una-denuncia-vecinal\/#primaryimage"},"thumbnailUrl":"https:\/\/alberdi.uno\/wp-content\/uploads\/2026\/04\/POLI5-3.jpg","articleSection":["Informaci\u00f3n General","Ober\u00e1","Polic\u00eda de Misiones","Red Ober\u00e1"],"inLanguage":"es-AR"},{"@type":"WebPage","@id":"https:\/\/alberdi.uno\/index.php\/2026\/04\/04\/obera-rescataron-a-un-perro-en-estado-critico-tras-una-denuncia-vecinal\/","url":"https:\/\/alberdi.uno\/index.php\/2026\/04\/04\/obera-rescataron-a-un-perro-en-estado-critico-tras-una-denuncia-vecinal\/","name":"Ober\u00e1: rescataron a un perro en estado cr\u00edtico tras una denuncia vecinal - Alberdi .UNO - Red Misiones.uno","isPartOf":{"@id":"https:\/\/alberdi.uno\/#website"},"primaryImageOfPage":{"@id":"https:\/\/alberdi.uno\/index.php\/2026\/04\/04\/obera-rescataron-a-un-perro-en-estado-critico-tras-una-denuncia-vecinal\/#primaryimage"},"image":{"@id":"https:\/\/alberdi.uno\/index.php\/2026\/04\/04\/obera-rescataron-a-un-perro-en-estado-critico-tras-una-denuncia-vecinal\/#primaryimage"},"thumbnailUrl":"https:\/\/alberdi.uno\/wp-content\/uploads\/2026\/04\/POLI5-3.jpg","datePublished":"2026-04-05T01:48:31+00:00","author":{"@id":"https:\/\/alberdi.uno\/#\/schema\/person\/7af09aba735a9b91f78556601849d2c6"},"breadcrumb":{"@id":"https:\/\/alberdi.uno\/index.php\/2026\/04\/04\/obera-rescataron-a-un-perro-en-estado-critico-tras-una-denuncia-vecinal\/#breadcrumb"},"inLanguage":"es-AR","potentialAction":[{"@type":"ReadAction","target":["https:\/\/alberdi.uno\/index.php\/2026\/04\/04\/obera-rescataron-a-un-perro-en-estado-critico-tras-una-denuncia-vecinal\/"]}]},{"@type":"ImageObject","inLanguage":"es-AR","@id":"https:\/\/alberdi.uno\/index.php\/2026\/04\/04\/obera-rescataron-a-un-perro-en-estado-critico-tras-una-denuncia-vecinal\/#primaryimage","url":"https:\/\/alberdi.uno\/wp-content\/uploads\/2026\/04\/POLI5-3.jpg","contentUrl":"https:\/\/alberdi.uno\/wp-content\/uploads\/2026\/04\/POLI5-3.jpg","width":640,"height":853},{"@type":"BreadcrumbList","@id":"https:\/\/alberdi.uno\/index.php\/2026\/04\/04\/obera-rescataron-a-un-perro-en-estado-critico-tras-una-denuncia-vecinal\/#breadcrumb","itemListElement":[{"@type":"ListItem","position":1,"name":"Inicio","item":"https:\/\/alberdi.uno\/"},{"@type":"ListItem","position":2,"name":"Ober\u00e1: rescataron a un perro en estado cr\u00edtico tras una denuncia vecinal"}]},{"@type":"WebSite","@id":"https:\/\/alberdi.uno\/#website","url":"https:\/\/alberdi.uno\/","name":"Alberdi .UNO - Red Misiones.uno","description":"Noticias de Colonia Alberdi","potentialAction":[{"@type":"SearchAction","target":{"@type":"EntryPoint","urlTemplate":"https:\/\/alberdi.uno\/?s={search_term_string}"},"query-input":{"@type":"PropertyValueSpecification","valueRequired":true,"valueName":"search_term_string"}}],"inLanguage":"es-AR"},{"@type":"Person","@id":"https:\/\/alberdi.uno\/#\/schema\/person\/7af09aba735a9b91f78556601849d2c6","name":"admin","image":{"@type":"ImageObject","inLanguage":"es-AR","@id":"https:\/\/alberdi.uno\/#\/schema\/person\/image\/","url":"https:\/\/secure.gravatar.com\/avatar\/988cc68d97727f2265e15e4e04f35d45d93f5493d81192c37b6fcdf6407dba8c?s=96&d=mm&r=g","contentUrl":"https:\/\/secure.gravatar.com\/avatar\/988cc68d97727f2265e15e4e04f35d45d93f5493d81192c37b6fcdf6407dba8c?s=96&d=mm&r=g","caption":"admin"},"sameAs":["http:\/\/alberdi.uno"],"url":"https:\/\/alberdi.uno\/index.php\/author\/admin\/"}]}},"_links":{"self":[{"href":"https:\/\/alberdi.uno\/index.php\/wp-json\/wp\/v2\/posts\/1337","targetHints":{"allow":["GET"]}}],"collection":[{"href":"https:\/\/alberdi.uno\/index.php\/wp-json\/wp\/v2\/posts"}],"about":[{"href":"https:\/\/alberdi.uno\/index.php\/wp-json\/wp\/v2\/types\/post"}],"author":[{"embeddable":true,"href":"https:\/\/alberdi.uno\/index.php\/wp-json\/wp\/v2\/users\/1"}],"replies":[{"embeddable":true,"href":"https:\/\/alberdi.uno\/index.php\/wp-json\/wp\/v2\/comments?post=1337"}],"version-history":[{"count":0,"href":"https:\/\/alberdi.uno\/index.php\/wp-json\/wp\/v2\/posts\/1337\/revisions"}],"wp:featuredmedia":[{"embeddable":true,"href":"https:\/\/alberdi.uno\/index.php\/wp-json\/wp\/v2\/media\/1338"}],"wp:attachment":[{"href":"https:\/\/alberdi.uno\/index.php\/wp-json\/wp\/v2\/media?parent=1337"}],"wp:term":[{"taxonomy":"category","embeddable":true,"href":"https:\/\/alberdi.uno\/index.php\/wp-json\/wp\/v2\/categories?post=1337"},{"taxonomy":"post_tag","embeddable":true,"href":"https:\/\/alberdi.uno\/index.php\/wp-json\/wp\/v2\/tags?post=1337"}],"curies":[{"name":"wp","href":"https:\/\/api.w.org\/{rel}","templated":true}]}}