{"id":1333,"date":"2026-04-04T20:25:00","date_gmt":"2026-04-04T23:25:00","guid":{"rendered":"https:\/\/alberdi.uno\/index.php\/2026\/04\/04\/obera-cuatro-detenidos-por-atacar-a-la-policia-a-piedrazos-para-impedir-la-captura-de-un-profugo\/"},"modified":"2026-04-04T20:25:00","modified_gmt":"2026-04-04T23:25:00","slug":"obera-cuatro-detenidos-por-atacar-a-la-policia-a-piedrazos-para-impedir-la-captura-de-un-profugo","status":"publish","type":"post","link":"https:\/\/alberdi.uno\/index.php\/2026\/04\/04\/obera-cuatro-detenidos-por-atacar-a-la-policia-a-piedrazos-para-impedir-la-captura-de-un-profugo\/","title":{"rendered":"Ober\u00e1: cuatro detenidos por atacar a la Polic\u00eda a piedrazos para impedir la captura de un pr\u00f3fugo"},"content":{"rendered":"<div>\n<div>\n<p><strong><a href=\"https:\/\/agenciamisiones.uno\/\">AGENCIA MISIONES.UNO<\/a> | Dos hombres y dos mujeres fueron arrestados tras agredir a efectivos policiales durante un operativo en el barrio Villa Vick. Dos uniformados resultaron con lesiones leves.<\/strong><\/p>\n<p>Cuatro personas fueron detenidas en la ciudad de Ober\u00e1 luego de protagonizar un violento ataque contra efectivos policiales que realizaban tareas preventivas e intentaban detener a un hombre con pedido de captura vigente.<\/p>\n<p>El hecho ocurri\u00f3 el s\u00e1bado por la tarde en inmediaciones de la Escuela N\u00b0 688, en el barrio Villa Vick, cuando una patrulla de la Unidad Regional II llevaba adelante un operativo de identificaci\u00f3n. En ese contexto, al intentar aprehender a un joven de 24 a\u00f1os, un grupo de personas intervino con el objetivo de impedir el procedimiento.<\/p>\n<p>Seg\u00fan se inform\u00f3, los implicados comenzaron a arrojar piedras y palos contra los uniformados, adem\u00e1s de proferir amenazas, lo que deriv\u00f3 en un enfrentamiento que dej\u00f3 a dos efectivos con lesiones leves en brazos y antebrazos, constatadas por la m\u00e9dica policial.<\/p>\n<p>Tras el ataque, y con apoyo del personal de la Divisi\u00f3n Comando Centro, se despleg\u00f3 un operativo en la zona que permiti\u00f3 la detenci\u00f3n de Rosana C. (30), Araceli F. (24), Marcelo D. (20) y Joel F. (26), todos domiciliados en cercan\u00edas de las calles Serrano y 25 de Mayo.<\/p>\n<p>Los detenidos fueron puestos a disposici\u00f3n de la Comisar\u00eda Seccional Primera en el marco de una causa por lesiones, amenazas, resistencia a la autoridad y entorpecimiento de un procedimiento judicial. En tanto, contin\u00faan los operativos en el barrio.<\/p>\n<p><img decoding=\"async\" class=\"aligncenter size-full wp-image-6316\" src=\"https:\/\/alberdi.uno\/wp-content\/uploads\/2026\/04\/poli2-24.jpg\" sizes=\"(max-width: 640px) 100vw, 640px\" srcset=\"https:\/\/agenciamisiones.uno\/wp-content\/uploads\/2026\/04\/poli2-24-200x267.jpg 200w, https:\/\/agenciamisiones.uno\/wp-content\/uploads\/2026\/04\/poli2-24-225x300.jpg 225w, https:\/\/agenciamisiones.uno\/wp-content\/uploads\/2026\/04\/poli2-24-400x533.jpg 400w, https:\/\/agenciamisiones.uno\/wp-content\/uploads\/2026\/04\/poli2-24-600x800.jpg 600w, https:\/\/alberdi.uno\/wp-content\/uploads\/2026\/04\/poli2-24.jpg 640w\" alt=\"\" width=\"640\" height=\"853\"> <img decoding=\"async\" class=\"aligncenter size-full wp-image-6317\" src=\"https:\/\/alberdi.uno\/wp-content\/uploads\/2026\/04\/poli1-25.jpg\" sizes=\"(max-width: 640px) 100vw, 640px\" srcset=\"https:\/\/agenciamisiones.uno\/wp-content\/uploads\/2026\/04\/poli1-25-200x267.jpg 200w, https:\/\/agenciamisiones.uno\/wp-content\/uploads\/2026\/04\/poli1-25-225x300.jpg 225w, https:\/\/agenciamisiones.uno\/wp-content\/uploads\/2026\/04\/poli1-25-400x533.jpg 400w, https:\/\/agenciamisiones.uno\/wp-content\/uploads\/2026\/04\/poli1-25-600x800.jpg 600w, https:\/\/alberdi.uno\/wp-content\/uploads\/2026\/04\/poli1-25.jpg 640w\" alt=\"\" width=\"640\" height=\"853\"><\/p>\n<p>Fuente: <a href=\"https:\/\/agenciamisiones.uno\/\">Agencia Misiones.uno<\/a>.<\/p>\n<\/div>\n<\/div>\n","protected":false},"excerpt":{"rendered":"<p>AGENCIA MISIONES.UNO | Dos hombres y dos mujeres fueron arrestados  [&#8230;]<\/p>\n","protected":false},"author":1,"featured_media":1334,"comment_status":"closed","ping_status":"closed","sticky":false,"template":"","format":"standard","meta":{"fifu_image_url":"","fifu_image_alt":"","footnotes":""},"categories":[18,23,152],"tags":[],"class_list":["post-1333","post","type-post","status-publish","format-standard","has-post-thumbnail","hentry","category-obera","category-policia-de-misiones","category-red-obera"],"acf":[],"yoast_head":"<!-- This site is optimized with the Yoast SEO plugin v26.7 - https:\/\/yoast.com\/wordpress\/plugins\/seo\/ -->\n<title>Ober\u00e1: cuatro detenidos por atacar a la Polic\u00eda a piedrazos para impedir la captura de un pr\u00f3fugo - Alberdi .UNO - Red Misiones.uno<\/title>\n<meta name=\"robots\" content=\"index, follow, max-snippet:-1, max-image-preview:large, max-video-preview:-1\" \/>\n<link rel=\"canonical\" href=\"https:\/\/alberdi.uno\/index.php\/2026\/04\/04\/obera-cuatro-detenidos-por-atacar-a-la-policia-a-piedrazos-para-impedir-la-captura-de-un-profugo\/\" \/>\n<meta property=\"og:locale\" content=\"es_ES\" \/>\n<meta property=\"og:type\" content=\"article\" \/>\n<meta property=\"og:title\" content=\"Ober\u00e1: cuatro detenidos por atacar a la Polic\u00eda a piedrazos para impedir la captura de un pr\u00f3fugo - Alberdi .UNO - Red Misiones.uno\" \/>\n<meta property=\"og:description\" content=\"AGENCIA MISIONES.UNO | Dos hombres y dos mujeres fueron arrestados [...]\" \/>\n<meta property=\"og:url\" content=\"https:\/\/alberdi.uno\/index.php\/2026\/04\/04\/obera-cuatro-detenidos-por-atacar-a-la-policia-a-piedrazos-para-impedir-la-captura-de-un-profugo\/\" \/>\n<meta property=\"og:site_name\" content=\"Alberdi .UNO - Red Misiones.uno\" \/>\n<meta property=\"article:published_time\" content=\"2026-04-04T23:25:00+00:00\" \/>\n<meta name=\"author\" content=\"admin\" \/>\n<meta name=\"twitter:card\" content=\"summary_large_image\" \/>\n<meta name=\"twitter:label1\" content=\"Escrito por\" \/>\n\t<meta name=\"twitter:data1\" content=\"admin\" \/>\n\t<meta name=\"twitter:label2\" content=\"Tiempo de lectura\" \/>\n\t<meta name=\"twitter:data2\" content=\"1 minuto\" \/>\n<script type=\"application\/ld+json\" class=\"yoast-schema-graph\">{\"@context\":\"https:\/\/schema.org\",\"@graph\":[{\"@type\":\"Article\",\"@id\":\"https:\/\/alberdi.uno\/index.php\/2026\/04\/04\/obera-cuatro-detenidos-por-atacar-a-la-policia-a-piedrazos-para-impedir-la-captura-de-un-profugo\/#article\",\"isPartOf\":{\"@id\":\"https:\/\/alberdi.uno\/index.php\/2026\/04\/04\/obera-cuatro-detenidos-por-atacar-a-la-policia-a-piedrazos-para-impedir-la-captura-de-un-profugo\/\"},\"author\":{\"name\":\"admin\",\"@id\":\"https:\/\/alberdi.uno\/#\/schema\/person\/7af09aba735a9b91f78556601849d2c6\"},\"headline\":\"Ober\u00e1: cuatro detenidos por atacar a la Polic\u00eda a piedrazos para impedir la captura de un pr\u00f3fugo\",\"datePublished\":\"2026-04-04T23:25:00+00:00\",\"mainEntityOfPage\":{\"@id\":\"https:\/\/alberdi.uno\/index.php\/2026\/04\/04\/obera-cuatro-detenidos-por-atacar-a-la-policia-a-piedrazos-para-impedir-la-captura-de-un-profugo\/\"},\"wordCount\":277,\"image\":{\"@id\":\"https:\/\/alberdi.uno\/index.php\/2026\/04\/04\/obera-cuatro-detenidos-por-atacar-a-la-policia-a-piedrazos-para-impedir-la-captura-de-un-profugo\/#primaryimage\"},\"thumbnailUrl\":\"https:\/\/alberdi.uno\/wp-content\/uploads\/2026\/04\/poli4-4.jpg\",\"articleSection\":[\"Ober\u00e1\",\"Polic\u00eda de Misiones\",\"Red Ober\u00e1\"],\"inLanguage\":\"es-AR\"},{\"@type\":\"WebPage\",\"@id\":\"https:\/\/alberdi.uno\/index.php\/2026\/04\/04\/obera-cuatro-detenidos-por-atacar-a-la-policia-a-piedrazos-para-impedir-la-captura-de-un-profugo\/\",\"url\":\"https:\/\/alberdi.uno\/index.php\/2026\/04\/04\/obera-cuatro-detenidos-por-atacar-a-la-policia-a-piedrazos-para-impedir-la-captura-de-un-profugo\/\",\"name\":\"Ober\u00e1: cuatro detenidos por atacar a la Polic\u00eda a piedrazos para impedir la captura de un pr\u00f3fugo - Alberdi .UNO - Red Misiones.uno\",\"isPartOf\":{\"@id\":\"https:\/\/alberdi.uno\/#website\"},\"primaryImageOfPage\":{\"@id\":\"https:\/\/alberdi.uno\/index.php\/2026\/04\/04\/obera-cuatro-detenidos-por-atacar-a-la-policia-a-piedrazos-para-impedir-la-captura-de-un-profugo\/#primaryimage\"},\"image\":{\"@id\":\"https:\/\/alberdi.uno\/index.php\/2026\/04\/04\/obera-cuatro-detenidos-por-atacar-a-la-policia-a-piedrazos-para-impedir-la-captura-de-un-profugo\/#primaryimage\"},\"thumbnailUrl\":\"https:\/\/alberdi.uno\/wp-content\/uploads\/2026\/04\/poli4-4.jpg\",\"datePublished\":\"2026-04-04T23:25:00+00:00\",\"author\":{\"@id\":\"https:\/\/alberdi.uno\/#\/schema\/person\/7af09aba735a9b91f78556601849d2c6\"},\"breadcrumb\":{\"@id\":\"https:\/\/alberdi.uno\/index.php\/2026\/04\/04\/obera-cuatro-detenidos-por-atacar-a-la-policia-a-piedrazos-para-impedir-la-captura-de-un-profugo\/#breadcrumb\"},\"inLanguage\":\"es-AR\",\"potentialAction\":[{\"@type\":\"ReadAction\",\"target\":[\"https:\/\/alberdi.uno\/index.php\/2026\/04\/04\/obera-cuatro-detenidos-por-atacar-a-la-policia-a-piedrazos-para-impedir-la-captura-de-un-profugo\/\"]}]},{\"@type\":\"ImageObject\",\"inLanguage\":\"es-AR\",\"@id\":\"https:\/\/alberdi.uno\/index.php\/2026\/04\/04\/obera-cuatro-detenidos-por-atacar-a-la-policia-a-piedrazos-para-impedir-la-captura-de-un-profugo\/#primaryimage\",\"url\":\"https:\/\/alberdi.uno\/wp-content\/uploads\/2026\/04\/poli4-4.jpg\",\"contentUrl\":\"https:\/\/alberdi.uno\/wp-content\/uploads\/2026\/04\/poli4-4.jpg\",\"width\":640,\"height\":853},{\"@type\":\"BreadcrumbList\",\"@id\":\"https:\/\/alberdi.uno\/index.php\/2026\/04\/04\/obera-cuatro-detenidos-por-atacar-a-la-policia-a-piedrazos-para-impedir-la-captura-de-un-profugo\/#breadcrumb\",\"itemListElement\":[{\"@type\":\"ListItem\",\"position\":1,\"name\":\"Inicio\",\"item\":\"https:\/\/alberdi.uno\/\"},{\"@type\":\"ListItem\",\"position\":2,\"name\":\"Ober\u00e1: cuatro detenidos por atacar a la Polic\u00eda a piedrazos para impedir la captura de un pr\u00f3fugo\"}]},{\"@type\":\"WebSite\",\"@id\":\"https:\/\/alberdi.uno\/#website\",\"url\":\"https:\/\/alberdi.uno\/\",\"name\":\"Alberdi .UNO - Red Misiones.uno\",\"description\":\"Noticias de Colonia Alberdi\",\"potentialAction\":[{\"@type\":\"SearchAction\",\"target\":{\"@type\":\"EntryPoint\",\"urlTemplate\":\"https:\/\/alberdi.uno\/?s={search_term_string}\"},\"query-input\":{\"@type\":\"PropertyValueSpecification\",\"valueRequired\":true,\"valueName\":\"search_term_string\"}}],\"inLanguage\":\"es-AR\"},{\"@type\":\"Person\",\"@id\":\"https:\/\/alberdi.uno\/#\/schema\/person\/7af09aba735a9b91f78556601849d2c6\",\"name\":\"admin\",\"image\":{\"@type\":\"ImageObject\",\"inLanguage\":\"es-AR\",\"@id\":\"https:\/\/alberdi.uno\/#\/schema\/person\/image\/\",\"url\":\"https:\/\/secure.gravatar.com\/avatar\/988cc68d97727f2265e15e4e04f35d45d93f5493d81192c37b6fcdf6407dba8c?s=96&d=mm&r=g\",\"contentUrl\":\"https:\/\/secure.gravatar.com\/avatar\/988cc68d97727f2265e15e4e04f35d45d93f5493d81192c37b6fcdf6407dba8c?s=96&d=mm&r=g\",\"caption\":\"admin\"},\"sameAs\":[\"http:\/\/alberdi.uno\"],\"url\":\"https:\/\/alberdi.uno\/index.php\/author\/admin\/\"}]}<\/script>\n<!-- \/ Yoast SEO plugin. -->","yoast_head_json":{"title":"Ober\u00e1: cuatro detenidos por atacar a la Polic\u00eda a piedrazos para impedir la captura de un pr\u00f3fugo - Alberdi .UNO - Red Misiones.uno","robots":{"index":"index","follow":"follow","max-snippet":"max-snippet:-1","max-image-preview":"max-image-preview:large","max-video-preview":"max-video-preview:-1"},"canonical":"https:\/\/alberdi.uno\/index.php\/2026\/04\/04\/obera-cuatro-detenidos-por-atacar-a-la-policia-a-piedrazos-para-impedir-la-captura-de-un-profugo\/","og_locale":"es_ES","og_type":"article","og_title":"Ober\u00e1: cuatro detenidos por atacar a la Polic\u00eda a piedrazos para impedir la captura de un pr\u00f3fugo - Alberdi .UNO - Red Misiones.uno","og_description":"AGENCIA MISIONES.UNO | Dos hombres y dos mujeres fueron arrestados [...]","og_url":"https:\/\/alberdi.uno\/index.php\/2026\/04\/04\/obera-cuatro-detenidos-por-atacar-a-la-policia-a-piedrazos-para-impedir-la-captura-de-un-profugo\/","og_site_name":"Alberdi .UNO - Red Misiones.uno","article_published_time":"2026-04-04T23:25:00+00:00","author":"admin","twitter_card":"summary_large_image","twitter_misc":{"Escrito por":"admin","Tiempo de lectura":"1 minuto"},"schema":{"@context":"https:\/\/schema.org","@graph":[{"@type":"Article","@id":"https:\/\/alberdi.uno\/index.php\/2026\/04\/04\/obera-cuatro-detenidos-por-atacar-a-la-policia-a-piedrazos-para-impedir-la-captura-de-un-profugo\/#article","isPartOf":{"@id":"https:\/\/alberdi.uno\/index.php\/2026\/04\/04\/obera-cuatro-detenidos-por-atacar-a-la-policia-a-piedrazos-para-impedir-la-captura-de-un-profugo\/"},"author":{"name":"admin","@id":"https:\/\/alberdi.uno\/#\/schema\/person\/7af09aba735a9b91f78556601849d2c6"},"headline":"Ober\u00e1: cuatro detenidos por atacar a la Polic\u00eda a piedrazos para impedir la captura de un pr\u00f3fugo","datePublished":"2026-04-04T23:25:00+00:00","mainEntityOfPage":{"@id":"https:\/\/alberdi.uno\/index.php\/2026\/04\/04\/obera-cuatro-detenidos-por-atacar-a-la-policia-a-piedrazos-para-impedir-la-captura-de-un-profugo\/"},"wordCount":277,"image":{"@id":"https:\/\/alberdi.uno\/index.php\/2026\/04\/04\/obera-cuatro-detenidos-por-atacar-a-la-policia-a-piedrazos-para-impedir-la-captura-de-un-profugo\/#primaryimage"},"thumbnailUrl":"https:\/\/alberdi.uno\/wp-content\/uploads\/2026\/04\/poli4-4.jpg","articleSection":["Ober\u00e1","Polic\u00eda de Misiones","Red Ober\u00e1"],"inLanguage":"es-AR"},{"@type":"WebPage","@id":"https:\/\/alberdi.uno\/index.php\/2026\/04\/04\/obera-cuatro-detenidos-por-atacar-a-la-policia-a-piedrazos-para-impedir-la-captura-de-un-profugo\/","url":"https:\/\/alberdi.uno\/index.php\/2026\/04\/04\/obera-cuatro-detenidos-por-atacar-a-la-policia-a-piedrazos-para-impedir-la-captura-de-un-profugo\/","name":"Ober\u00e1: cuatro detenidos por atacar a la Polic\u00eda a piedrazos para impedir la captura de un pr\u00f3fugo - Alberdi .UNO - Red Misiones.uno","isPartOf":{"@id":"https:\/\/alberdi.uno\/#website"},"primaryImageOfPage":{"@id":"https:\/\/alberdi.uno\/index.php\/2026\/04\/04\/obera-cuatro-detenidos-por-atacar-a-la-policia-a-piedrazos-para-impedir-la-captura-de-un-profugo\/#primaryimage"},"image":{"@id":"https:\/\/alberdi.uno\/index.php\/2026\/04\/04\/obera-cuatro-detenidos-por-atacar-a-la-policia-a-piedrazos-para-impedir-la-captura-de-un-profugo\/#primaryimage"},"thumbnailUrl":"https:\/\/alberdi.uno\/wp-content\/uploads\/2026\/04\/poli4-4.jpg","datePublished":"2026-04-04T23:25:00+00:00","author":{"@id":"https:\/\/alberdi.uno\/#\/schema\/person\/7af09aba735a9b91f78556601849d2c6"},"breadcrumb":{"@id":"https:\/\/alberdi.uno\/index.php\/2026\/04\/04\/obera-cuatro-detenidos-por-atacar-a-la-policia-a-piedrazos-para-impedir-la-captura-de-un-profugo\/#breadcrumb"},"inLanguage":"es-AR","potentialAction":[{"@type":"ReadAction","target":["https:\/\/alberdi.uno\/index.php\/2026\/04\/04\/obera-cuatro-detenidos-por-atacar-a-la-policia-a-piedrazos-para-impedir-la-captura-de-un-profugo\/"]}]},{"@type":"ImageObject","inLanguage":"es-AR","@id":"https:\/\/alberdi.uno\/index.php\/2026\/04\/04\/obera-cuatro-detenidos-por-atacar-a-la-policia-a-piedrazos-para-impedir-la-captura-de-un-profugo\/#primaryimage","url":"https:\/\/alberdi.uno\/wp-content\/uploads\/2026\/04\/poli4-4.jpg","contentUrl":"https:\/\/alberdi.uno\/wp-content\/uploads\/2026\/04\/poli4-4.jpg","width":640,"height":853},{"@type":"BreadcrumbList","@id":"https:\/\/alberdi.uno\/index.php\/2026\/04\/04\/obera-cuatro-detenidos-por-atacar-a-la-policia-a-piedrazos-para-impedir-la-captura-de-un-profugo\/#breadcrumb","itemListElement":[{"@type":"ListItem","position":1,"name":"Inicio","item":"https:\/\/alberdi.uno\/"},{"@type":"ListItem","position":2,"name":"Ober\u00e1: cuatro detenidos por atacar a la Polic\u00eda a piedrazos para impedir la captura de un pr\u00f3fugo"}]},{"@type":"WebSite","@id":"https:\/\/alberdi.uno\/#website","url":"https:\/\/alberdi.uno\/","name":"Alberdi .UNO - Red Misiones.uno","description":"Noticias de Colonia Alberdi","potentialAction":[{"@type":"SearchAction","target":{"@type":"EntryPoint","urlTemplate":"https:\/\/alberdi.uno\/?s={search_term_string}"},"query-input":{"@type":"PropertyValueSpecification","valueRequired":true,"valueName":"search_term_string"}}],"inLanguage":"es-AR"},{"@type":"Person","@id":"https:\/\/alberdi.uno\/#\/schema\/person\/7af09aba735a9b91f78556601849d2c6","name":"admin","image":{"@type":"ImageObject","inLanguage":"es-AR","@id":"https:\/\/alberdi.uno\/#\/schema\/person\/image\/","url":"https:\/\/secure.gravatar.com\/avatar\/988cc68d97727f2265e15e4e04f35d45d93f5493d81192c37b6fcdf6407dba8c?s=96&d=mm&r=g","contentUrl":"https:\/\/secure.gravatar.com\/avatar\/988cc68d97727f2265e15e4e04f35d45d93f5493d81192c37b6fcdf6407dba8c?s=96&d=mm&r=g","caption":"admin"},"sameAs":["http:\/\/alberdi.uno"],"url":"https:\/\/alberdi.uno\/index.php\/author\/admin\/"}]}},"_links":{"self":[{"href":"https:\/\/alberdi.uno\/index.php\/wp-json\/wp\/v2\/posts\/1333","targetHints":{"allow":["GET"]}}],"collection":[{"href":"https:\/\/alberdi.uno\/index.php\/wp-json\/wp\/v2\/posts"}],"about":[{"href":"https:\/\/alberdi.uno\/index.php\/wp-json\/wp\/v2\/types\/post"}],"author":[{"embeddable":true,"href":"https:\/\/alberdi.uno\/index.php\/wp-json\/wp\/v2\/users\/1"}],"replies":[{"embeddable":true,"href":"https:\/\/alberdi.uno\/index.php\/wp-json\/wp\/v2\/comments?post=1333"}],"version-history":[{"count":0,"href":"https:\/\/alberdi.uno\/index.php\/wp-json\/wp\/v2\/posts\/1333\/revisions"}],"wp:featuredmedia":[{"embeddable":true,"href":"https:\/\/alberdi.uno\/index.php\/wp-json\/wp\/v2\/media\/1334"}],"wp:attachment":[{"href":"https:\/\/alberdi.uno\/index.php\/wp-json\/wp\/v2\/media?parent=1333"}],"wp:term":[{"taxonomy":"category","embeddable":true,"href":"https:\/\/alberdi.uno\/index.php\/wp-json\/wp\/v2\/categories?post=1333"},{"taxonomy":"post_tag","embeddable":true,"href":"https:\/\/alberdi.uno\/index.php\/wp-json\/wp\/v2\/tags?post=1333"}],"curies":[{"name":"wp","href":"https:\/\/api.w.org\/{rel}","templated":true}]}}