{"id":1325,"date":"2026-04-04T01:37:24","date_gmt":"2026-04-04T04:37:24","guid":{"rendered":"https:\/\/alberdi.uno\/index.php\/2026\/04\/04\/colonia-alberdi-multitudinaria-participacion-en-el-via-crucis-del-monte-de-los-olivos\/"},"modified":"2026-04-04T01:37:24","modified_gmt":"2026-04-04T04:37:24","slug":"colonia-alberdi-multitudinaria-participacion-en-el-via-crucis-del-monte-de-los-olivos","status":"publish","type":"post","link":"https:\/\/alberdi.uno\/index.php\/2026\/04\/04\/colonia-alberdi-multitudinaria-participacion-en-el-via-crucis-del-monte-de-los-olivos\/","title":{"rendered":"Colonia Alberdi: multitudinaria participaci\u00f3n en el V\u00eda Crucis del Monte de los Olivos"},"content":{"rendered":"<div>\n<div>\n<p><strong><a href=\"https:\/\/agenciamisiones.uno\/\">AGENCIA MISIONES.UNO<\/a> | <\/strong><strong data-start=\"88\" data-end=\"359\">En el marco de la Semana Santa, numerosos fieles participaron del tradicional V\u00eda Crucis en el Monte de los Olivos de Colonia Alberdi, en una jornada marcada por la fe, la reflexi\u00f3n y la participaci\u00f3n comunitaria.<\/strong><\/p>\n<p data-start=\"361\" data-end=\"679\">Un importante n\u00famero de personas ascendi\u00f3 al monte para recorrer las distintas estaciones, en una actividad que convoc\u00f3 a familias, j\u00f3venes y adultos mayores. Las condiciones clim\u00e1ticas acompa\u00f1aron la jornada, permitiendo que el recorrido se desarrollara con normalidad y en un ambiente propicio para la contemplaci\u00f3n.<\/p>\n<p data-start=\"681\" data-end=\"1016\">Durante la traves\u00eda, se realizaron pausas para lecturas y cantos, que guiaron cada momento del V\u00eda Crucis y fortalecieron el sentido espiritual de la experiencia. La participaci\u00f3n activa de los presentes reflej\u00f3 una manifestaci\u00f3n de fe que se renueva en cada encuentro y que encuentra en estos espacios un lugar de expresi\u00f3n colectiva.<\/p>\n<p data-start=\"1018\" data-end=\"1231\">La convocatoria tambi\u00e9n cont\u00f3 con la presencia de vecinos provenientes de parajes y municipios cercanos, quienes eligieron el Monte de los Olivos como un espacio de retiro y reflexi\u00f3n en estos d\u00edas significativos.<\/p>\n<p data-start=\"1233\" data-end=\"1468\">Desde el municipio destacaron la importancia de este sitio como un punto de encuentro religioso y comunitario, que adem\u00e1s se consolida como una propuesta tur\u00edstica durante todo el a\u00f1o, integrando naturaleza, espiritualidad y tradici\u00f3n.<\/p>\n<p><img fetchpriority=\"high\" decoding=\"async\" class=\"aligncenter size-full wp-image-20132\" src=\"https:\/\/alberdi.uno\/wp-content\/uploads\/2026\/04\/ALBERDI6.jpg\" alt=\"\" width=\"640\" height=\"853\" srcset=\"https:\/\/misiones.uno\/wp-content\/uploads\/2026\/04\/ALBERDI6-200x267.jpg 200w, https:\/\/misiones.uno\/wp-content\/uploads\/2026\/04\/ALBERDI6-225x300.jpg 225w, https:\/\/misiones.uno\/wp-content\/uploads\/2026\/04\/ALBERDI6-400x533.jpg 400w, https:\/\/misiones.uno\/wp-content\/uploads\/2026\/04\/ALBERDI6-600x800.jpg 600w, https:\/\/alberdi.uno\/wp-content\/uploads\/2026\/04\/ALBERDI6.jpg 640w\" sizes=\"(max-width: 640px) 100vw, 640px\"><img decoding=\"async\" class=\"aligncenter size-full wp-image-6207\" src=\"https:\/\/alberdi.uno\/wp-content\/uploads\/2026\/04\/alberdi3.jpg\" sizes=\"(max-width: 640px) 100vw, 640px\" srcset=\"https:\/\/agenciamisiones.uno\/wp-content\/uploads\/2026\/04\/alberdi3-200x267.jpg 200w, https:\/\/agenciamisiones.uno\/wp-content\/uploads\/2026\/04\/alberdi3-225x300.jpg 225w, https:\/\/agenciamisiones.uno\/wp-content\/uploads\/2026\/04\/alberdi3-400x533.jpg 400w, https:\/\/agenciamisiones.uno\/wp-content\/uploads\/2026\/04\/alberdi3-600x800.jpg 600w, https:\/\/alberdi.uno\/wp-content\/uploads\/2026\/04\/alberdi3.jpg 640w\" alt=\"\" width=\"640\" height=\"853\"> <img decoding=\"async\" class=\"aligncenter size-full wp-image-6208\" src=\"https:\/\/alberdi.uno\/wp-content\/uploads\/2026\/04\/alberdi2-1.jpg\" sizes=\"(max-width: 640px) 100vw, 640px\" srcset=\"https:\/\/agenciamisiones.uno\/wp-content\/uploads\/2026\/04\/alberdi2-1-200x267.jpg 200w, https:\/\/agenciamisiones.uno\/wp-content\/uploads\/2026\/04\/alberdi2-1-225x300.jpg 225w, https:\/\/agenciamisiones.uno\/wp-content\/uploads\/2026\/04\/alberdi2-1-400x533.jpg 400w, https:\/\/agenciamisiones.uno\/wp-content\/uploads\/2026\/04\/alberdi2-1-600x800.jpg 600w, https:\/\/alberdi.uno\/wp-content\/uploads\/2026\/04\/alberdi2-1.jpg 640w\" alt=\"\" width=\"640\" height=\"853\"> <img decoding=\"async\" class=\"aligncenter size-full wp-image-6209\" src=\"https:\/\/alberdi.uno\/wp-content\/uploads\/2026\/04\/alberdi1-1.jpg\" sizes=\"(max-width: 640px) 100vw, 640px\" srcset=\"https:\/\/agenciamisiones.uno\/wp-content\/uploads\/2026\/04\/alberdi1-1-200x267.jpg 200w, https:\/\/agenciamisiones.uno\/wp-content\/uploads\/2026\/04\/alberdi1-1-225x300.jpg 225w, https:\/\/agenciamisiones.uno\/wp-content\/uploads\/2026\/04\/alberdi1-1-400x533.jpg 400w, https:\/\/agenciamisiones.uno\/wp-content\/uploads\/2026\/04\/alberdi1-1-600x800.jpg 600w, https:\/\/alberdi.uno\/wp-content\/uploads\/2026\/04\/alberdi1-1.jpg 640w\" alt=\"\" width=\"640\" height=\"853\"><\/p>\n<p>Fuente: <a href=\"https:\/\/agenciamisiones.uno\/\">Agencia Misiones.uno<\/a>.<\/p>\n<\/div>\n<\/div>\n","protected":false},"excerpt":{"rendered":"<p>AGENCIA MISIONES.UNO | En el marco de la Semana Santa,  [&#8230;]<\/p>\n","protected":false},"author":1,"featured_media":1326,"comment_status":"closed","ping_status":"closed","sticky":false,"template":"","format":"standard","meta":{"fifu_image_url":"","fifu_image_alt":"","footnotes":""},"categories":[38,149,97,152,21],"tags":[],"class_list":["post-1325","post","type-post","status-publish","format-standard","has-post-thumbnail","hentry","category-alberdi","category-gobiernos-municipales","category-misionesturismo-uno","category-red-obera","category-turismo"],"acf":[],"yoast_head":"<!-- This site is optimized with the Yoast SEO plugin v26.7 - https:\/\/yoast.com\/wordpress\/plugins\/seo\/ -->\n<title>Colonia Alberdi: multitudinaria participaci\u00f3n en el V\u00eda Crucis del Monte de los Olivos - Alberdi .UNO - Red Misiones.uno<\/title>\n<meta name=\"robots\" content=\"index, follow, max-snippet:-1, max-image-preview:large, max-video-preview:-1\" \/>\n<link rel=\"canonical\" href=\"https:\/\/alberdi.uno\/index.php\/2026\/04\/04\/colonia-alberdi-multitudinaria-participacion-en-el-via-crucis-del-monte-de-los-olivos\/\" \/>\n<meta property=\"og:locale\" content=\"es_ES\" \/>\n<meta property=\"og:type\" content=\"article\" \/>\n<meta property=\"og:title\" content=\"Colonia Alberdi: multitudinaria participaci\u00f3n en el V\u00eda Crucis del Monte de los Olivos - Alberdi .UNO - Red Misiones.uno\" \/>\n<meta property=\"og:description\" content=\"AGENCIA MISIONES.UNO | En el marco de la Semana Santa, [...]\" \/>\n<meta property=\"og:url\" content=\"https:\/\/alberdi.uno\/index.php\/2026\/04\/04\/colonia-alberdi-multitudinaria-participacion-en-el-via-crucis-del-monte-de-los-olivos\/\" \/>\n<meta property=\"og:site_name\" content=\"Alberdi .UNO - Red Misiones.uno\" \/>\n<meta property=\"article:published_time\" content=\"2026-04-04T04:37:24+00:00\" \/>\n<meta name=\"author\" content=\"admin\" \/>\n<meta name=\"twitter:card\" content=\"summary_large_image\" \/>\n<meta name=\"twitter:label1\" content=\"Escrito por\" \/>\n\t<meta name=\"twitter:data1\" content=\"admin\" \/>\n\t<meta name=\"twitter:label2\" content=\"Tiempo de lectura\" \/>\n\t<meta name=\"twitter:data2\" content=\"1 minuto\" \/>\n<script type=\"application\/ld+json\" class=\"yoast-schema-graph\">{\"@context\":\"https:\/\/schema.org\",\"@graph\":[{\"@type\":\"Article\",\"@id\":\"https:\/\/alberdi.uno\/index.php\/2026\/04\/04\/colonia-alberdi-multitudinaria-participacion-en-el-via-crucis-del-monte-de-los-olivos\/#article\",\"isPartOf\":{\"@id\":\"https:\/\/alberdi.uno\/index.php\/2026\/04\/04\/colonia-alberdi-multitudinaria-participacion-en-el-via-crucis-del-monte-de-los-olivos\/\"},\"author\":{\"name\":\"admin\",\"@id\":\"https:\/\/alberdi.uno\/#\/schema\/person\/7af09aba735a9b91f78556601849d2c6\"},\"headline\":\"Colonia Alberdi: multitudinaria participaci\u00f3n en el V\u00eda Crucis del Monte de los Olivos\",\"datePublished\":\"2026-04-04T04:37:24+00:00\",\"mainEntityOfPage\":{\"@id\":\"https:\/\/alberdi.uno\/index.php\/2026\/04\/04\/colonia-alberdi-multitudinaria-participacion-en-el-via-crucis-del-monte-de-los-olivos\/\"},\"wordCount\":244,\"image\":{\"@id\":\"https:\/\/alberdi.uno\/index.php\/2026\/04\/04\/colonia-alberdi-multitudinaria-participacion-en-el-via-crucis-del-monte-de-los-olivos\/#primaryimage\"},\"thumbnailUrl\":\"https:\/\/alberdi.uno\/wp-content\/uploads\/2026\/04\/ALBERDI6.jpg\",\"articleSection\":[\"Alberdi\",\"Gobiernos Municipales\",\"MISIONESTURISMO.UNO\",\"Red Ober\u00e1\",\"Turismo\"],\"inLanguage\":\"es-AR\"},{\"@type\":\"WebPage\",\"@id\":\"https:\/\/alberdi.uno\/index.php\/2026\/04\/04\/colonia-alberdi-multitudinaria-participacion-en-el-via-crucis-del-monte-de-los-olivos\/\",\"url\":\"https:\/\/alberdi.uno\/index.php\/2026\/04\/04\/colonia-alberdi-multitudinaria-participacion-en-el-via-crucis-del-monte-de-los-olivos\/\",\"name\":\"Colonia Alberdi: multitudinaria participaci\u00f3n en el V\u00eda Crucis del Monte de los Olivos - Alberdi .UNO - Red Misiones.uno\",\"isPartOf\":{\"@id\":\"https:\/\/alberdi.uno\/#website\"},\"primaryImageOfPage\":{\"@id\":\"https:\/\/alberdi.uno\/index.php\/2026\/04\/04\/colonia-alberdi-multitudinaria-participacion-en-el-via-crucis-del-monte-de-los-olivos\/#primaryimage\"},\"image\":{\"@id\":\"https:\/\/alberdi.uno\/index.php\/2026\/04\/04\/colonia-alberdi-multitudinaria-participacion-en-el-via-crucis-del-monte-de-los-olivos\/#primaryimage\"},\"thumbnailUrl\":\"https:\/\/alberdi.uno\/wp-content\/uploads\/2026\/04\/ALBERDI6.jpg\",\"datePublished\":\"2026-04-04T04:37:24+00:00\",\"author\":{\"@id\":\"https:\/\/alberdi.uno\/#\/schema\/person\/7af09aba735a9b91f78556601849d2c6\"},\"breadcrumb\":{\"@id\":\"https:\/\/alberdi.uno\/index.php\/2026\/04\/04\/colonia-alberdi-multitudinaria-participacion-en-el-via-crucis-del-monte-de-los-olivos\/#breadcrumb\"},\"inLanguage\":\"es-AR\",\"potentialAction\":[{\"@type\":\"ReadAction\",\"target\":[\"https:\/\/alberdi.uno\/index.php\/2026\/04\/04\/colonia-alberdi-multitudinaria-participacion-en-el-via-crucis-del-monte-de-los-olivos\/\"]}]},{\"@type\":\"ImageObject\",\"inLanguage\":\"es-AR\",\"@id\":\"https:\/\/alberdi.uno\/index.php\/2026\/04\/04\/colonia-alberdi-multitudinaria-participacion-en-el-via-crucis-del-monte-de-los-olivos\/#primaryimage\",\"url\":\"https:\/\/alberdi.uno\/wp-content\/uploads\/2026\/04\/ALBERDI6.jpg\",\"contentUrl\":\"https:\/\/alberdi.uno\/wp-content\/uploads\/2026\/04\/ALBERDI6.jpg\",\"width\":640,\"height\":853},{\"@type\":\"BreadcrumbList\",\"@id\":\"https:\/\/alberdi.uno\/index.php\/2026\/04\/04\/colonia-alberdi-multitudinaria-participacion-en-el-via-crucis-del-monte-de-los-olivos\/#breadcrumb\",\"itemListElement\":[{\"@type\":\"ListItem\",\"position\":1,\"name\":\"Inicio\",\"item\":\"https:\/\/alberdi.uno\/\"},{\"@type\":\"ListItem\",\"position\":2,\"name\":\"Colonia Alberdi: multitudinaria participaci\u00f3n en el V\u00eda Crucis del Monte de los Olivos\"}]},{\"@type\":\"WebSite\",\"@id\":\"https:\/\/alberdi.uno\/#website\",\"url\":\"https:\/\/alberdi.uno\/\",\"name\":\"Alberdi .UNO - Red Misiones.uno\",\"description\":\"Noticias de Colonia Alberdi\",\"potentialAction\":[{\"@type\":\"SearchAction\",\"target\":{\"@type\":\"EntryPoint\",\"urlTemplate\":\"https:\/\/alberdi.uno\/?s={search_term_string}\"},\"query-input\":{\"@type\":\"PropertyValueSpecification\",\"valueRequired\":true,\"valueName\":\"search_term_string\"}}],\"inLanguage\":\"es-AR\"},{\"@type\":\"Person\",\"@id\":\"https:\/\/alberdi.uno\/#\/schema\/person\/7af09aba735a9b91f78556601849d2c6\",\"name\":\"admin\",\"image\":{\"@type\":\"ImageObject\",\"inLanguage\":\"es-AR\",\"@id\":\"https:\/\/alberdi.uno\/#\/schema\/person\/image\/\",\"url\":\"https:\/\/secure.gravatar.com\/avatar\/988cc68d97727f2265e15e4e04f35d45d93f5493d81192c37b6fcdf6407dba8c?s=96&d=mm&r=g\",\"contentUrl\":\"https:\/\/secure.gravatar.com\/avatar\/988cc68d97727f2265e15e4e04f35d45d93f5493d81192c37b6fcdf6407dba8c?s=96&d=mm&r=g\",\"caption\":\"admin\"},\"sameAs\":[\"http:\/\/alberdi.uno\"],\"url\":\"https:\/\/alberdi.uno\/index.php\/author\/admin\/\"}]}<\/script>\n<!-- \/ Yoast SEO plugin. -->","yoast_head_json":{"title":"Colonia Alberdi: multitudinaria participaci\u00f3n en el V\u00eda Crucis del Monte de los Olivos - Alberdi .UNO - Red Misiones.uno","robots":{"index":"index","follow":"follow","max-snippet":"max-snippet:-1","max-image-preview":"max-image-preview:large","max-video-preview":"max-video-preview:-1"},"canonical":"https:\/\/alberdi.uno\/index.php\/2026\/04\/04\/colonia-alberdi-multitudinaria-participacion-en-el-via-crucis-del-monte-de-los-olivos\/","og_locale":"es_ES","og_type":"article","og_title":"Colonia Alberdi: multitudinaria participaci\u00f3n en el V\u00eda Crucis del Monte de los Olivos - Alberdi .UNO - Red Misiones.uno","og_description":"AGENCIA MISIONES.UNO | En el marco de la Semana Santa, [...]","og_url":"https:\/\/alberdi.uno\/index.php\/2026\/04\/04\/colonia-alberdi-multitudinaria-participacion-en-el-via-crucis-del-monte-de-los-olivos\/","og_site_name":"Alberdi .UNO - Red Misiones.uno","article_published_time":"2026-04-04T04:37:24+00:00","author":"admin","twitter_card":"summary_large_image","twitter_misc":{"Escrito por":"admin","Tiempo de lectura":"1 minuto"},"schema":{"@context":"https:\/\/schema.org","@graph":[{"@type":"Article","@id":"https:\/\/alberdi.uno\/index.php\/2026\/04\/04\/colonia-alberdi-multitudinaria-participacion-en-el-via-crucis-del-monte-de-los-olivos\/#article","isPartOf":{"@id":"https:\/\/alberdi.uno\/index.php\/2026\/04\/04\/colonia-alberdi-multitudinaria-participacion-en-el-via-crucis-del-monte-de-los-olivos\/"},"author":{"name":"admin","@id":"https:\/\/alberdi.uno\/#\/schema\/person\/7af09aba735a9b91f78556601849d2c6"},"headline":"Colonia Alberdi: multitudinaria participaci\u00f3n en el V\u00eda Crucis del Monte de los Olivos","datePublished":"2026-04-04T04:37:24+00:00","mainEntityOfPage":{"@id":"https:\/\/alberdi.uno\/index.php\/2026\/04\/04\/colonia-alberdi-multitudinaria-participacion-en-el-via-crucis-del-monte-de-los-olivos\/"},"wordCount":244,"image":{"@id":"https:\/\/alberdi.uno\/index.php\/2026\/04\/04\/colonia-alberdi-multitudinaria-participacion-en-el-via-crucis-del-monte-de-los-olivos\/#primaryimage"},"thumbnailUrl":"https:\/\/alberdi.uno\/wp-content\/uploads\/2026\/04\/ALBERDI6.jpg","articleSection":["Alberdi","Gobiernos Municipales","MISIONESTURISMO.UNO","Red Ober\u00e1","Turismo"],"inLanguage":"es-AR"},{"@type":"WebPage","@id":"https:\/\/alberdi.uno\/index.php\/2026\/04\/04\/colonia-alberdi-multitudinaria-participacion-en-el-via-crucis-del-monte-de-los-olivos\/","url":"https:\/\/alberdi.uno\/index.php\/2026\/04\/04\/colonia-alberdi-multitudinaria-participacion-en-el-via-crucis-del-monte-de-los-olivos\/","name":"Colonia Alberdi: multitudinaria participaci\u00f3n en el V\u00eda Crucis del Monte de los Olivos - Alberdi .UNO - Red Misiones.uno","isPartOf":{"@id":"https:\/\/alberdi.uno\/#website"},"primaryImageOfPage":{"@id":"https:\/\/alberdi.uno\/index.php\/2026\/04\/04\/colonia-alberdi-multitudinaria-participacion-en-el-via-crucis-del-monte-de-los-olivos\/#primaryimage"},"image":{"@id":"https:\/\/alberdi.uno\/index.php\/2026\/04\/04\/colonia-alberdi-multitudinaria-participacion-en-el-via-crucis-del-monte-de-los-olivos\/#primaryimage"},"thumbnailUrl":"https:\/\/alberdi.uno\/wp-content\/uploads\/2026\/04\/ALBERDI6.jpg","datePublished":"2026-04-04T04:37:24+00:00","author":{"@id":"https:\/\/alberdi.uno\/#\/schema\/person\/7af09aba735a9b91f78556601849d2c6"},"breadcrumb":{"@id":"https:\/\/alberdi.uno\/index.php\/2026\/04\/04\/colonia-alberdi-multitudinaria-participacion-en-el-via-crucis-del-monte-de-los-olivos\/#breadcrumb"},"inLanguage":"es-AR","potentialAction":[{"@type":"ReadAction","target":["https:\/\/alberdi.uno\/index.php\/2026\/04\/04\/colonia-alberdi-multitudinaria-participacion-en-el-via-crucis-del-monte-de-los-olivos\/"]}]},{"@type":"ImageObject","inLanguage":"es-AR","@id":"https:\/\/alberdi.uno\/index.php\/2026\/04\/04\/colonia-alberdi-multitudinaria-participacion-en-el-via-crucis-del-monte-de-los-olivos\/#primaryimage","url":"https:\/\/alberdi.uno\/wp-content\/uploads\/2026\/04\/ALBERDI6.jpg","contentUrl":"https:\/\/alberdi.uno\/wp-content\/uploads\/2026\/04\/ALBERDI6.jpg","width":640,"height":853},{"@type":"BreadcrumbList","@id":"https:\/\/alberdi.uno\/index.php\/2026\/04\/04\/colonia-alberdi-multitudinaria-participacion-en-el-via-crucis-del-monte-de-los-olivos\/#breadcrumb","itemListElement":[{"@type":"ListItem","position":1,"name":"Inicio","item":"https:\/\/alberdi.uno\/"},{"@type":"ListItem","position":2,"name":"Colonia Alberdi: multitudinaria participaci\u00f3n en el V\u00eda Crucis del Monte de los Olivos"}]},{"@type":"WebSite","@id":"https:\/\/alberdi.uno\/#website","url":"https:\/\/alberdi.uno\/","name":"Alberdi .UNO - Red Misiones.uno","description":"Noticias de Colonia Alberdi","potentialAction":[{"@type":"SearchAction","target":{"@type":"EntryPoint","urlTemplate":"https:\/\/alberdi.uno\/?s={search_term_string}"},"query-input":{"@type":"PropertyValueSpecification","valueRequired":true,"valueName":"search_term_string"}}],"inLanguage":"es-AR"},{"@type":"Person","@id":"https:\/\/alberdi.uno\/#\/schema\/person\/7af09aba735a9b91f78556601849d2c6","name":"admin","image":{"@type":"ImageObject","inLanguage":"es-AR","@id":"https:\/\/alberdi.uno\/#\/schema\/person\/image\/","url":"https:\/\/secure.gravatar.com\/avatar\/988cc68d97727f2265e15e4e04f35d45d93f5493d81192c37b6fcdf6407dba8c?s=96&d=mm&r=g","contentUrl":"https:\/\/secure.gravatar.com\/avatar\/988cc68d97727f2265e15e4e04f35d45d93f5493d81192c37b6fcdf6407dba8c?s=96&d=mm&r=g","caption":"admin"},"sameAs":["http:\/\/alberdi.uno"],"url":"https:\/\/alberdi.uno\/index.php\/author\/admin\/"}]}},"_links":{"self":[{"href":"https:\/\/alberdi.uno\/index.php\/wp-json\/wp\/v2\/posts\/1325","targetHints":{"allow":["GET"]}}],"collection":[{"href":"https:\/\/alberdi.uno\/index.php\/wp-json\/wp\/v2\/posts"}],"about":[{"href":"https:\/\/alberdi.uno\/index.php\/wp-json\/wp\/v2\/types\/post"}],"author":[{"embeddable":true,"href":"https:\/\/alberdi.uno\/index.php\/wp-json\/wp\/v2\/users\/1"}],"replies":[{"embeddable":true,"href":"https:\/\/alberdi.uno\/index.php\/wp-json\/wp\/v2\/comments?post=1325"}],"version-history":[{"count":0,"href":"https:\/\/alberdi.uno\/index.php\/wp-json\/wp\/v2\/posts\/1325\/revisions"}],"wp:featuredmedia":[{"embeddable":true,"href":"https:\/\/alberdi.uno\/index.php\/wp-json\/wp\/v2\/media\/1326"}],"wp:attachment":[{"href":"https:\/\/alberdi.uno\/index.php\/wp-json\/wp\/v2\/media?parent=1325"}],"wp:term":[{"taxonomy":"category","embeddable":true,"href":"https:\/\/alberdi.uno\/index.php\/wp-json\/wp\/v2\/categories?post=1325"},{"taxonomy":"post_tag","embeddable":true,"href":"https:\/\/alberdi.uno\/index.php\/wp-json\/wp\/v2\/tags?post=1325"}],"curies":[{"name":"wp","href":"https:\/\/api.w.org\/{rel}","templated":true}]}}