{"id":1322,"date":"2026-04-04T01:25:44","date_gmt":"2026-04-04T04:25:44","guid":{"rendered":"https:\/\/alberdi.uno\/index.php\/2026\/04\/04\/colonia-alberdi-colonia-chapa-abrio-semana-santa-con-cine-bajo-las-estrellas\/"},"modified":"2026-04-04T01:25:44","modified_gmt":"2026-04-04T04:25:44","slug":"colonia-alberdi-colonia-chapa-abrio-semana-santa-con-cine-bajo-las-estrellas","status":"publish","type":"post","link":"https:\/\/alberdi.uno\/index.php\/2026\/04\/04\/colonia-alberdi-colonia-chapa-abrio-semana-santa-con-cine-bajo-las-estrellas\/","title":{"rendered":"Colonia Alberdi: Colonia Chap\u00e1 abri\u00f3 Semana Santa con cine bajo las estrellas"},"content":{"rendered":"<div>\n<div>\n<p><strong><a href=\"https:\/\/agenciamisiones.uno\/\">AGENCIA MISIONES.UNO<\/a> | La localidad de Colonia Alberdi dio inicio a las actividades de Semana Santa con una propuesta cultural y de reflexi\u00f3n en el mirador Cerros del Chap\u00e1, donde vecinos y visitantes disfrutaron de una funci\u00f3n de cine al aire libre.<\/strong><\/p>\n<p>Durante la noche del Jueves Santo, el punto panor\u00e1mico se transform\u00f3 en una sala improvisada para la proyecci\u00f3n de la pel\u00edcula \u201cLa Pasi\u00f3n de Cristo\u201d, convocando a unas 70 personas, entre vecinos de Alberdi y zonas cercanas, que se acercaron a compartir la experiencia en un entorno natural.<\/p>\n<p>Sin la presencia de butacas formales, los asistentes se acomodaron en silletas y sillas, generando un clima \u00edntimo que acompa\u00f1\u00f3 la emoci\u00f3n que despert\u00f3 el film. El paisaje, el silencio y la altura del mirador aportaron un marco especial a la jornada, reforzando el car\u00e1cter contemplativo de la actividad.<\/p>\n<p>La iniciativa tuvo como objetivo brindar un espacio de encuentro y reflexi\u00f3n en el contexto del feriado del 2 de abril y la Semana Santa. En ese sentido, el coordinador de turismo local, Mauro Biolatto, destac\u00f3 que la propuesta busca compartir estos d\u00edas especiales desde la identidad del lugar.<\/p>\n<p>Desde el municipio se\u00f1alaron que este tipo de eventos permite fortalecer el mirador como un punto destacado dentro del corredor tur\u00edstico Colonia Chap\u00e1, consolidando a Alberdi como un destino que integra naturaleza, memoria y celebraci\u00f3n religiosa.<\/p>\n<p>Fotos: @paulo_martinez11<\/p>\n<p><img fetchpriority=\"high\" decoding=\"async\" class=\"aligncenter size-full wp-image-20128\" src=\"https:\/\/alberdi.uno\/wp-content\/uploads\/2026\/04\/ALBERDI4.jpg\" alt=\"\" width=\"640\" height=\"853\" srcset=\"https:\/\/misiones.uno\/wp-content\/uploads\/2026\/04\/ALBERDI4-200x267.jpg 200w, https:\/\/misiones.uno\/wp-content\/uploads\/2026\/04\/ALBERDI4-225x300.jpg 225w, https:\/\/misiones.uno\/wp-content\/uploads\/2026\/04\/ALBERDI4-400x533.jpg 400w, https:\/\/misiones.uno\/wp-content\/uploads\/2026\/04\/ALBERDI4-600x800.jpg 600w, https:\/\/alberdi.uno\/wp-content\/uploads\/2026\/04\/ALBERDI4.jpg 640w\" sizes=\"(max-width: 640px) 100vw, 640px\"><img decoding=\"async\" class=\"aligncenter size-full wp-image-6203\" src=\"https:\/\/alberdi.uno\/wp-content\/uploads\/2026\/04\/alberdi1.jpg\" sizes=\"(max-width: 640px) 100vw, 640px\" srcset=\"https:\/\/agenciamisiones.uno\/wp-content\/uploads\/2026\/04\/alberdi1-200x267.jpg 200w, https:\/\/agenciamisiones.uno\/wp-content\/uploads\/2026\/04\/alberdi1-225x300.jpg 225w, https:\/\/agenciamisiones.uno\/wp-content\/uploads\/2026\/04\/alberdi1-400x533.jpg 400w, https:\/\/agenciamisiones.uno\/wp-content\/uploads\/2026\/04\/alberdi1-600x800.jpg 600w, https:\/\/alberdi.uno\/wp-content\/uploads\/2026\/04\/alberdi1.jpg 640w\" alt=\"\" width=\"640\" height=\"853\"><\/p>\n<p>Fuente: <a href=\"https:\/\/agenciamisiones.uno\/\">Agencia Misiones.uno<\/a>.<\/p>\n<\/div>\n<\/div>\n","protected":false},"excerpt":{"rendered":"<p>AGENCIA MISIONES.UNO | La localidad de Colonia Alberdi dio inicio  [&#8230;]<\/p>\n","protected":false},"author":1,"featured_media":1323,"comment_status":"closed","ping_status":"closed","sticky":false,"template":"","format":"standard","meta":{"fifu_image_url":"","fifu_image_alt":"","footnotes":""},"categories":[38,149,97,21],"tags":[],"class_list":["post-1322","post","type-post","status-publish","format-standard","has-post-thumbnail","hentry","category-alberdi","category-gobiernos-municipales","category-misionesturismo-uno","category-turismo"],"acf":[],"yoast_head":"<!-- This site is optimized with the Yoast SEO plugin v26.7 - https:\/\/yoast.com\/wordpress\/plugins\/seo\/ -->\n<title>Colonia Alberdi: Colonia Chap\u00e1 abri\u00f3 Semana Santa con cine bajo las estrellas - Alberdi .UNO - Red Misiones.uno<\/title>\n<meta name=\"robots\" content=\"index, follow, max-snippet:-1, max-image-preview:large, max-video-preview:-1\" \/>\n<link rel=\"canonical\" href=\"https:\/\/alberdi.uno\/index.php\/2026\/04\/04\/colonia-alberdi-colonia-chapa-abrio-semana-santa-con-cine-bajo-las-estrellas\/\" \/>\n<meta property=\"og:locale\" content=\"es_ES\" \/>\n<meta property=\"og:type\" content=\"article\" \/>\n<meta property=\"og:title\" content=\"Colonia Alberdi: Colonia Chap\u00e1 abri\u00f3 Semana Santa con cine bajo las estrellas - Alberdi .UNO - Red Misiones.uno\" \/>\n<meta property=\"og:description\" content=\"AGENCIA MISIONES.UNO | La localidad de Colonia Alberdi dio inicio [...]\" \/>\n<meta property=\"og:url\" content=\"https:\/\/alberdi.uno\/index.php\/2026\/04\/04\/colonia-alberdi-colonia-chapa-abrio-semana-santa-con-cine-bajo-las-estrellas\/\" \/>\n<meta property=\"og:site_name\" content=\"Alberdi .UNO - Red Misiones.uno\" \/>\n<meta property=\"article:published_time\" content=\"2026-04-04T04:25:44+00:00\" \/>\n<meta name=\"author\" content=\"admin\" \/>\n<meta name=\"twitter:card\" content=\"summary_large_image\" \/>\n<meta name=\"twitter:label1\" content=\"Escrito por\" \/>\n\t<meta name=\"twitter:data1\" content=\"admin\" \/>\n\t<meta name=\"twitter:label2\" content=\"Tiempo de lectura\" \/>\n\t<meta name=\"twitter:data2\" content=\"1 minuto\" \/>\n<script type=\"application\/ld+json\" class=\"yoast-schema-graph\">{\"@context\":\"https:\/\/schema.org\",\"@graph\":[{\"@type\":\"Article\",\"@id\":\"https:\/\/alberdi.uno\/index.php\/2026\/04\/04\/colonia-alberdi-colonia-chapa-abrio-semana-santa-con-cine-bajo-las-estrellas\/#article\",\"isPartOf\":{\"@id\":\"https:\/\/alberdi.uno\/index.php\/2026\/04\/04\/colonia-alberdi-colonia-chapa-abrio-semana-santa-con-cine-bajo-las-estrellas\/\"},\"author\":{\"name\":\"admin\",\"@id\":\"https:\/\/alberdi.uno\/#\/schema\/person\/7af09aba735a9b91f78556601849d2c6\"},\"headline\":\"Colonia Alberdi: Colonia Chap\u00e1 abri\u00f3 Semana Santa con cine bajo las estrellas\",\"datePublished\":\"2026-04-04T04:25:44+00:00\",\"mainEntityOfPage\":{\"@id\":\"https:\/\/alberdi.uno\/index.php\/2026\/04\/04\/colonia-alberdi-colonia-chapa-abrio-semana-santa-con-cine-bajo-las-estrellas\/\"},\"wordCount\":254,\"image\":{\"@id\":\"https:\/\/alberdi.uno\/index.php\/2026\/04\/04\/colonia-alberdi-colonia-chapa-abrio-semana-santa-con-cine-bajo-las-estrellas\/#primaryimage\"},\"thumbnailUrl\":\"https:\/\/alberdi.uno\/wp-content\/uploads\/2026\/04\/ALBERDI4.jpg\",\"articleSection\":[\"Alberdi\",\"Gobiernos Municipales\",\"MISIONESTURISMO.UNO\",\"Turismo\"],\"inLanguage\":\"es-AR\"},{\"@type\":\"WebPage\",\"@id\":\"https:\/\/alberdi.uno\/index.php\/2026\/04\/04\/colonia-alberdi-colonia-chapa-abrio-semana-santa-con-cine-bajo-las-estrellas\/\",\"url\":\"https:\/\/alberdi.uno\/index.php\/2026\/04\/04\/colonia-alberdi-colonia-chapa-abrio-semana-santa-con-cine-bajo-las-estrellas\/\",\"name\":\"Colonia Alberdi: Colonia Chap\u00e1 abri\u00f3 Semana Santa con cine bajo las estrellas - Alberdi .UNO - Red Misiones.uno\",\"isPartOf\":{\"@id\":\"https:\/\/alberdi.uno\/#website\"},\"primaryImageOfPage\":{\"@id\":\"https:\/\/alberdi.uno\/index.php\/2026\/04\/04\/colonia-alberdi-colonia-chapa-abrio-semana-santa-con-cine-bajo-las-estrellas\/#primaryimage\"},\"image\":{\"@id\":\"https:\/\/alberdi.uno\/index.php\/2026\/04\/04\/colonia-alberdi-colonia-chapa-abrio-semana-santa-con-cine-bajo-las-estrellas\/#primaryimage\"},\"thumbnailUrl\":\"https:\/\/alberdi.uno\/wp-content\/uploads\/2026\/04\/ALBERDI4.jpg\",\"datePublished\":\"2026-04-04T04:25:44+00:00\",\"author\":{\"@id\":\"https:\/\/alberdi.uno\/#\/schema\/person\/7af09aba735a9b91f78556601849d2c6\"},\"breadcrumb\":{\"@id\":\"https:\/\/alberdi.uno\/index.php\/2026\/04\/04\/colonia-alberdi-colonia-chapa-abrio-semana-santa-con-cine-bajo-las-estrellas\/#breadcrumb\"},\"inLanguage\":\"es-AR\",\"potentialAction\":[{\"@type\":\"ReadAction\",\"target\":[\"https:\/\/alberdi.uno\/index.php\/2026\/04\/04\/colonia-alberdi-colonia-chapa-abrio-semana-santa-con-cine-bajo-las-estrellas\/\"]}]},{\"@type\":\"ImageObject\",\"inLanguage\":\"es-AR\",\"@id\":\"https:\/\/alberdi.uno\/index.php\/2026\/04\/04\/colonia-alberdi-colonia-chapa-abrio-semana-santa-con-cine-bajo-las-estrellas\/#primaryimage\",\"url\":\"https:\/\/alberdi.uno\/wp-content\/uploads\/2026\/04\/ALBERDI4.jpg\",\"contentUrl\":\"https:\/\/alberdi.uno\/wp-content\/uploads\/2026\/04\/ALBERDI4.jpg\",\"width\":640,\"height\":853},{\"@type\":\"BreadcrumbList\",\"@id\":\"https:\/\/alberdi.uno\/index.php\/2026\/04\/04\/colonia-alberdi-colonia-chapa-abrio-semana-santa-con-cine-bajo-las-estrellas\/#breadcrumb\",\"itemListElement\":[{\"@type\":\"ListItem\",\"position\":1,\"name\":\"Inicio\",\"item\":\"https:\/\/alberdi.uno\/\"},{\"@type\":\"ListItem\",\"position\":2,\"name\":\"Colonia Alberdi: Colonia Chap\u00e1 abri\u00f3 Semana Santa con cine bajo las estrellas\"}]},{\"@type\":\"WebSite\",\"@id\":\"https:\/\/alberdi.uno\/#website\",\"url\":\"https:\/\/alberdi.uno\/\",\"name\":\"Alberdi .UNO - Red Misiones.uno\",\"description\":\"Noticias de Colonia Alberdi\",\"potentialAction\":[{\"@type\":\"SearchAction\",\"target\":{\"@type\":\"EntryPoint\",\"urlTemplate\":\"https:\/\/alberdi.uno\/?s={search_term_string}\"},\"query-input\":{\"@type\":\"PropertyValueSpecification\",\"valueRequired\":true,\"valueName\":\"search_term_string\"}}],\"inLanguage\":\"es-AR\"},{\"@type\":\"Person\",\"@id\":\"https:\/\/alberdi.uno\/#\/schema\/person\/7af09aba735a9b91f78556601849d2c6\",\"name\":\"admin\",\"image\":{\"@type\":\"ImageObject\",\"inLanguage\":\"es-AR\",\"@id\":\"https:\/\/alberdi.uno\/#\/schema\/person\/image\/\",\"url\":\"https:\/\/secure.gravatar.com\/avatar\/988cc68d97727f2265e15e4e04f35d45d93f5493d81192c37b6fcdf6407dba8c?s=96&d=mm&r=g\",\"contentUrl\":\"https:\/\/secure.gravatar.com\/avatar\/988cc68d97727f2265e15e4e04f35d45d93f5493d81192c37b6fcdf6407dba8c?s=96&d=mm&r=g\",\"caption\":\"admin\"},\"sameAs\":[\"http:\/\/alberdi.uno\"],\"url\":\"https:\/\/alberdi.uno\/index.php\/author\/admin\/\"}]}<\/script>\n<!-- \/ Yoast SEO plugin. -->","yoast_head_json":{"title":"Colonia Alberdi: Colonia Chap\u00e1 abri\u00f3 Semana Santa con cine bajo las estrellas - Alberdi .UNO - Red Misiones.uno","robots":{"index":"index","follow":"follow","max-snippet":"max-snippet:-1","max-image-preview":"max-image-preview:large","max-video-preview":"max-video-preview:-1"},"canonical":"https:\/\/alberdi.uno\/index.php\/2026\/04\/04\/colonia-alberdi-colonia-chapa-abrio-semana-santa-con-cine-bajo-las-estrellas\/","og_locale":"es_ES","og_type":"article","og_title":"Colonia Alberdi: Colonia Chap\u00e1 abri\u00f3 Semana Santa con cine bajo las estrellas - Alberdi .UNO - Red Misiones.uno","og_description":"AGENCIA MISIONES.UNO | La localidad de Colonia Alberdi dio inicio [...]","og_url":"https:\/\/alberdi.uno\/index.php\/2026\/04\/04\/colonia-alberdi-colonia-chapa-abrio-semana-santa-con-cine-bajo-las-estrellas\/","og_site_name":"Alberdi .UNO - Red Misiones.uno","article_published_time":"2026-04-04T04:25:44+00:00","author":"admin","twitter_card":"summary_large_image","twitter_misc":{"Escrito por":"admin","Tiempo de lectura":"1 minuto"},"schema":{"@context":"https:\/\/schema.org","@graph":[{"@type":"Article","@id":"https:\/\/alberdi.uno\/index.php\/2026\/04\/04\/colonia-alberdi-colonia-chapa-abrio-semana-santa-con-cine-bajo-las-estrellas\/#article","isPartOf":{"@id":"https:\/\/alberdi.uno\/index.php\/2026\/04\/04\/colonia-alberdi-colonia-chapa-abrio-semana-santa-con-cine-bajo-las-estrellas\/"},"author":{"name":"admin","@id":"https:\/\/alberdi.uno\/#\/schema\/person\/7af09aba735a9b91f78556601849d2c6"},"headline":"Colonia Alberdi: Colonia Chap\u00e1 abri\u00f3 Semana Santa con cine bajo las estrellas","datePublished":"2026-04-04T04:25:44+00:00","mainEntityOfPage":{"@id":"https:\/\/alberdi.uno\/index.php\/2026\/04\/04\/colonia-alberdi-colonia-chapa-abrio-semana-santa-con-cine-bajo-las-estrellas\/"},"wordCount":254,"image":{"@id":"https:\/\/alberdi.uno\/index.php\/2026\/04\/04\/colonia-alberdi-colonia-chapa-abrio-semana-santa-con-cine-bajo-las-estrellas\/#primaryimage"},"thumbnailUrl":"https:\/\/alberdi.uno\/wp-content\/uploads\/2026\/04\/ALBERDI4.jpg","articleSection":["Alberdi","Gobiernos Municipales","MISIONESTURISMO.UNO","Turismo"],"inLanguage":"es-AR"},{"@type":"WebPage","@id":"https:\/\/alberdi.uno\/index.php\/2026\/04\/04\/colonia-alberdi-colonia-chapa-abrio-semana-santa-con-cine-bajo-las-estrellas\/","url":"https:\/\/alberdi.uno\/index.php\/2026\/04\/04\/colonia-alberdi-colonia-chapa-abrio-semana-santa-con-cine-bajo-las-estrellas\/","name":"Colonia Alberdi: Colonia Chap\u00e1 abri\u00f3 Semana Santa con cine bajo las estrellas - Alberdi .UNO - Red Misiones.uno","isPartOf":{"@id":"https:\/\/alberdi.uno\/#website"},"primaryImageOfPage":{"@id":"https:\/\/alberdi.uno\/index.php\/2026\/04\/04\/colonia-alberdi-colonia-chapa-abrio-semana-santa-con-cine-bajo-las-estrellas\/#primaryimage"},"image":{"@id":"https:\/\/alberdi.uno\/index.php\/2026\/04\/04\/colonia-alberdi-colonia-chapa-abrio-semana-santa-con-cine-bajo-las-estrellas\/#primaryimage"},"thumbnailUrl":"https:\/\/alberdi.uno\/wp-content\/uploads\/2026\/04\/ALBERDI4.jpg","datePublished":"2026-04-04T04:25:44+00:00","author":{"@id":"https:\/\/alberdi.uno\/#\/schema\/person\/7af09aba735a9b91f78556601849d2c6"},"breadcrumb":{"@id":"https:\/\/alberdi.uno\/index.php\/2026\/04\/04\/colonia-alberdi-colonia-chapa-abrio-semana-santa-con-cine-bajo-las-estrellas\/#breadcrumb"},"inLanguage":"es-AR","potentialAction":[{"@type":"ReadAction","target":["https:\/\/alberdi.uno\/index.php\/2026\/04\/04\/colonia-alberdi-colonia-chapa-abrio-semana-santa-con-cine-bajo-las-estrellas\/"]}]},{"@type":"ImageObject","inLanguage":"es-AR","@id":"https:\/\/alberdi.uno\/index.php\/2026\/04\/04\/colonia-alberdi-colonia-chapa-abrio-semana-santa-con-cine-bajo-las-estrellas\/#primaryimage","url":"https:\/\/alberdi.uno\/wp-content\/uploads\/2026\/04\/ALBERDI4.jpg","contentUrl":"https:\/\/alberdi.uno\/wp-content\/uploads\/2026\/04\/ALBERDI4.jpg","width":640,"height":853},{"@type":"BreadcrumbList","@id":"https:\/\/alberdi.uno\/index.php\/2026\/04\/04\/colonia-alberdi-colonia-chapa-abrio-semana-santa-con-cine-bajo-las-estrellas\/#breadcrumb","itemListElement":[{"@type":"ListItem","position":1,"name":"Inicio","item":"https:\/\/alberdi.uno\/"},{"@type":"ListItem","position":2,"name":"Colonia Alberdi: Colonia Chap\u00e1 abri\u00f3 Semana Santa con cine bajo las estrellas"}]},{"@type":"WebSite","@id":"https:\/\/alberdi.uno\/#website","url":"https:\/\/alberdi.uno\/","name":"Alberdi .UNO - Red Misiones.uno","description":"Noticias de Colonia Alberdi","potentialAction":[{"@type":"SearchAction","target":{"@type":"EntryPoint","urlTemplate":"https:\/\/alberdi.uno\/?s={search_term_string}"},"query-input":{"@type":"PropertyValueSpecification","valueRequired":true,"valueName":"search_term_string"}}],"inLanguage":"es-AR"},{"@type":"Person","@id":"https:\/\/alberdi.uno\/#\/schema\/person\/7af09aba735a9b91f78556601849d2c6","name":"admin","image":{"@type":"ImageObject","inLanguage":"es-AR","@id":"https:\/\/alberdi.uno\/#\/schema\/person\/image\/","url":"https:\/\/secure.gravatar.com\/avatar\/988cc68d97727f2265e15e4e04f35d45d93f5493d81192c37b6fcdf6407dba8c?s=96&d=mm&r=g","contentUrl":"https:\/\/secure.gravatar.com\/avatar\/988cc68d97727f2265e15e4e04f35d45d93f5493d81192c37b6fcdf6407dba8c?s=96&d=mm&r=g","caption":"admin"},"sameAs":["http:\/\/alberdi.uno"],"url":"https:\/\/alberdi.uno\/index.php\/author\/admin\/"}]}},"_links":{"self":[{"href":"https:\/\/alberdi.uno\/index.php\/wp-json\/wp\/v2\/posts\/1322","targetHints":{"allow":["GET"]}}],"collection":[{"href":"https:\/\/alberdi.uno\/index.php\/wp-json\/wp\/v2\/posts"}],"about":[{"href":"https:\/\/alberdi.uno\/index.php\/wp-json\/wp\/v2\/types\/post"}],"author":[{"embeddable":true,"href":"https:\/\/alberdi.uno\/index.php\/wp-json\/wp\/v2\/users\/1"}],"replies":[{"embeddable":true,"href":"https:\/\/alberdi.uno\/index.php\/wp-json\/wp\/v2\/comments?post=1322"}],"version-history":[{"count":0,"href":"https:\/\/alberdi.uno\/index.php\/wp-json\/wp\/v2\/posts\/1322\/revisions"}],"wp:featuredmedia":[{"embeddable":true,"href":"https:\/\/alberdi.uno\/index.php\/wp-json\/wp\/v2\/media\/1323"}],"wp:attachment":[{"href":"https:\/\/alberdi.uno\/index.php\/wp-json\/wp\/v2\/media?parent=1322"}],"wp:term":[{"taxonomy":"category","embeddable":true,"href":"https:\/\/alberdi.uno\/index.php\/wp-json\/wp\/v2\/categories?post=1322"},{"taxonomy":"post_tag","embeddable":true,"href":"https:\/\/alberdi.uno\/index.php\/wp-json\/wp\/v2\/tags?post=1322"}],"curies":[{"name":"wp","href":"https:\/\/api.w.org\/{rel}","templated":true}]}}