{"id":1319,"date":"2026-04-02T18:50:42","date_gmt":"2026-04-02T21:50:42","guid":{"rendered":"https:\/\/alberdi.uno\/index.php\/2026\/04\/02\/obera-detuvieron-a-porteno-tras-intentar-robar-en-una-escuela-del-barrio-mate-rojo\/"},"modified":"2026-04-02T18:50:42","modified_gmt":"2026-04-02T21:50:42","slug":"obera-detuvieron-a-porteno-tras-intentar-robar-en-una-escuela-del-barrio-mate-rojo","status":"publish","type":"post","link":"https:\/\/alberdi.uno\/index.php\/2026\/04\/02\/obera-detuvieron-a-porteno-tras-intentar-robar-en-una-escuela-del-barrio-mate-rojo\/","title":{"rendered":"Ober\u00e1: detuvieron a \u201cPorte\u00f1o\u201d tras intentar robar en una escuela del barrio Mate Rojo"},"content":{"rendered":"<div>\n<div>\n<p><strong>AGENCIA MISIONES.UNO | La Polic\u00eda de Misiones detuvo a un hombre de 39 a\u00f1os acusado de intentar robar en un establecimiento educativo de Ober\u00e1. El procedimiento se concret\u00f3 tras un r\u00e1pido operativo en la zona.<\/strong><\/p>\n<p>El hecho ocurri\u00f3 durante la tarde del mi\u00e9rcoles, cuando una docente de 52 a\u00f1os solicit\u00f3 presencia policial en una escuela del barrio Mate Rojo, luego de escuchar ruidos en el interior del edificio. Al verificar la situaci\u00f3n, observ\u00f3 a un individuo que habr\u00eda forzado la puerta de los sanitarios y una ventana clausurada, para luego darse a la fuga.<\/p>\n<p>A partir de entrevistas con alumnos del turno noche, quienes aportaron datos clave sobre el sospechoso, los efectivos de la Divisi\u00f3n Patrulla Motorizada de la Unidad Regional II iniciaron un operativo de b\u00fasqueda en la zona.<\/p>\n<p>Con las caracter\u00edsticas obtenidas, los uniformados realizaron recorridas preventivas y lograron la aprehensi\u00f3n del implicado en la intersecci\u00f3n de las calles Alecr\u00edn y Laguna del Iber\u00e1. El detenido, conocido como \u201cPorte\u00f1o\u201d, qued\u00f3 a disposici\u00f3n de la Justicia.<\/p>\n<p><img decoding=\"async\" class=\"aligncenter size-full wp-image-6076\" src=\"https:\/\/alberdi.uno\/wp-content\/uploads\/2026\/04\/poli1-9.jpg\" sizes=\"(max-width: 640px) 100vw, 640px\" srcset=\"https:\/\/agenciamisiones.uno\/wp-content\/uploads\/2026\/04\/poli1-9-200x267.jpg 200w, https:\/\/agenciamisiones.uno\/wp-content\/uploads\/2026\/04\/poli1-9-225x300.jpg 225w, https:\/\/agenciamisiones.uno\/wp-content\/uploads\/2026\/04\/poli1-9-400x533.jpg 400w, https:\/\/agenciamisiones.uno\/wp-content\/uploads\/2026\/04\/poli1-9-600x800.jpg 600w, https:\/\/alberdi.uno\/wp-content\/uploads\/2026\/04\/poli1-9.jpg 640w\" alt=\"\" width=\"640\" height=\"853\"><\/p>\n<p>Fuente: <a href=\"https:\/\/agenciamisiones.uno\/\">Agencia Misiones.uno<\/a>.<\/p>\n<\/div>\n<\/div>\n","protected":false},"excerpt":{"rendered":"<p>AGENCIA MISIONES.UNO | La Polic\u00eda de Misiones detuvo a un  [&#8230;]<\/p>\n","protected":false},"author":1,"featured_media":1320,"comment_status":"closed","ping_status":"closed","sticky":false,"template":"","format":"standard","meta":{"fifu_image_url":"","fifu_image_alt":"","footnotes":""},"categories":[18,23,152,153],"tags":[],"class_list":["post-1319","post","type-post","status-publish","format-standard","has-post-thumbnail","hentry","category-obera","category-policia-de-misiones","category-red-obera","category-seguridad"],"acf":[],"yoast_head":"<!-- This site is optimized with the Yoast SEO plugin v26.7 - https:\/\/yoast.com\/wordpress\/plugins\/seo\/ -->\n<title>Ober\u00e1: detuvieron a \u201cPorte\u00f1o\u201d tras intentar robar en una escuela del barrio Mate Rojo - Alberdi .UNO - Red Misiones.uno<\/title>\n<meta name=\"robots\" content=\"index, follow, max-snippet:-1, max-image-preview:large, max-video-preview:-1\" \/>\n<link rel=\"canonical\" href=\"https:\/\/alberdi.uno\/index.php\/2026\/04\/02\/obera-detuvieron-a-porteno-tras-intentar-robar-en-una-escuela-del-barrio-mate-rojo\/\" \/>\n<meta property=\"og:locale\" content=\"es_ES\" \/>\n<meta property=\"og:type\" content=\"article\" \/>\n<meta property=\"og:title\" content=\"Ober\u00e1: detuvieron a \u201cPorte\u00f1o\u201d tras intentar robar en una escuela del barrio Mate Rojo - Alberdi .UNO - Red Misiones.uno\" \/>\n<meta property=\"og:description\" content=\"AGENCIA MISIONES.UNO | La Polic\u00eda de Misiones detuvo a un [...]\" \/>\n<meta property=\"og:url\" content=\"https:\/\/alberdi.uno\/index.php\/2026\/04\/02\/obera-detuvieron-a-porteno-tras-intentar-robar-en-una-escuela-del-barrio-mate-rojo\/\" \/>\n<meta property=\"og:site_name\" content=\"Alberdi .UNO - Red Misiones.uno\" \/>\n<meta property=\"article:published_time\" content=\"2026-04-02T21:50:42+00:00\" \/>\n<meta name=\"author\" content=\"admin\" \/>\n<meta name=\"twitter:card\" content=\"summary_large_image\" \/>\n<meta name=\"twitter:label1\" content=\"Escrito por\" \/>\n\t<meta name=\"twitter:data1\" content=\"admin\" \/>\n\t<meta name=\"twitter:label2\" content=\"Tiempo de lectura\" \/>\n\t<meta name=\"twitter:data2\" content=\"1 minuto\" \/>\n<script type=\"application\/ld+json\" class=\"yoast-schema-graph\">{\"@context\":\"https:\/\/schema.org\",\"@graph\":[{\"@type\":\"Article\",\"@id\":\"https:\/\/alberdi.uno\/index.php\/2026\/04\/02\/obera-detuvieron-a-porteno-tras-intentar-robar-en-una-escuela-del-barrio-mate-rojo\/#article\",\"isPartOf\":{\"@id\":\"https:\/\/alberdi.uno\/index.php\/2026\/04\/02\/obera-detuvieron-a-porteno-tras-intentar-robar-en-una-escuela-del-barrio-mate-rojo\/\"},\"author\":{\"name\":\"admin\",\"@id\":\"https:\/\/alberdi.uno\/#\/schema\/person\/7af09aba735a9b91f78556601849d2c6\"},\"headline\":\"Ober\u00e1: detuvieron a \u201cPorte\u00f1o\u201d tras intentar robar en una escuela del barrio Mate Rojo\",\"datePublished\":\"2026-04-02T21:50:42+00:00\",\"mainEntityOfPage\":{\"@id\":\"https:\/\/alberdi.uno\/index.php\/2026\/04\/02\/obera-detuvieron-a-porteno-tras-intentar-robar-en-una-escuela-del-barrio-mate-rojo\/\"},\"wordCount\":199,\"image\":{\"@id\":\"https:\/\/alberdi.uno\/index.php\/2026\/04\/02\/obera-detuvieron-a-porteno-tras-intentar-robar-en-una-escuela-del-barrio-mate-rojo\/#primaryimage\"},\"thumbnailUrl\":\"https:\/\/alberdi.uno\/wp-content\/uploads\/2026\/04\/poli3-6.jpg\",\"articleSection\":[\"Ober\u00e1\",\"Polic\u00eda de Misiones\",\"Red Ober\u00e1\",\"Seguridad\"],\"inLanguage\":\"es-AR\"},{\"@type\":\"WebPage\",\"@id\":\"https:\/\/alberdi.uno\/index.php\/2026\/04\/02\/obera-detuvieron-a-porteno-tras-intentar-robar-en-una-escuela-del-barrio-mate-rojo\/\",\"url\":\"https:\/\/alberdi.uno\/index.php\/2026\/04\/02\/obera-detuvieron-a-porteno-tras-intentar-robar-en-una-escuela-del-barrio-mate-rojo\/\",\"name\":\"Ober\u00e1: detuvieron a \u201cPorte\u00f1o\u201d tras intentar robar en una escuela del barrio Mate Rojo - Alberdi .UNO - Red Misiones.uno\",\"isPartOf\":{\"@id\":\"https:\/\/alberdi.uno\/#website\"},\"primaryImageOfPage\":{\"@id\":\"https:\/\/alberdi.uno\/index.php\/2026\/04\/02\/obera-detuvieron-a-porteno-tras-intentar-robar-en-una-escuela-del-barrio-mate-rojo\/#primaryimage\"},\"image\":{\"@id\":\"https:\/\/alberdi.uno\/index.php\/2026\/04\/02\/obera-detuvieron-a-porteno-tras-intentar-robar-en-una-escuela-del-barrio-mate-rojo\/#primaryimage\"},\"thumbnailUrl\":\"https:\/\/alberdi.uno\/wp-content\/uploads\/2026\/04\/poli3-6.jpg\",\"datePublished\":\"2026-04-02T21:50:42+00:00\",\"author\":{\"@id\":\"https:\/\/alberdi.uno\/#\/schema\/person\/7af09aba735a9b91f78556601849d2c6\"},\"breadcrumb\":{\"@id\":\"https:\/\/alberdi.uno\/index.php\/2026\/04\/02\/obera-detuvieron-a-porteno-tras-intentar-robar-en-una-escuela-del-barrio-mate-rojo\/#breadcrumb\"},\"inLanguage\":\"es-AR\",\"potentialAction\":[{\"@type\":\"ReadAction\",\"target\":[\"https:\/\/alberdi.uno\/index.php\/2026\/04\/02\/obera-detuvieron-a-porteno-tras-intentar-robar-en-una-escuela-del-barrio-mate-rojo\/\"]}]},{\"@type\":\"ImageObject\",\"inLanguage\":\"es-AR\",\"@id\":\"https:\/\/alberdi.uno\/index.php\/2026\/04\/02\/obera-detuvieron-a-porteno-tras-intentar-robar-en-una-escuela-del-barrio-mate-rojo\/#primaryimage\",\"url\":\"https:\/\/alberdi.uno\/wp-content\/uploads\/2026\/04\/poli3-6.jpg\",\"contentUrl\":\"https:\/\/alberdi.uno\/wp-content\/uploads\/2026\/04\/poli3-6.jpg\",\"width\":640,\"height\":853},{\"@type\":\"BreadcrumbList\",\"@id\":\"https:\/\/alberdi.uno\/index.php\/2026\/04\/02\/obera-detuvieron-a-porteno-tras-intentar-robar-en-una-escuela-del-barrio-mate-rojo\/#breadcrumb\",\"itemListElement\":[{\"@type\":\"ListItem\",\"position\":1,\"name\":\"Inicio\",\"item\":\"https:\/\/alberdi.uno\/\"},{\"@type\":\"ListItem\",\"position\":2,\"name\":\"Ober\u00e1: detuvieron a \u201cPorte\u00f1o\u201d tras intentar robar en una escuela del barrio Mate Rojo\"}]},{\"@type\":\"WebSite\",\"@id\":\"https:\/\/alberdi.uno\/#website\",\"url\":\"https:\/\/alberdi.uno\/\",\"name\":\"Alberdi .UNO - Red Misiones.uno\",\"description\":\"Noticias de Colonia Alberdi\",\"potentialAction\":[{\"@type\":\"SearchAction\",\"target\":{\"@type\":\"EntryPoint\",\"urlTemplate\":\"https:\/\/alberdi.uno\/?s={search_term_string}\"},\"query-input\":{\"@type\":\"PropertyValueSpecification\",\"valueRequired\":true,\"valueName\":\"search_term_string\"}}],\"inLanguage\":\"es-AR\"},{\"@type\":\"Person\",\"@id\":\"https:\/\/alberdi.uno\/#\/schema\/person\/7af09aba735a9b91f78556601849d2c6\",\"name\":\"admin\",\"image\":{\"@type\":\"ImageObject\",\"inLanguage\":\"es-AR\",\"@id\":\"https:\/\/alberdi.uno\/#\/schema\/person\/image\/\",\"url\":\"https:\/\/secure.gravatar.com\/avatar\/988cc68d97727f2265e15e4e04f35d45d93f5493d81192c37b6fcdf6407dba8c?s=96&d=mm&r=g\",\"contentUrl\":\"https:\/\/secure.gravatar.com\/avatar\/988cc68d97727f2265e15e4e04f35d45d93f5493d81192c37b6fcdf6407dba8c?s=96&d=mm&r=g\",\"caption\":\"admin\"},\"sameAs\":[\"http:\/\/alberdi.uno\"],\"url\":\"https:\/\/alberdi.uno\/index.php\/author\/admin\/\"}]}<\/script>\n<!-- \/ Yoast SEO plugin. -->","yoast_head_json":{"title":"Ober\u00e1: detuvieron a \u201cPorte\u00f1o\u201d tras intentar robar en una escuela del barrio Mate Rojo - Alberdi .UNO - Red Misiones.uno","robots":{"index":"index","follow":"follow","max-snippet":"max-snippet:-1","max-image-preview":"max-image-preview:large","max-video-preview":"max-video-preview:-1"},"canonical":"https:\/\/alberdi.uno\/index.php\/2026\/04\/02\/obera-detuvieron-a-porteno-tras-intentar-robar-en-una-escuela-del-barrio-mate-rojo\/","og_locale":"es_ES","og_type":"article","og_title":"Ober\u00e1: detuvieron a \u201cPorte\u00f1o\u201d tras intentar robar en una escuela del barrio Mate Rojo - Alberdi .UNO - Red Misiones.uno","og_description":"AGENCIA MISIONES.UNO | La Polic\u00eda de Misiones detuvo a un [...]","og_url":"https:\/\/alberdi.uno\/index.php\/2026\/04\/02\/obera-detuvieron-a-porteno-tras-intentar-robar-en-una-escuela-del-barrio-mate-rojo\/","og_site_name":"Alberdi .UNO - Red Misiones.uno","article_published_time":"2026-04-02T21:50:42+00:00","author":"admin","twitter_card":"summary_large_image","twitter_misc":{"Escrito por":"admin","Tiempo de lectura":"1 minuto"},"schema":{"@context":"https:\/\/schema.org","@graph":[{"@type":"Article","@id":"https:\/\/alberdi.uno\/index.php\/2026\/04\/02\/obera-detuvieron-a-porteno-tras-intentar-robar-en-una-escuela-del-barrio-mate-rojo\/#article","isPartOf":{"@id":"https:\/\/alberdi.uno\/index.php\/2026\/04\/02\/obera-detuvieron-a-porteno-tras-intentar-robar-en-una-escuela-del-barrio-mate-rojo\/"},"author":{"name":"admin","@id":"https:\/\/alberdi.uno\/#\/schema\/person\/7af09aba735a9b91f78556601849d2c6"},"headline":"Ober\u00e1: detuvieron a \u201cPorte\u00f1o\u201d tras intentar robar en una escuela del barrio Mate Rojo","datePublished":"2026-04-02T21:50:42+00:00","mainEntityOfPage":{"@id":"https:\/\/alberdi.uno\/index.php\/2026\/04\/02\/obera-detuvieron-a-porteno-tras-intentar-robar-en-una-escuela-del-barrio-mate-rojo\/"},"wordCount":199,"image":{"@id":"https:\/\/alberdi.uno\/index.php\/2026\/04\/02\/obera-detuvieron-a-porteno-tras-intentar-robar-en-una-escuela-del-barrio-mate-rojo\/#primaryimage"},"thumbnailUrl":"https:\/\/alberdi.uno\/wp-content\/uploads\/2026\/04\/poli3-6.jpg","articleSection":["Ober\u00e1","Polic\u00eda de Misiones","Red Ober\u00e1","Seguridad"],"inLanguage":"es-AR"},{"@type":"WebPage","@id":"https:\/\/alberdi.uno\/index.php\/2026\/04\/02\/obera-detuvieron-a-porteno-tras-intentar-robar-en-una-escuela-del-barrio-mate-rojo\/","url":"https:\/\/alberdi.uno\/index.php\/2026\/04\/02\/obera-detuvieron-a-porteno-tras-intentar-robar-en-una-escuela-del-barrio-mate-rojo\/","name":"Ober\u00e1: detuvieron a \u201cPorte\u00f1o\u201d tras intentar robar en una escuela del barrio Mate Rojo - Alberdi .UNO - Red Misiones.uno","isPartOf":{"@id":"https:\/\/alberdi.uno\/#website"},"primaryImageOfPage":{"@id":"https:\/\/alberdi.uno\/index.php\/2026\/04\/02\/obera-detuvieron-a-porteno-tras-intentar-robar-en-una-escuela-del-barrio-mate-rojo\/#primaryimage"},"image":{"@id":"https:\/\/alberdi.uno\/index.php\/2026\/04\/02\/obera-detuvieron-a-porteno-tras-intentar-robar-en-una-escuela-del-barrio-mate-rojo\/#primaryimage"},"thumbnailUrl":"https:\/\/alberdi.uno\/wp-content\/uploads\/2026\/04\/poli3-6.jpg","datePublished":"2026-04-02T21:50:42+00:00","author":{"@id":"https:\/\/alberdi.uno\/#\/schema\/person\/7af09aba735a9b91f78556601849d2c6"},"breadcrumb":{"@id":"https:\/\/alberdi.uno\/index.php\/2026\/04\/02\/obera-detuvieron-a-porteno-tras-intentar-robar-en-una-escuela-del-barrio-mate-rojo\/#breadcrumb"},"inLanguage":"es-AR","potentialAction":[{"@type":"ReadAction","target":["https:\/\/alberdi.uno\/index.php\/2026\/04\/02\/obera-detuvieron-a-porteno-tras-intentar-robar-en-una-escuela-del-barrio-mate-rojo\/"]}]},{"@type":"ImageObject","inLanguage":"es-AR","@id":"https:\/\/alberdi.uno\/index.php\/2026\/04\/02\/obera-detuvieron-a-porteno-tras-intentar-robar-en-una-escuela-del-barrio-mate-rojo\/#primaryimage","url":"https:\/\/alberdi.uno\/wp-content\/uploads\/2026\/04\/poli3-6.jpg","contentUrl":"https:\/\/alberdi.uno\/wp-content\/uploads\/2026\/04\/poli3-6.jpg","width":640,"height":853},{"@type":"BreadcrumbList","@id":"https:\/\/alberdi.uno\/index.php\/2026\/04\/02\/obera-detuvieron-a-porteno-tras-intentar-robar-en-una-escuela-del-barrio-mate-rojo\/#breadcrumb","itemListElement":[{"@type":"ListItem","position":1,"name":"Inicio","item":"https:\/\/alberdi.uno\/"},{"@type":"ListItem","position":2,"name":"Ober\u00e1: detuvieron a \u201cPorte\u00f1o\u201d tras intentar robar en una escuela del barrio Mate Rojo"}]},{"@type":"WebSite","@id":"https:\/\/alberdi.uno\/#website","url":"https:\/\/alberdi.uno\/","name":"Alberdi .UNO - Red Misiones.uno","description":"Noticias de Colonia Alberdi","potentialAction":[{"@type":"SearchAction","target":{"@type":"EntryPoint","urlTemplate":"https:\/\/alberdi.uno\/?s={search_term_string}"},"query-input":{"@type":"PropertyValueSpecification","valueRequired":true,"valueName":"search_term_string"}}],"inLanguage":"es-AR"},{"@type":"Person","@id":"https:\/\/alberdi.uno\/#\/schema\/person\/7af09aba735a9b91f78556601849d2c6","name":"admin","image":{"@type":"ImageObject","inLanguage":"es-AR","@id":"https:\/\/alberdi.uno\/#\/schema\/person\/image\/","url":"https:\/\/secure.gravatar.com\/avatar\/988cc68d97727f2265e15e4e04f35d45d93f5493d81192c37b6fcdf6407dba8c?s=96&d=mm&r=g","contentUrl":"https:\/\/secure.gravatar.com\/avatar\/988cc68d97727f2265e15e4e04f35d45d93f5493d81192c37b6fcdf6407dba8c?s=96&d=mm&r=g","caption":"admin"},"sameAs":["http:\/\/alberdi.uno"],"url":"https:\/\/alberdi.uno\/index.php\/author\/admin\/"}]}},"_links":{"self":[{"href":"https:\/\/alberdi.uno\/index.php\/wp-json\/wp\/v2\/posts\/1319","targetHints":{"allow":["GET"]}}],"collection":[{"href":"https:\/\/alberdi.uno\/index.php\/wp-json\/wp\/v2\/posts"}],"about":[{"href":"https:\/\/alberdi.uno\/index.php\/wp-json\/wp\/v2\/types\/post"}],"author":[{"embeddable":true,"href":"https:\/\/alberdi.uno\/index.php\/wp-json\/wp\/v2\/users\/1"}],"replies":[{"embeddable":true,"href":"https:\/\/alberdi.uno\/index.php\/wp-json\/wp\/v2\/comments?post=1319"}],"version-history":[{"count":0,"href":"https:\/\/alberdi.uno\/index.php\/wp-json\/wp\/v2\/posts\/1319\/revisions"}],"wp:featuredmedia":[{"embeddable":true,"href":"https:\/\/alberdi.uno\/index.php\/wp-json\/wp\/v2\/media\/1320"}],"wp:attachment":[{"href":"https:\/\/alberdi.uno\/index.php\/wp-json\/wp\/v2\/media?parent=1319"}],"wp:term":[{"taxonomy":"category","embeddable":true,"href":"https:\/\/alberdi.uno\/index.php\/wp-json\/wp\/v2\/categories?post=1319"},{"taxonomy":"post_tag","embeddable":true,"href":"https:\/\/alberdi.uno\/index.php\/wp-json\/wp\/v2\/tags?post=1319"}],"curies":[{"name":"wp","href":"https:\/\/api.w.org\/{rel}","templated":true}]}}