{"id":1316,"date":"2026-04-02T13:07:25","date_gmt":"2026-04-02T16:07:25","guid":{"rendered":"https:\/\/alberdi.uno\/index.php\/2026\/04\/02\/semana-santa-en-misiones-la-policia-desplegara-tecnologia-patrullas-y-controles-en-toda-la-provincia\/"},"modified":"2026-04-02T13:07:25","modified_gmt":"2026-04-02T16:07:25","slug":"semana-santa-en-misiones-la-policia-desplegara-tecnologia-patrullas-y-controles-en-toda-la-provincia","status":"publish","type":"post","link":"https:\/\/alberdi.uno\/index.php\/2026\/04\/02\/semana-santa-en-misiones-la-policia-desplegara-tecnologia-patrullas-y-controles-en-toda-la-provincia\/","title":{"rendered":"Semana Santa en Misiones: la Polic\u00eda desplegar\u00e1 tecnolog\u00eda, patrullas y controles en toda la provincia"},"content":{"rendered":"<div>\n<div>\n<p><strong>AGENCIA MISIONES.UNO | La Polic\u00eda de Misiones implementar\u00e1 un amplio operativo de seguridad en todo el territorio provincial durante Semana Santa, con eje en el uso de tecnolog\u00eda y una fuerte presencia territorial para prevenir delitos, garantizar el orden p\u00fablico y reforzar la seguridad vial.<\/strong><\/p>\n<p>De cara a una de las fechas de mayor circulaci\u00f3n tur\u00edstica y movilidad interna, la fuerza provincial pondr\u00e1 en marcha un dispositivo integral que combinar\u00e1 herramientas tecnol\u00f3gicas con despliegue operativo en calles, rutas y espacios p\u00fablicos. El objetivo central es brindar asistencia tanto a residentes como a visitantes, adem\u00e1s de prevenir incidentes y reforzar la seguridad en puntos estrat\u00e9gicos.<\/p>\n<p>En materia tecnol\u00f3gica, el operativo contar\u00e1 con la intervenci\u00f3n de la Divisi\u00f3n de Veh\u00edculos A\u00e9reos No Tripulados (VAPONT), dependiente del Centro Integral de Operaciones 911, que realizar\u00e1 monitoreos a\u00e9reos en rutas, zonas tur\u00edsticas y eventos. Tambi\u00e9n se implementar\u00e1 fiscalizaci\u00f3n electr\u00f3nica de velocidad en corredores viales, con el fin de prevenir siniestros y proteger la fauna silvestre.<\/p>\n<p>El sistema se complementar\u00e1 con una guardia permanente del 911 durante las 24 horas, articulada con las unidades regionales, lo que permitir\u00e1 el monitoreo continuo de la red de c\u00e1maras distribuidas en los 79 municipios de Misiones. Esta infraestructura busca optimizar la respuesta ante emergencias y fortalecer las tareas preventivas en toda la provincia.<\/p>\n<p>En cuanto al despliegue territorial, se prev\u00e9 la participaci\u00f3n de cerca de 1700 patrullas que realizar\u00e1n recorridas preventivas en zonas urbanas y rurales, incluyendo barrios, \u00e1reas comerciales, espacios gastron\u00f3micos y eventos culturales. Adem\u00e1s, habr\u00e1 controles espec\u00edficos en \u00e1reas protegidas, reservas naturales y campings.<\/p>\n<p>En el \u00e1mbito vial y tur\u00edstico, se dispondr\u00e1n m\u00f3viles del 911 en corredores principales y accesos a localidades, junto con puestos de informaci\u00f3n y asistencia al viajero. Desde la Jefatura de Polic\u00eda destacaron que el operativo forma parte de un plan especial coordinado con la Direcci\u00f3n General de Seguridad y los Comandos Regionales, y remarcaron la importancia de la colaboraci\u00f3n ciudadana, el respeto a las normas y el uso responsable del sistema de emergencias.<\/p>\n<p><img decoding=\"async\" class=\"aligncenter size-full wp-image-6034\" src=\"https:\/\/alberdi.uno\/wp-content\/uploads\/2026\/04\/poli1-3.jpg\" sizes=\"(max-width: 640px) 100vw, 640px\" srcset=\"https:\/\/agenciamisiones.uno\/wp-content\/uploads\/2026\/04\/poli1-3-200x267.jpg 200w, https:\/\/agenciamisiones.uno\/wp-content\/uploads\/2026\/04\/poli1-3-225x300.jpg 225w, https:\/\/agenciamisiones.uno\/wp-content\/uploads\/2026\/04\/poli1-3-400x533.jpg 400w, https:\/\/agenciamisiones.uno\/wp-content\/uploads\/2026\/04\/poli1-3-600x800.jpg 600w, https:\/\/alberdi.uno\/wp-content\/uploads\/2026\/04\/poli1-3.jpg 640w\" alt=\"\" width=\"640\" height=\"853\"><\/p>\n<p>Fuente: <a href=\"https:\/\/agenciamisiones.uno\/\">Agencia Misiones.uno<\/a>.<\/p>\n<\/div>\n<\/div>\n","protected":false},"excerpt":{"rendered":"<p>AGENCIA MISIONES.UNO | La Polic\u00eda de Misiones implementar\u00e1 un amplio  [&#8230;]<\/p>\n","protected":false},"author":1,"featured_media":1317,"comment_status":"closed","ping_status":"closed","sticky":false,"template":"","format":"standard","meta":{"fifu_image_url":"","fifu_image_alt":"","footnotes":""},"categories":[23,154,152,153],"tags":[],"class_list":["post-1316","post","type-post","status-publish","format-standard","has-post-thumbnail","hentry","category-policia-de-misiones","category-red-iguazu","category-red-obera","category-seguridad"],"acf":[],"yoast_head":"<!-- This site is optimized with the Yoast SEO plugin v26.7 - https:\/\/yoast.com\/wordpress\/plugins\/seo\/ -->\n<title>Semana Santa en Misiones: la Polic\u00eda desplegar\u00e1 tecnolog\u00eda, patrullas y controles en toda la provincia - Alberdi .UNO - Red Misiones.uno<\/title>\n<meta name=\"robots\" content=\"index, follow, max-snippet:-1, max-image-preview:large, max-video-preview:-1\" \/>\n<link rel=\"canonical\" href=\"https:\/\/alberdi.uno\/index.php\/2026\/04\/02\/semana-santa-en-misiones-la-policia-desplegara-tecnologia-patrullas-y-controles-en-toda-la-provincia\/\" \/>\n<meta property=\"og:locale\" content=\"es_ES\" \/>\n<meta property=\"og:type\" content=\"article\" \/>\n<meta property=\"og:title\" content=\"Semana Santa en Misiones: la Polic\u00eda desplegar\u00e1 tecnolog\u00eda, patrullas y controles en toda la provincia - Alberdi .UNO - Red Misiones.uno\" \/>\n<meta property=\"og:description\" content=\"AGENCIA MISIONES.UNO | La Polic\u00eda de Misiones implementar\u00e1 un amplio [...]\" \/>\n<meta property=\"og:url\" content=\"https:\/\/alberdi.uno\/index.php\/2026\/04\/02\/semana-santa-en-misiones-la-policia-desplegara-tecnologia-patrullas-y-controles-en-toda-la-provincia\/\" \/>\n<meta property=\"og:site_name\" content=\"Alberdi .UNO - Red Misiones.uno\" \/>\n<meta property=\"article:published_time\" content=\"2026-04-02T16:07:25+00:00\" \/>\n<meta name=\"author\" content=\"admin\" \/>\n<meta name=\"twitter:card\" content=\"summary_large_image\" \/>\n<meta name=\"twitter:label1\" content=\"Escrito por\" \/>\n\t<meta name=\"twitter:data1\" content=\"admin\" \/>\n\t<meta name=\"twitter:label2\" content=\"Tiempo de lectura\" \/>\n\t<meta name=\"twitter:data2\" content=\"2 minutos\" \/>\n<script type=\"application\/ld+json\" class=\"yoast-schema-graph\">{\"@context\":\"https:\/\/schema.org\",\"@graph\":[{\"@type\":\"Article\",\"@id\":\"https:\/\/alberdi.uno\/index.php\/2026\/04\/02\/semana-santa-en-misiones-la-policia-desplegara-tecnologia-patrullas-y-controles-en-toda-la-provincia\/#article\",\"isPartOf\":{\"@id\":\"https:\/\/alberdi.uno\/index.php\/2026\/04\/02\/semana-santa-en-misiones-la-policia-desplegara-tecnologia-patrullas-y-controles-en-toda-la-provincia\/\"},\"author\":{\"name\":\"admin\",\"@id\":\"https:\/\/alberdi.uno\/#\/schema\/person\/7af09aba735a9b91f78556601849d2c6\"},\"headline\":\"Semana Santa en Misiones: la Polic\u00eda desplegar\u00e1 tecnolog\u00eda, patrullas y controles en toda la provincia\",\"datePublished\":\"2026-04-02T16:07:25+00:00\",\"mainEntityOfPage\":{\"@id\":\"https:\/\/alberdi.uno\/index.php\/2026\/04\/02\/semana-santa-en-misiones-la-policia-desplegara-tecnologia-patrullas-y-controles-en-toda-la-provincia\/\"},\"wordCount\":378,\"image\":{\"@id\":\"https:\/\/alberdi.uno\/index.php\/2026\/04\/02\/semana-santa-en-misiones-la-policia-desplegara-tecnologia-patrullas-y-controles-en-toda-la-provincia\/#primaryimage\"},\"thumbnailUrl\":\"https:\/\/alberdi.uno\/wp-content\/uploads\/2026\/04\/POLI.jpg\",\"articleSection\":[\"Polic\u00eda de Misiones\",\"Red Iguaz\u00fa\",\"Red Ober\u00e1\",\"Seguridad\"],\"inLanguage\":\"es-AR\"},{\"@type\":\"WebPage\",\"@id\":\"https:\/\/alberdi.uno\/index.php\/2026\/04\/02\/semana-santa-en-misiones-la-policia-desplegara-tecnologia-patrullas-y-controles-en-toda-la-provincia\/\",\"url\":\"https:\/\/alberdi.uno\/index.php\/2026\/04\/02\/semana-santa-en-misiones-la-policia-desplegara-tecnologia-patrullas-y-controles-en-toda-la-provincia\/\",\"name\":\"Semana Santa en Misiones: la Polic\u00eda desplegar\u00e1 tecnolog\u00eda, patrullas y controles en toda la provincia - Alberdi .UNO - Red Misiones.uno\",\"isPartOf\":{\"@id\":\"https:\/\/alberdi.uno\/#website\"},\"primaryImageOfPage\":{\"@id\":\"https:\/\/alberdi.uno\/index.php\/2026\/04\/02\/semana-santa-en-misiones-la-policia-desplegara-tecnologia-patrullas-y-controles-en-toda-la-provincia\/#primaryimage\"},\"image\":{\"@id\":\"https:\/\/alberdi.uno\/index.php\/2026\/04\/02\/semana-santa-en-misiones-la-policia-desplegara-tecnologia-patrullas-y-controles-en-toda-la-provincia\/#primaryimage\"},\"thumbnailUrl\":\"https:\/\/alberdi.uno\/wp-content\/uploads\/2026\/04\/POLI.jpg\",\"datePublished\":\"2026-04-02T16:07:25+00:00\",\"author\":{\"@id\":\"https:\/\/alberdi.uno\/#\/schema\/person\/7af09aba735a9b91f78556601849d2c6\"},\"breadcrumb\":{\"@id\":\"https:\/\/alberdi.uno\/index.php\/2026\/04\/02\/semana-santa-en-misiones-la-policia-desplegara-tecnologia-patrullas-y-controles-en-toda-la-provincia\/#breadcrumb\"},\"inLanguage\":\"es-AR\",\"potentialAction\":[{\"@type\":\"ReadAction\",\"target\":[\"https:\/\/alberdi.uno\/index.php\/2026\/04\/02\/semana-santa-en-misiones-la-policia-desplegara-tecnologia-patrullas-y-controles-en-toda-la-provincia\/\"]}]},{\"@type\":\"ImageObject\",\"inLanguage\":\"es-AR\",\"@id\":\"https:\/\/alberdi.uno\/index.php\/2026\/04\/02\/semana-santa-en-misiones-la-policia-desplegara-tecnologia-patrullas-y-controles-en-toda-la-provincia\/#primaryimage\",\"url\":\"https:\/\/alberdi.uno\/wp-content\/uploads\/2026\/04\/POLI.jpg\",\"contentUrl\":\"https:\/\/alberdi.uno\/wp-content\/uploads\/2026\/04\/POLI.jpg\",\"width\":640,\"height\":853},{\"@type\":\"BreadcrumbList\",\"@id\":\"https:\/\/alberdi.uno\/index.php\/2026\/04\/02\/semana-santa-en-misiones-la-policia-desplegara-tecnologia-patrullas-y-controles-en-toda-la-provincia\/#breadcrumb\",\"itemListElement\":[{\"@type\":\"ListItem\",\"position\":1,\"name\":\"Inicio\",\"item\":\"https:\/\/alberdi.uno\/\"},{\"@type\":\"ListItem\",\"position\":2,\"name\":\"Semana Santa en Misiones: la Polic\u00eda desplegar\u00e1 tecnolog\u00eda, patrullas y controles en toda la provincia\"}]},{\"@type\":\"WebSite\",\"@id\":\"https:\/\/alberdi.uno\/#website\",\"url\":\"https:\/\/alberdi.uno\/\",\"name\":\"Alberdi .UNO - Red Misiones.uno\",\"description\":\"Noticias de Colonia Alberdi\",\"potentialAction\":[{\"@type\":\"SearchAction\",\"target\":{\"@type\":\"EntryPoint\",\"urlTemplate\":\"https:\/\/alberdi.uno\/?s={search_term_string}\"},\"query-input\":{\"@type\":\"PropertyValueSpecification\",\"valueRequired\":true,\"valueName\":\"search_term_string\"}}],\"inLanguage\":\"es-AR\"},{\"@type\":\"Person\",\"@id\":\"https:\/\/alberdi.uno\/#\/schema\/person\/7af09aba735a9b91f78556601849d2c6\",\"name\":\"admin\",\"image\":{\"@type\":\"ImageObject\",\"inLanguage\":\"es-AR\",\"@id\":\"https:\/\/alberdi.uno\/#\/schema\/person\/image\/\",\"url\":\"https:\/\/secure.gravatar.com\/avatar\/988cc68d97727f2265e15e4e04f35d45d93f5493d81192c37b6fcdf6407dba8c?s=96&d=mm&r=g\",\"contentUrl\":\"https:\/\/secure.gravatar.com\/avatar\/988cc68d97727f2265e15e4e04f35d45d93f5493d81192c37b6fcdf6407dba8c?s=96&d=mm&r=g\",\"caption\":\"admin\"},\"sameAs\":[\"http:\/\/alberdi.uno\"],\"url\":\"https:\/\/alberdi.uno\/index.php\/author\/admin\/\"}]}<\/script>\n<!-- \/ Yoast SEO plugin. -->","yoast_head_json":{"title":"Semana Santa en Misiones: la Polic\u00eda desplegar\u00e1 tecnolog\u00eda, patrullas y controles en toda la provincia - Alberdi .UNO - Red Misiones.uno","robots":{"index":"index","follow":"follow","max-snippet":"max-snippet:-1","max-image-preview":"max-image-preview:large","max-video-preview":"max-video-preview:-1"},"canonical":"https:\/\/alberdi.uno\/index.php\/2026\/04\/02\/semana-santa-en-misiones-la-policia-desplegara-tecnologia-patrullas-y-controles-en-toda-la-provincia\/","og_locale":"es_ES","og_type":"article","og_title":"Semana Santa en Misiones: la Polic\u00eda desplegar\u00e1 tecnolog\u00eda, patrullas y controles en toda la provincia - Alberdi .UNO - Red Misiones.uno","og_description":"AGENCIA MISIONES.UNO | La Polic\u00eda de Misiones implementar\u00e1 un amplio [...]","og_url":"https:\/\/alberdi.uno\/index.php\/2026\/04\/02\/semana-santa-en-misiones-la-policia-desplegara-tecnologia-patrullas-y-controles-en-toda-la-provincia\/","og_site_name":"Alberdi .UNO - Red Misiones.uno","article_published_time":"2026-04-02T16:07:25+00:00","author":"admin","twitter_card":"summary_large_image","twitter_misc":{"Escrito por":"admin","Tiempo de lectura":"2 minutos"},"schema":{"@context":"https:\/\/schema.org","@graph":[{"@type":"Article","@id":"https:\/\/alberdi.uno\/index.php\/2026\/04\/02\/semana-santa-en-misiones-la-policia-desplegara-tecnologia-patrullas-y-controles-en-toda-la-provincia\/#article","isPartOf":{"@id":"https:\/\/alberdi.uno\/index.php\/2026\/04\/02\/semana-santa-en-misiones-la-policia-desplegara-tecnologia-patrullas-y-controles-en-toda-la-provincia\/"},"author":{"name":"admin","@id":"https:\/\/alberdi.uno\/#\/schema\/person\/7af09aba735a9b91f78556601849d2c6"},"headline":"Semana Santa en Misiones: la Polic\u00eda desplegar\u00e1 tecnolog\u00eda, patrullas y controles en toda la provincia","datePublished":"2026-04-02T16:07:25+00:00","mainEntityOfPage":{"@id":"https:\/\/alberdi.uno\/index.php\/2026\/04\/02\/semana-santa-en-misiones-la-policia-desplegara-tecnologia-patrullas-y-controles-en-toda-la-provincia\/"},"wordCount":378,"image":{"@id":"https:\/\/alberdi.uno\/index.php\/2026\/04\/02\/semana-santa-en-misiones-la-policia-desplegara-tecnologia-patrullas-y-controles-en-toda-la-provincia\/#primaryimage"},"thumbnailUrl":"https:\/\/alberdi.uno\/wp-content\/uploads\/2026\/04\/POLI.jpg","articleSection":["Polic\u00eda de Misiones","Red Iguaz\u00fa","Red Ober\u00e1","Seguridad"],"inLanguage":"es-AR"},{"@type":"WebPage","@id":"https:\/\/alberdi.uno\/index.php\/2026\/04\/02\/semana-santa-en-misiones-la-policia-desplegara-tecnologia-patrullas-y-controles-en-toda-la-provincia\/","url":"https:\/\/alberdi.uno\/index.php\/2026\/04\/02\/semana-santa-en-misiones-la-policia-desplegara-tecnologia-patrullas-y-controles-en-toda-la-provincia\/","name":"Semana Santa en Misiones: la Polic\u00eda desplegar\u00e1 tecnolog\u00eda, patrullas y controles en toda la provincia - Alberdi .UNO - Red Misiones.uno","isPartOf":{"@id":"https:\/\/alberdi.uno\/#website"},"primaryImageOfPage":{"@id":"https:\/\/alberdi.uno\/index.php\/2026\/04\/02\/semana-santa-en-misiones-la-policia-desplegara-tecnologia-patrullas-y-controles-en-toda-la-provincia\/#primaryimage"},"image":{"@id":"https:\/\/alberdi.uno\/index.php\/2026\/04\/02\/semana-santa-en-misiones-la-policia-desplegara-tecnologia-patrullas-y-controles-en-toda-la-provincia\/#primaryimage"},"thumbnailUrl":"https:\/\/alberdi.uno\/wp-content\/uploads\/2026\/04\/POLI.jpg","datePublished":"2026-04-02T16:07:25+00:00","author":{"@id":"https:\/\/alberdi.uno\/#\/schema\/person\/7af09aba735a9b91f78556601849d2c6"},"breadcrumb":{"@id":"https:\/\/alberdi.uno\/index.php\/2026\/04\/02\/semana-santa-en-misiones-la-policia-desplegara-tecnologia-patrullas-y-controles-en-toda-la-provincia\/#breadcrumb"},"inLanguage":"es-AR","potentialAction":[{"@type":"ReadAction","target":["https:\/\/alberdi.uno\/index.php\/2026\/04\/02\/semana-santa-en-misiones-la-policia-desplegara-tecnologia-patrullas-y-controles-en-toda-la-provincia\/"]}]},{"@type":"ImageObject","inLanguage":"es-AR","@id":"https:\/\/alberdi.uno\/index.php\/2026\/04\/02\/semana-santa-en-misiones-la-policia-desplegara-tecnologia-patrullas-y-controles-en-toda-la-provincia\/#primaryimage","url":"https:\/\/alberdi.uno\/wp-content\/uploads\/2026\/04\/POLI.jpg","contentUrl":"https:\/\/alberdi.uno\/wp-content\/uploads\/2026\/04\/POLI.jpg","width":640,"height":853},{"@type":"BreadcrumbList","@id":"https:\/\/alberdi.uno\/index.php\/2026\/04\/02\/semana-santa-en-misiones-la-policia-desplegara-tecnologia-patrullas-y-controles-en-toda-la-provincia\/#breadcrumb","itemListElement":[{"@type":"ListItem","position":1,"name":"Inicio","item":"https:\/\/alberdi.uno\/"},{"@type":"ListItem","position":2,"name":"Semana Santa en Misiones: la Polic\u00eda desplegar\u00e1 tecnolog\u00eda, patrullas y controles en toda la provincia"}]},{"@type":"WebSite","@id":"https:\/\/alberdi.uno\/#website","url":"https:\/\/alberdi.uno\/","name":"Alberdi .UNO - Red Misiones.uno","description":"Noticias de Colonia Alberdi","potentialAction":[{"@type":"SearchAction","target":{"@type":"EntryPoint","urlTemplate":"https:\/\/alberdi.uno\/?s={search_term_string}"},"query-input":{"@type":"PropertyValueSpecification","valueRequired":true,"valueName":"search_term_string"}}],"inLanguage":"es-AR"},{"@type":"Person","@id":"https:\/\/alberdi.uno\/#\/schema\/person\/7af09aba735a9b91f78556601849d2c6","name":"admin","image":{"@type":"ImageObject","inLanguage":"es-AR","@id":"https:\/\/alberdi.uno\/#\/schema\/person\/image\/","url":"https:\/\/secure.gravatar.com\/avatar\/988cc68d97727f2265e15e4e04f35d45d93f5493d81192c37b6fcdf6407dba8c?s=96&d=mm&r=g","contentUrl":"https:\/\/secure.gravatar.com\/avatar\/988cc68d97727f2265e15e4e04f35d45d93f5493d81192c37b6fcdf6407dba8c?s=96&d=mm&r=g","caption":"admin"},"sameAs":["http:\/\/alberdi.uno"],"url":"https:\/\/alberdi.uno\/index.php\/author\/admin\/"}]}},"_links":{"self":[{"href":"https:\/\/alberdi.uno\/index.php\/wp-json\/wp\/v2\/posts\/1316","targetHints":{"allow":["GET"]}}],"collection":[{"href":"https:\/\/alberdi.uno\/index.php\/wp-json\/wp\/v2\/posts"}],"about":[{"href":"https:\/\/alberdi.uno\/index.php\/wp-json\/wp\/v2\/types\/post"}],"author":[{"embeddable":true,"href":"https:\/\/alberdi.uno\/index.php\/wp-json\/wp\/v2\/users\/1"}],"replies":[{"embeddable":true,"href":"https:\/\/alberdi.uno\/index.php\/wp-json\/wp\/v2\/comments?post=1316"}],"version-history":[{"count":0,"href":"https:\/\/alberdi.uno\/index.php\/wp-json\/wp\/v2\/posts\/1316\/revisions"}],"wp:featuredmedia":[{"embeddable":true,"href":"https:\/\/alberdi.uno\/index.php\/wp-json\/wp\/v2\/media\/1317"}],"wp:attachment":[{"href":"https:\/\/alberdi.uno\/index.php\/wp-json\/wp\/v2\/media?parent=1316"}],"wp:term":[{"taxonomy":"category","embeddable":true,"href":"https:\/\/alberdi.uno\/index.php\/wp-json\/wp\/v2\/categories?post=1316"},{"taxonomy":"post_tag","embeddable":true,"href":"https:\/\/alberdi.uno\/index.php\/wp-json\/wp\/v2\/tags?post=1316"}],"curies":[{"name":"wp","href":"https:\/\/api.w.org\/{rel}","templated":true}]}}