{"id":1238,"date":"2026-03-01T12:16:09","date_gmt":"2026-03-01T15:16:09","guid":{"rendered":"https:\/\/alberdi.uno\/index.php\/2026\/03\/01\/campo-viera-recuperaron-una-camioneta-robada-tras-un-operativo-cerrojo-policial\/"},"modified":"2026-03-01T12:16:09","modified_gmt":"2026-03-01T15:16:09","slug":"campo-viera-recuperaron-una-camioneta-robada-tras-un-operativo-cerrojo-policial","status":"publish","type":"post","link":"https:\/\/alberdi.uno\/index.php\/2026\/03\/01\/campo-viera-recuperaron-una-camioneta-robada-tras-un-operativo-cerrojo-policial\/","title":{"rendered":"Campo Viera: recuperaron una camioneta robada tras un operativo cerrojo policial"},"content":{"rendered":"<div>\n<div>\n<p><strong><a href=\"https:\/\/agenciamisiones.uno\/\">AGENCIA MISIONES.UNO<\/a> | Un r\u00e1pido despliegue policial permiti\u00f3 recuperar una camioneta Chevrolet Montana que hab\u00eda sido sustra\u00edda durante la ma\u00f1ana del s\u00e1bado en la zona urbana de Campo Viera. El veh\u00edculo fue hallado abandonado horas m\u00e1s tarde en la Picada La Madrid, sobre la Ruta Provincial 210.<\/strong><\/p>\n<p>El hecho fue denunciado alrededor de las 10:35, cuando un hombre de 39 a\u00f1os inform\u00f3 que su camioneta, una Chevrolet Montana, hab\u00eda sido robada frente a su domicilio, ubicado en la intersecci\u00f3n de las calles Chaco y Col\u00f3n. Seg\u00fan indic\u00f3, el rodado se encontraba estacionado y con las llaves colocadas al momento de la sustracci\u00f3n.<\/p>\n<p>Tras la denuncia, efectivos de la Comisar\u00eda de Campo Viera, con apoyo de la Divisi\u00f3n Comando Radioel\u00e9ctrico, implementaron un operativo cerrojo en la zona. Los uniformados recorrieron calles internas, realizaron consultas a vecinos y llevaron adelante distintas averiguaciones para dar con el veh\u00edculo.<\/p>\n<p>Como resultado del procedimiento, cerca de las 13:45, la camioneta fue localizada abandonada en la Picada La Madrid, sobre la Ruta Provincial 210. El rodado no presentaba da\u00f1os ni faltantes de partes y fue asegurado en el lugar para la realizaci\u00f3n de pericias y registros que permitan avanzar en la investigaci\u00f3n.<\/p>\n<p>Las actuaciones contin\u00faan con el objetivo de identificar y detener a los responsables del hecho, as\u00ed como determinar si contaron con la colaboraci\u00f3n de otras personas o utilizaron alg\u00fan medio log\u00edstico para concretar el il\u00edcito.<\/p>\n<p><img decoding=\"async\" class=\"aligncenter size-full wp-image-2087\" src=\"https:\/\/alberdi.uno\/wp-content\/uploads\/2026\/03\/policia1.jpg\" sizes=\"(max-width: 640px) 100vw, 640px\" srcset=\"https:\/\/agenciamisiones.uno\/wp-content\/uploads\/2026\/03\/policia1-200x267.jpg 200w, https:\/\/agenciamisiones.uno\/wp-content\/uploads\/2026\/03\/policia1-225x300.jpg 225w, https:\/\/agenciamisiones.uno\/wp-content\/uploads\/2026\/03\/policia1-400x533.jpg 400w, https:\/\/agenciamisiones.uno\/wp-content\/uploads\/2026\/03\/policia1-600x800.jpg 600w, https:\/\/alberdi.uno\/wp-content\/uploads\/2026\/03\/policia1.jpg 640w\" alt=\"\" width=\"640\" height=\"853\"><\/p>\n<p>La entrada <a href=\"https:\/\/agenciamisiones.uno\/campo-viera-recuperaron-una-camioneta-robada-tras-un-operativo-cerrojo-policial\/\">Campo Viera: recuperaron una camioneta robada tras un operativo cerrojo policial<\/a> se public\u00f3 primero en <a href=\"https:\/\/agenciamisiones.uno\/\">Agencia Misiones.uno<\/a>.<\/p>\n<\/div>\n<\/div>\n","protected":false},"excerpt":{"rendered":"<p>AGENCIA MISIONES.UNO | Un r\u00e1pido despliegue policial permiti\u00f3 recuperar una  [&#8230;]<\/p>\n","protected":false},"author":1,"featured_media":1239,"comment_status":"closed","ping_status":"closed","sticky":false,"template":"","format":"standard","meta":{"fifu_image_url":"","fifu_image_alt":"","footnotes":""},"categories":[23,152,153],"tags":[],"class_list":["post-1238","post","type-post","status-publish","format-standard","has-post-thumbnail","hentry","category-policia-de-misiones","category-red-obera","category-seguridad"],"acf":[],"yoast_head":"<!-- This site is optimized with the Yoast SEO plugin v26.7 - https:\/\/yoast.com\/wordpress\/plugins\/seo\/ -->\n<title>Campo Viera: recuperaron una camioneta robada tras un operativo cerrojo policial - Alberdi .UNO - Red Misiones.uno<\/title>\n<meta name=\"robots\" content=\"index, follow, max-snippet:-1, max-image-preview:large, max-video-preview:-1\" \/>\n<link rel=\"canonical\" href=\"https:\/\/alberdi.uno\/index.php\/2026\/03\/01\/campo-viera-recuperaron-una-camioneta-robada-tras-un-operativo-cerrojo-policial\/\" \/>\n<meta property=\"og:locale\" content=\"es_ES\" \/>\n<meta property=\"og:type\" content=\"article\" \/>\n<meta property=\"og:title\" content=\"Campo Viera: recuperaron una camioneta robada tras un operativo cerrojo policial - Alberdi .UNO - Red Misiones.uno\" \/>\n<meta property=\"og:description\" content=\"AGENCIA MISIONES.UNO | Un r\u00e1pido despliegue policial permiti\u00f3 recuperar una [...]\" \/>\n<meta property=\"og:url\" content=\"https:\/\/alberdi.uno\/index.php\/2026\/03\/01\/campo-viera-recuperaron-una-camioneta-robada-tras-un-operativo-cerrojo-policial\/\" \/>\n<meta property=\"og:site_name\" content=\"Alberdi .UNO - Red Misiones.uno\" \/>\n<meta property=\"article:published_time\" content=\"2026-03-01T15:16:09+00:00\" \/>\n<meta name=\"author\" content=\"admin\" \/>\n<meta name=\"twitter:card\" content=\"summary_large_image\" \/>\n<meta name=\"twitter:label1\" content=\"Escrito por\" \/>\n\t<meta name=\"twitter:data1\" content=\"admin\" \/>\n\t<meta name=\"twitter:label2\" content=\"Tiempo de lectura\" \/>\n\t<meta name=\"twitter:data2\" content=\"1 minuto\" \/>\n<script type=\"application\/ld+json\" class=\"yoast-schema-graph\">{\"@context\":\"https:\/\/schema.org\",\"@graph\":[{\"@type\":\"Article\",\"@id\":\"https:\/\/alberdi.uno\/index.php\/2026\/03\/01\/campo-viera-recuperaron-una-camioneta-robada-tras-un-operativo-cerrojo-policial\/#article\",\"isPartOf\":{\"@id\":\"https:\/\/alberdi.uno\/index.php\/2026\/03\/01\/campo-viera-recuperaron-una-camioneta-robada-tras-un-operativo-cerrojo-policial\/\"},\"author\":{\"name\":\"admin\",\"@id\":\"https:\/\/alberdi.uno\/#\/schema\/person\/7af09aba735a9b91f78556601849d2c6\"},\"headline\":\"Campo Viera: recuperaron una camioneta robada tras un operativo cerrojo policial\",\"datePublished\":\"2026-03-01T15:16:09+00:00\",\"mainEntityOfPage\":{\"@id\":\"https:\/\/alberdi.uno\/index.php\/2026\/03\/01\/campo-viera-recuperaron-una-camioneta-robada-tras-un-operativo-cerrojo-policial\/\"},\"wordCount\":282,\"image\":{\"@id\":\"https:\/\/alberdi.uno\/index.php\/2026\/03\/01\/campo-viera-recuperaron-una-camioneta-robada-tras-un-operativo-cerrojo-policial\/#primaryimage\"},\"thumbnailUrl\":\"https:\/\/alberdi.uno\/wp-content\/uploads\/2026\/03\/poli3.jpg\",\"articleSection\":[\"Polic\u00eda de Misiones\",\"Red Ober\u00e1\",\"Seguridad\"],\"inLanguage\":\"es-AR\"},{\"@type\":\"WebPage\",\"@id\":\"https:\/\/alberdi.uno\/index.php\/2026\/03\/01\/campo-viera-recuperaron-una-camioneta-robada-tras-un-operativo-cerrojo-policial\/\",\"url\":\"https:\/\/alberdi.uno\/index.php\/2026\/03\/01\/campo-viera-recuperaron-una-camioneta-robada-tras-un-operativo-cerrojo-policial\/\",\"name\":\"Campo Viera: recuperaron una camioneta robada tras un operativo cerrojo policial - Alberdi .UNO - Red Misiones.uno\",\"isPartOf\":{\"@id\":\"https:\/\/alberdi.uno\/#website\"},\"primaryImageOfPage\":{\"@id\":\"https:\/\/alberdi.uno\/index.php\/2026\/03\/01\/campo-viera-recuperaron-una-camioneta-robada-tras-un-operativo-cerrojo-policial\/#primaryimage\"},\"image\":{\"@id\":\"https:\/\/alberdi.uno\/index.php\/2026\/03\/01\/campo-viera-recuperaron-una-camioneta-robada-tras-un-operativo-cerrojo-policial\/#primaryimage\"},\"thumbnailUrl\":\"https:\/\/alberdi.uno\/wp-content\/uploads\/2026\/03\/poli3.jpg\",\"datePublished\":\"2026-03-01T15:16:09+00:00\",\"author\":{\"@id\":\"https:\/\/alberdi.uno\/#\/schema\/person\/7af09aba735a9b91f78556601849d2c6\"},\"breadcrumb\":{\"@id\":\"https:\/\/alberdi.uno\/index.php\/2026\/03\/01\/campo-viera-recuperaron-una-camioneta-robada-tras-un-operativo-cerrojo-policial\/#breadcrumb\"},\"inLanguage\":\"es-AR\",\"potentialAction\":[{\"@type\":\"ReadAction\",\"target\":[\"https:\/\/alberdi.uno\/index.php\/2026\/03\/01\/campo-viera-recuperaron-una-camioneta-robada-tras-un-operativo-cerrojo-policial\/\"]}]},{\"@type\":\"ImageObject\",\"inLanguage\":\"es-AR\",\"@id\":\"https:\/\/alberdi.uno\/index.php\/2026\/03\/01\/campo-viera-recuperaron-una-camioneta-robada-tras-un-operativo-cerrojo-policial\/#primaryimage\",\"url\":\"https:\/\/alberdi.uno\/wp-content\/uploads\/2026\/03\/poli3.jpg\",\"contentUrl\":\"https:\/\/alberdi.uno\/wp-content\/uploads\/2026\/03\/poli3.jpg\",\"width\":640,\"height\":853},{\"@type\":\"BreadcrumbList\",\"@id\":\"https:\/\/alberdi.uno\/index.php\/2026\/03\/01\/campo-viera-recuperaron-una-camioneta-robada-tras-un-operativo-cerrojo-policial\/#breadcrumb\",\"itemListElement\":[{\"@type\":\"ListItem\",\"position\":1,\"name\":\"Inicio\",\"item\":\"https:\/\/alberdi.uno\/\"},{\"@type\":\"ListItem\",\"position\":2,\"name\":\"Campo Viera: recuperaron una camioneta robada tras un operativo cerrojo policial\"}]},{\"@type\":\"WebSite\",\"@id\":\"https:\/\/alberdi.uno\/#website\",\"url\":\"https:\/\/alberdi.uno\/\",\"name\":\"Alberdi .UNO - Red Misiones.uno\",\"description\":\"Noticias de Colonia Alberdi\",\"potentialAction\":[{\"@type\":\"SearchAction\",\"target\":{\"@type\":\"EntryPoint\",\"urlTemplate\":\"https:\/\/alberdi.uno\/?s={search_term_string}\"},\"query-input\":{\"@type\":\"PropertyValueSpecification\",\"valueRequired\":true,\"valueName\":\"search_term_string\"}}],\"inLanguage\":\"es-AR\"},{\"@type\":\"Person\",\"@id\":\"https:\/\/alberdi.uno\/#\/schema\/person\/7af09aba735a9b91f78556601849d2c6\",\"name\":\"admin\",\"image\":{\"@type\":\"ImageObject\",\"inLanguage\":\"es-AR\",\"@id\":\"https:\/\/alberdi.uno\/#\/schema\/person\/image\/\",\"url\":\"https:\/\/secure.gravatar.com\/avatar\/988cc68d97727f2265e15e4e04f35d45d93f5493d81192c37b6fcdf6407dba8c?s=96&d=mm&r=g\",\"contentUrl\":\"https:\/\/secure.gravatar.com\/avatar\/988cc68d97727f2265e15e4e04f35d45d93f5493d81192c37b6fcdf6407dba8c?s=96&d=mm&r=g\",\"caption\":\"admin\"},\"sameAs\":[\"http:\/\/alberdi.uno\"],\"url\":\"https:\/\/alberdi.uno\/index.php\/author\/admin\/\"}]}<\/script>\n<!-- \/ Yoast SEO plugin. -->","yoast_head_json":{"title":"Campo Viera: recuperaron una camioneta robada tras un operativo cerrojo policial - Alberdi .UNO - Red Misiones.uno","robots":{"index":"index","follow":"follow","max-snippet":"max-snippet:-1","max-image-preview":"max-image-preview:large","max-video-preview":"max-video-preview:-1"},"canonical":"https:\/\/alberdi.uno\/index.php\/2026\/03\/01\/campo-viera-recuperaron-una-camioneta-robada-tras-un-operativo-cerrojo-policial\/","og_locale":"es_ES","og_type":"article","og_title":"Campo Viera: recuperaron una camioneta robada tras un operativo cerrojo policial - Alberdi .UNO - Red Misiones.uno","og_description":"AGENCIA MISIONES.UNO | Un r\u00e1pido despliegue policial permiti\u00f3 recuperar una [...]","og_url":"https:\/\/alberdi.uno\/index.php\/2026\/03\/01\/campo-viera-recuperaron-una-camioneta-robada-tras-un-operativo-cerrojo-policial\/","og_site_name":"Alberdi .UNO - Red Misiones.uno","article_published_time":"2026-03-01T15:16:09+00:00","author":"admin","twitter_card":"summary_large_image","twitter_misc":{"Escrito por":"admin","Tiempo de lectura":"1 minuto"},"schema":{"@context":"https:\/\/schema.org","@graph":[{"@type":"Article","@id":"https:\/\/alberdi.uno\/index.php\/2026\/03\/01\/campo-viera-recuperaron-una-camioneta-robada-tras-un-operativo-cerrojo-policial\/#article","isPartOf":{"@id":"https:\/\/alberdi.uno\/index.php\/2026\/03\/01\/campo-viera-recuperaron-una-camioneta-robada-tras-un-operativo-cerrojo-policial\/"},"author":{"name":"admin","@id":"https:\/\/alberdi.uno\/#\/schema\/person\/7af09aba735a9b91f78556601849d2c6"},"headline":"Campo Viera: recuperaron una camioneta robada tras un operativo cerrojo policial","datePublished":"2026-03-01T15:16:09+00:00","mainEntityOfPage":{"@id":"https:\/\/alberdi.uno\/index.php\/2026\/03\/01\/campo-viera-recuperaron-una-camioneta-robada-tras-un-operativo-cerrojo-policial\/"},"wordCount":282,"image":{"@id":"https:\/\/alberdi.uno\/index.php\/2026\/03\/01\/campo-viera-recuperaron-una-camioneta-robada-tras-un-operativo-cerrojo-policial\/#primaryimage"},"thumbnailUrl":"https:\/\/alberdi.uno\/wp-content\/uploads\/2026\/03\/poli3.jpg","articleSection":["Polic\u00eda de Misiones","Red Ober\u00e1","Seguridad"],"inLanguage":"es-AR"},{"@type":"WebPage","@id":"https:\/\/alberdi.uno\/index.php\/2026\/03\/01\/campo-viera-recuperaron-una-camioneta-robada-tras-un-operativo-cerrojo-policial\/","url":"https:\/\/alberdi.uno\/index.php\/2026\/03\/01\/campo-viera-recuperaron-una-camioneta-robada-tras-un-operativo-cerrojo-policial\/","name":"Campo Viera: recuperaron una camioneta robada tras un operativo cerrojo policial - Alberdi .UNO - Red Misiones.uno","isPartOf":{"@id":"https:\/\/alberdi.uno\/#website"},"primaryImageOfPage":{"@id":"https:\/\/alberdi.uno\/index.php\/2026\/03\/01\/campo-viera-recuperaron-una-camioneta-robada-tras-un-operativo-cerrojo-policial\/#primaryimage"},"image":{"@id":"https:\/\/alberdi.uno\/index.php\/2026\/03\/01\/campo-viera-recuperaron-una-camioneta-robada-tras-un-operativo-cerrojo-policial\/#primaryimage"},"thumbnailUrl":"https:\/\/alberdi.uno\/wp-content\/uploads\/2026\/03\/poli3.jpg","datePublished":"2026-03-01T15:16:09+00:00","author":{"@id":"https:\/\/alberdi.uno\/#\/schema\/person\/7af09aba735a9b91f78556601849d2c6"},"breadcrumb":{"@id":"https:\/\/alberdi.uno\/index.php\/2026\/03\/01\/campo-viera-recuperaron-una-camioneta-robada-tras-un-operativo-cerrojo-policial\/#breadcrumb"},"inLanguage":"es-AR","potentialAction":[{"@type":"ReadAction","target":["https:\/\/alberdi.uno\/index.php\/2026\/03\/01\/campo-viera-recuperaron-una-camioneta-robada-tras-un-operativo-cerrojo-policial\/"]}]},{"@type":"ImageObject","inLanguage":"es-AR","@id":"https:\/\/alberdi.uno\/index.php\/2026\/03\/01\/campo-viera-recuperaron-una-camioneta-robada-tras-un-operativo-cerrojo-policial\/#primaryimage","url":"https:\/\/alberdi.uno\/wp-content\/uploads\/2026\/03\/poli3.jpg","contentUrl":"https:\/\/alberdi.uno\/wp-content\/uploads\/2026\/03\/poli3.jpg","width":640,"height":853},{"@type":"BreadcrumbList","@id":"https:\/\/alberdi.uno\/index.php\/2026\/03\/01\/campo-viera-recuperaron-una-camioneta-robada-tras-un-operativo-cerrojo-policial\/#breadcrumb","itemListElement":[{"@type":"ListItem","position":1,"name":"Inicio","item":"https:\/\/alberdi.uno\/"},{"@type":"ListItem","position":2,"name":"Campo Viera: recuperaron una camioneta robada tras un operativo cerrojo policial"}]},{"@type":"WebSite","@id":"https:\/\/alberdi.uno\/#website","url":"https:\/\/alberdi.uno\/","name":"Alberdi .UNO - Red Misiones.uno","description":"Noticias de Colonia Alberdi","potentialAction":[{"@type":"SearchAction","target":{"@type":"EntryPoint","urlTemplate":"https:\/\/alberdi.uno\/?s={search_term_string}"},"query-input":{"@type":"PropertyValueSpecification","valueRequired":true,"valueName":"search_term_string"}}],"inLanguage":"es-AR"},{"@type":"Person","@id":"https:\/\/alberdi.uno\/#\/schema\/person\/7af09aba735a9b91f78556601849d2c6","name":"admin","image":{"@type":"ImageObject","inLanguage":"es-AR","@id":"https:\/\/alberdi.uno\/#\/schema\/person\/image\/","url":"https:\/\/secure.gravatar.com\/avatar\/988cc68d97727f2265e15e4e04f35d45d93f5493d81192c37b6fcdf6407dba8c?s=96&d=mm&r=g","contentUrl":"https:\/\/secure.gravatar.com\/avatar\/988cc68d97727f2265e15e4e04f35d45d93f5493d81192c37b6fcdf6407dba8c?s=96&d=mm&r=g","caption":"admin"},"sameAs":["http:\/\/alberdi.uno"],"url":"https:\/\/alberdi.uno\/index.php\/author\/admin\/"}]}},"_links":{"self":[{"href":"https:\/\/alberdi.uno\/index.php\/wp-json\/wp\/v2\/posts\/1238","targetHints":{"allow":["GET"]}}],"collection":[{"href":"https:\/\/alberdi.uno\/index.php\/wp-json\/wp\/v2\/posts"}],"about":[{"href":"https:\/\/alberdi.uno\/index.php\/wp-json\/wp\/v2\/types\/post"}],"author":[{"embeddable":true,"href":"https:\/\/alberdi.uno\/index.php\/wp-json\/wp\/v2\/users\/1"}],"replies":[{"embeddable":true,"href":"https:\/\/alberdi.uno\/index.php\/wp-json\/wp\/v2\/comments?post=1238"}],"version-history":[{"count":0,"href":"https:\/\/alberdi.uno\/index.php\/wp-json\/wp\/v2\/posts\/1238\/revisions"}],"wp:featuredmedia":[{"embeddable":true,"href":"https:\/\/alberdi.uno\/index.php\/wp-json\/wp\/v2\/media\/1239"}],"wp:attachment":[{"href":"https:\/\/alberdi.uno\/index.php\/wp-json\/wp\/v2\/media?parent=1238"}],"wp:term":[{"taxonomy":"category","embeddable":true,"href":"https:\/\/alberdi.uno\/index.php\/wp-json\/wp\/v2\/categories?post=1238"},{"taxonomy":"post_tag","embeddable":true,"href":"https:\/\/alberdi.uno\/index.php\/wp-json\/wp\/v2\/tags?post=1238"}],"curies":[{"name":"wp","href":"https:\/\/api.w.org\/{rel}","templated":true}]}}