{"id":1235,"date":"2026-02-28T18:04:13","date_gmt":"2026-02-28T21:04:13","guid":{"rendered":"https:\/\/alberdi.uno\/index.php\/2026\/02\/28\/alberdi-invita-a-celebrar-el-dia-de-la-mujer-con-una-jornada-de-kayak-y-actividades-recreativas-en-el-chapa\/"},"modified":"2026-02-28T18:04:13","modified_gmt":"2026-02-28T21:04:13","slug":"alberdi-invita-a-celebrar-el-dia-de-la-mujer-con-una-jornada-de-kayak-y-actividades-recreativas-en-el-chapa","status":"publish","type":"post","link":"https:\/\/alberdi.uno\/index.php\/2026\/02\/28\/alberdi-invita-a-celebrar-el-dia-de-la-mujer-con-una-jornada-de-kayak-y-actividades-recreativas-en-el-chapa\/","title":{"rendered":"Alberdi invita a celebrar el D\u00eda de la Mujer con una jornada de kayak y actividades recreativas en El Chap\u00e1"},"content":{"rendered":"<div>\n<div>\n<p data-start=\"109\" data-end=\"396\"><strong data-start=\"109\" data-end=\"396\"><a class=\"decorated-link\" href=\"https:\/\/agenciamisiones.uno\/\" target=\"_new\" rel=\"noopener\" data-start=\"111\" data-end=\"162\">AGENCIA MISIONES.UNO<\/a> | Bajo la propuesta \u201cVivencias en Movimiento\u201d, Colonia Alberdi organiza una jornada especial para conmemorar el D\u00eda de la Mujer el domingo 8 de marzo de 2026, con actividades recreativas y canotaje en el Centro Recreativo El Chap\u00e1.<\/strong><\/p>\n<hr>\n<p data-start=\"398\" data-end=\"739\">La actividad se desarrollar\u00e1 de 8:00 a 14:30 en el predio ubicado en Colonia Alberdi, e incluir\u00e1 una experiencia de kayak en las aguas del Chap\u00e1, adem\u00e1s de senderismo, almuerzo y otras propuestas recreativas pensadas para compartir en comunidad. Tambi\u00e9n se inform\u00f3 que habr\u00e1 salida desde Ober\u00e1, con punto de encuentro en la Plazoleta G\u00fcemes.<\/p>\n<p data-start=\"741\" data-end=\"981\">La iniciativa propone un nuevo desaf\u00edo para quienes deseen vivir la experiencia del canotaje en un entorno natural, promoviendo la participaci\u00f3n y el disfrute de actividades al aire libre en el marco de la conmemoraci\u00f3n del D\u00eda de la Mujer.<\/p>\n<p data-start=\"983\" data-end=\"1323\" data-is-last-node=\"\" data-is-only-node=\"\">En cuanto a los costos para residentes de Alberdi, el valor es de 18.000 pesos con actividad de canotaje y 10.000 pesos sin la actividad acu\u00e1tica. El precio incluye entradas, seguro, almuerzo y el equipo necesario para el kayak. Las reservas se realizan al 3755 439083 y se confirman con el pago del 50 por ciento del valor de la actividad.<\/p>\n<p data-start=\"983\" data-end=\"1323\" data-is-last-node=\"\" data-is-only-node=\"\"><img fetchpriority=\"high\" decoding=\"async\" class=\"aligncenter size-full wp-image-15965\" src=\"https:\/\/alberdi.uno\/wp-content\/uploads\/2026\/02\/MASTER-FOTOS-ALBERDI-6.jpg\" alt=\"\" width=\"640\" height=\"853\" srcset=\"https:\/\/misiones.uno\/wp-content\/uploads\/2026\/02\/MASTER-FOTOS-ALBERDI-6-200x267.jpg 200w, https:\/\/misiones.uno\/wp-content\/uploads\/2026\/02\/MASTER-FOTOS-ALBERDI-6-225x300.jpg 225w, https:\/\/misiones.uno\/wp-content\/uploads\/2026\/02\/MASTER-FOTOS-ALBERDI-6-400x533.jpg 400w, https:\/\/misiones.uno\/wp-content\/uploads\/2026\/02\/MASTER-FOTOS-ALBERDI-6-600x800.jpg 600w, https:\/\/alberdi.uno\/wp-content\/uploads\/2026\/02\/MASTER-FOTOS-ALBERDI-6.jpg 640w\" sizes=\"(max-width: 640px) 100vw, 640px\"><\/p>\n<p data-start=\"983\" data-end=\"1323\" data-is-last-node=\"\" data-is-only-node=\"\"><img decoding=\"async\" class=\"aligncenter size-full wp-image-2055\" src=\"https:\/\/alberdi.uno\/wp-content\/uploads\/2026\/02\/ALBERDI-2.jpg\" sizes=\"(max-width: 640px) 100vw, 640px\" srcset=\"https:\/\/agenciamisiones.uno\/wp-content\/uploads\/2026\/02\/ALBERDI-200x267.jpg 200w, https:\/\/agenciamisiones.uno\/wp-content\/uploads\/2026\/02\/ALBERDI-225x300.jpg 225w, https:\/\/agenciamisiones.uno\/wp-content\/uploads\/2026\/02\/ALBERDI-400x533.jpg 400w, https:\/\/agenciamisiones.uno\/wp-content\/uploads\/2026\/02\/ALBERDI-600x800.jpg 600w, https:\/\/alberdi.uno\/wp-content\/uploads\/2026\/02\/ALBERDI-2.jpg 640w\" alt=\"\" width=\"640\" height=\"853\"><\/p>\n<p>La entrada <a href=\"https:\/\/agenciamisiones.uno\/alberdi-invita-a-celebrar-el-dia-de-la-mujer-con-una-jornada-de-kayak-y-actividades-recreativas-en-el-chapa\/\">Alberdi invita a celebrar el D\u00eda de la Mujer con una jornada de kayak y actividades recreativas en El Chap\u00e1<\/a> se public\u00f3 primero en <a href=\"https:\/\/agenciamisiones.uno\/\">Agencia Misiones.uno<\/a>.<\/p>\n<\/div>\n<\/div>\n","protected":false},"excerpt":{"rendered":"<p>AGENCIA MISIONES.UNO | Bajo la propuesta \u201cVivencias en Movimiento\u201d, Colonia  [&#8230;]<\/p>\n","protected":false},"author":1,"featured_media":1236,"comment_status":"closed","ping_status":"closed","sticky":false,"template":"","format":"standard","meta":{"fifu_image_url":"","fifu_image_alt":"","footnotes":""},"categories":[38,149,97,21],"tags":[],"class_list":["post-1235","post","type-post","status-publish","format-standard","has-post-thumbnail","hentry","category-alberdi","category-gobiernos-municipales","category-misionesturismo-uno","category-turismo"],"acf":[],"yoast_head":"<!-- This site is optimized with the Yoast SEO plugin v26.7 - https:\/\/yoast.com\/wordpress\/plugins\/seo\/ -->\n<title>Alberdi invita a celebrar el D\u00eda de la Mujer con una jornada de kayak y actividades recreativas en El Chap\u00e1 - Alberdi .UNO - Red Misiones.uno<\/title>\n<meta name=\"robots\" content=\"index, follow, max-snippet:-1, max-image-preview:large, max-video-preview:-1\" \/>\n<link rel=\"canonical\" href=\"https:\/\/alberdi.uno\/index.php\/2026\/02\/28\/alberdi-invita-a-celebrar-el-dia-de-la-mujer-con-una-jornada-de-kayak-y-actividades-recreativas-en-el-chapa\/\" \/>\n<meta property=\"og:locale\" content=\"es_ES\" \/>\n<meta property=\"og:type\" content=\"article\" \/>\n<meta property=\"og:title\" content=\"Alberdi invita a celebrar el D\u00eda de la Mujer con una jornada de kayak y actividades recreativas en El Chap\u00e1 - Alberdi .UNO - Red Misiones.uno\" \/>\n<meta property=\"og:description\" content=\"AGENCIA MISIONES.UNO | Bajo la propuesta \u201cVivencias en Movimiento\u201d, Colonia [...]\" \/>\n<meta property=\"og:url\" content=\"https:\/\/alberdi.uno\/index.php\/2026\/02\/28\/alberdi-invita-a-celebrar-el-dia-de-la-mujer-con-una-jornada-de-kayak-y-actividades-recreativas-en-el-chapa\/\" \/>\n<meta property=\"og:site_name\" content=\"Alberdi .UNO - Red Misiones.uno\" \/>\n<meta property=\"article:published_time\" content=\"2026-02-28T21:04:13+00:00\" \/>\n<meta name=\"author\" content=\"admin\" \/>\n<meta name=\"twitter:card\" content=\"summary_large_image\" \/>\n<meta name=\"twitter:label1\" content=\"Escrito por\" \/>\n\t<meta name=\"twitter:data1\" content=\"admin\" \/>\n\t<meta name=\"twitter:label2\" content=\"Tiempo de lectura\" \/>\n\t<meta name=\"twitter:data2\" content=\"1 minuto\" \/>\n<script type=\"application\/ld+json\" class=\"yoast-schema-graph\">{\"@context\":\"https:\/\/schema.org\",\"@graph\":[{\"@type\":\"Article\",\"@id\":\"https:\/\/alberdi.uno\/index.php\/2026\/02\/28\/alberdi-invita-a-celebrar-el-dia-de-la-mujer-con-una-jornada-de-kayak-y-actividades-recreativas-en-el-chapa\/#article\",\"isPartOf\":{\"@id\":\"https:\/\/alberdi.uno\/index.php\/2026\/02\/28\/alberdi-invita-a-celebrar-el-dia-de-la-mujer-con-una-jornada-de-kayak-y-actividades-recreativas-en-el-chapa\/\"},\"author\":{\"name\":\"admin\",\"@id\":\"https:\/\/alberdi.uno\/#\/schema\/person\/7af09aba735a9b91f78556601849d2c6\"},\"headline\":\"Alberdi invita a celebrar el D\u00eda de la Mujer con una jornada de kayak y actividades recreativas en El Chap\u00e1\",\"datePublished\":\"2026-02-28T21:04:13+00:00\",\"mainEntityOfPage\":{\"@id\":\"https:\/\/alberdi.uno\/index.php\/2026\/02\/28\/alberdi-invita-a-celebrar-el-dia-de-la-mujer-con-una-jornada-de-kayak-y-actividades-recreativas-en-el-chapa\/\"},\"wordCount\":247,\"image\":{\"@id\":\"https:\/\/alberdi.uno\/index.php\/2026\/02\/28\/alberdi-invita-a-celebrar-el-dia-de-la-mujer-con-una-jornada-de-kayak-y-actividades-recreativas-en-el-chapa\/#primaryimage\"},\"thumbnailUrl\":\"https:\/\/alberdi.uno\/wp-content\/uploads\/2026\/02\/MASTER-FOTOS-ALBERDI-6.jpg\",\"articleSection\":[\"Alberdi\",\"Gobiernos Municipales\",\"MISIONESTURISMO.UNO\",\"Turismo\"],\"inLanguage\":\"es-AR\"},{\"@type\":\"WebPage\",\"@id\":\"https:\/\/alberdi.uno\/index.php\/2026\/02\/28\/alberdi-invita-a-celebrar-el-dia-de-la-mujer-con-una-jornada-de-kayak-y-actividades-recreativas-en-el-chapa\/\",\"url\":\"https:\/\/alberdi.uno\/index.php\/2026\/02\/28\/alberdi-invita-a-celebrar-el-dia-de-la-mujer-con-una-jornada-de-kayak-y-actividades-recreativas-en-el-chapa\/\",\"name\":\"Alberdi invita a celebrar el D\u00eda de la Mujer con una jornada de kayak y actividades recreativas en El Chap\u00e1 - Alberdi .UNO - Red Misiones.uno\",\"isPartOf\":{\"@id\":\"https:\/\/alberdi.uno\/#website\"},\"primaryImageOfPage\":{\"@id\":\"https:\/\/alberdi.uno\/index.php\/2026\/02\/28\/alberdi-invita-a-celebrar-el-dia-de-la-mujer-con-una-jornada-de-kayak-y-actividades-recreativas-en-el-chapa\/#primaryimage\"},\"image\":{\"@id\":\"https:\/\/alberdi.uno\/index.php\/2026\/02\/28\/alberdi-invita-a-celebrar-el-dia-de-la-mujer-con-una-jornada-de-kayak-y-actividades-recreativas-en-el-chapa\/#primaryimage\"},\"thumbnailUrl\":\"https:\/\/alberdi.uno\/wp-content\/uploads\/2026\/02\/MASTER-FOTOS-ALBERDI-6.jpg\",\"datePublished\":\"2026-02-28T21:04:13+00:00\",\"author\":{\"@id\":\"https:\/\/alberdi.uno\/#\/schema\/person\/7af09aba735a9b91f78556601849d2c6\"},\"breadcrumb\":{\"@id\":\"https:\/\/alberdi.uno\/index.php\/2026\/02\/28\/alberdi-invita-a-celebrar-el-dia-de-la-mujer-con-una-jornada-de-kayak-y-actividades-recreativas-en-el-chapa\/#breadcrumb\"},\"inLanguage\":\"es-AR\",\"potentialAction\":[{\"@type\":\"ReadAction\",\"target\":[\"https:\/\/alberdi.uno\/index.php\/2026\/02\/28\/alberdi-invita-a-celebrar-el-dia-de-la-mujer-con-una-jornada-de-kayak-y-actividades-recreativas-en-el-chapa\/\"]}]},{\"@type\":\"ImageObject\",\"inLanguage\":\"es-AR\",\"@id\":\"https:\/\/alberdi.uno\/index.php\/2026\/02\/28\/alberdi-invita-a-celebrar-el-dia-de-la-mujer-con-una-jornada-de-kayak-y-actividades-recreativas-en-el-chapa\/#primaryimage\",\"url\":\"https:\/\/alberdi.uno\/wp-content\/uploads\/2026\/02\/MASTER-FOTOS-ALBERDI-6.jpg\",\"contentUrl\":\"https:\/\/alberdi.uno\/wp-content\/uploads\/2026\/02\/MASTER-FOTOS-ALBERDI-6.jpg\",\"width\":640,\"height\":853},{\"@type\":\"BreadcrumbList\",\"@id\":\"https:\/\/alberdi.uno\/index.php\/2026\/02\/28\/alberdi-invita-a-celebrar-el-dia-de-la-mujer-con-una-jornada-de-kayak-y-actividades-recreativas-en-el-chapa\/#breadcrumb\",\"itemListElement\":[{\"@type\":\"ListItem\",\"position\":1,\"name\":\"Inicio\",\"item\":\"https:\/\/alberdi.uno\/\"},{\"@type\":\"ListItem\",\"position\":2,\"name\":\"Alberdi invita a celebrar el D\u00eda de la Mujer con una jornada de kayak y actividades recreativas en El Chap\u00e1\"}]},{\"@type\":\"WebSite\",\"@id\":\"https:\/\/alberdi.uno\/#website\",\"url\":\"https:\/\/alberdi.uno\/\",\"name\":\"Alberdi .UNO - Red Misiones.uno\",\"description\":\"Noticias de Colonia Alberdi\",\"potentialAction\":[{\"@type\":\"SearchAction\",\"target\":{\"@type\":\"EntryPoint\",\"urlTemplate\":\"https:\/\/alberdi.uno\/?s={search_term_string}\"},\"query-input\":{\"@type\":\"PropertyValueSpecification\",\"valueRequired\":true,\"valueName\":\"search_term_string\"}}],\"inLanguage\":\"es-AR\"},{\"@type\":\"Person\",\"@id\":\"https:\/\/alberdi.uno\/#\/schema\/person\/7af09aba735a9b91f78556601849d2c6\",\"name\":\"admin\",\"image\":{\"@type\":\"ImageObject\",\"inLanguage\":\"es-AR\",\"@id\":\"https:\/\/alberdi.uno\/#\/schema\/person\/image\/\",\"url\":\"https:\/\/secure.gravatar.com\/avatar\/988cc68d97727f2265e15e4e04f35d45d93f5493d81192c37b6fcdf6407dba8c?s=96&d=mm&r=g\",\"contentUrl\":\"https:\/\/secure.gravatar.com\/avatar\/988cc68d97727f2265e15e4e04f35d45d93f5493d81192c37b6fcdf6407dba8c?s=96&d=mm&r=g\",\"caption\":\"admin\"},\"sameAs\":[\"http:\/\/alberdi.uno\"],\"url\":\"https:\/\/alberdi.uno\/index.php\/author\/admin\/\"}]}<\/script>\n<!-- \/ Yoast SEO plugin. -->","yoast_head_json":{"title":"Alberdi invita a celebrar el D\u00eda de la Mujer con una jornada de kayak y actividades recreativas en El Chap\u00e1 - Alberdi .UNO - Red Misiones.uno","robots":{"index":"index","follow":"follow","max-snippet":"max-snippet:-1","max-image-preview":"max-image-preview:large","max-video-preview":"max-video-preview:-1"},"canonical":"https:\/\/alberdi.uno\/index.php\/2026\/02\/28\/alberdi-invita-a-celebrar-el-dia-de-la-mujer-con-una-jornada-de-kayak-y-actividades-recreativas-en-el-chapa\/","og_locale":"es_ES","og_type":"article","og_title":"Alberdi invita a celebrar el D\u00eda de la Mujer con una jornada de kayak y actividades recreativas en El Chap\u00e1 - Alberdi .UNO - Red Misiones.uno","og_description":"AGENCIA MISIONES.UNO | Bajo la propuesta \u201cVivencias en Movimiento\u201d, Colonia [...]","og_url":"https:\/\/alberdi.uno\/index.php\/2026\/02\/28\/alberdi-invita-a-celebrar-el-dia-de-la-mujer-con-una-jornada-de-kayak-y-actividades-recreativas-en-el-chapa\/","og_site_name":"Alberdi .UNO - Red Misiones.uno","article_published_time":"2026-02-28T21:04:13+00:00","author":"admin","twitter_card":"summary_large_image","twitter_misc":{"Escrito por":"admin","Tiempo de lectura":"1 minuto"},"schema":{"@context":"https:\/\/schema.org","@graph":[{"@type":"Article","@id":"https:\/\/alberdi.uno\/index.php\/2026\/02\/28\/alberdi-invita-a-celebrar-el-dia-de-la-mujer-con-una-jornada-de-kayak-y-actividades-recreativas-en-el-chapa\/#article","isPartOf":{"@id":"https:\/\/alberdi.uno\/index.php\/2026\/02\/28\/alberdi-invita-a-celebrar-el-dia-de-la-mujer-con-una-jornada-de-kayak-y-actividades-recreativas-en-el-chapa\/"},"author":{"name":"admin","@id":"https:\/\/alberdi.uno\/#\/schema\/person\/7af09aba735a9b91f78556601849d2c6"},"headline":"Alberdi invita a celebrar el D\u00eda de la Mujer con una jornada de kayak y actividades recreativas en El Chap\u00e1","datePublished":"2026-02-28T21:04:13+00:00","mainEntityOfPage":{"@id":"https:\/\/alberdi.uno\/index.php\/2026\/02\/28\/alberdi-invita-a-celebrar-el-dia-de-la-mujer-con-una-jornada-de-kayak-y-actividades-recreativas-en-el-chapa\/"},"wordCount":247,"image":{"@id":"https:\/\/alberdi.uno\/index.php\/2026\/02\/28\/alberdi-invita-a-celebrar-el-dia-de-la-mujer-con-una-jornada-de-kayak-y-actividades-recreativas-en-el-chapa\/#primaryimage"},"thumbnailUrl":"https:\/\/alberdi.uno\/wp-content\/uploads\/2026\/02\/MASTER-FOTOS-ALBERDI-6.jpg","articleSection":["Alberdi","Gobiernos Municipales","MISIONESTURISMO.UNO","Turismo"],"inLanguage":"es-AR"},{"@type":"WebPage","@id":"https:\/\/alberdi.uno\/index.php\/2026\/02\/28\/alberdi-invita-a-celebrar-el-dia-de-la-mujer-con-una-jornada-de-kayak-y-actividades-recreativas-en-el-chapa\/","url":"https:\/\/alberdi.uno\/index.php\/2026\/02\/28\/alberdi-invita-a-celebrar-el-dia-de-la-mujer-con-una-jornada-de-kayak-y-actividades-recreativas-en-el-chapa\/","name":"Alberdi invita a celebrar el D\u00eda de la Mujer con una jornada de kayak y actividades recreativas en El Chap\u00e1 - Alberdi .UNO - Red Misiones.uno","isPartOf":{"@id":"https:\/\/alberdi.uno\/#website"},"primaryImageOfPage":{"@id":"https:\/\/alberdi.uno\/index.php\/2026\/02\/28\/alberdi-invita-a-celebrar-el-dia-de-la-mujer-con-una-jornada-de-kayak-y-actividades-recreativas-en-el-chapa\/#primaryimage"},"image":{"@id":"https:\/\/alberdi.uno\/index.php\/2026\/02\/28\/alberdi-invita-a-celebrar-el-dia-de-la-mujer-con-una-jornada-de-kayak-y-actividades-recreativas-en-el-chapa\/#primaryimage"},"thumbnailUrl":"https:\/\/alberdi.uno\/wp-content\/uploads\/2026\/02\/MASTER-FOTOS-ALBERDI-6.jpg","datePublished":"2026-02-28T21:04:13+00:00","author":{"@id":"https:\/\/alberdi.uno\/#\/schema\/person\/7af09aba735a9b91f78556601849d2c6"},"breadcrumb":{"@id":"https:\/\/alberdi.uno\/index.php\/2026\/02\/28\/alberdi-invita-a-celebrar-el-dia-de-la-mujer-con-una-jornada-de-kayak-y-actividades-recreativas-en-el-chapa\/#breadcrumb"},"inLanguage":"es-AR","potentialAction":[{"@type":"ReadAction","target":["https:\/\/alberdi.uno\/index.php\/2026\/02\/28\/alberdi-invita-a-celebrar-el-dia-de-la-mujer-con-una-jornada-de-kayak-y-actividades-recreativas-en-el-chapa\/"]}]},{"@type":"ImageObject","inLanguage":"es-AR","@id":"https:\/\/alberdi.uno\/index.php\/2026\/02\/28\/alberdi-invita-a-celebrar-el-dia-de-la-mujer-con-una-jornada-de-kayak-y-actividades-recreativas-en-el-chapa\/#primaryimage","url":"https:\/\/alberdi.uno\/wp-content\/uploads\/2026\/02\/MASTER-FOTOS-ALBERDI-6.jpg","contentUrl":"https:\/\/alberdi.uno\/wp-content\/uploads\/2026\/02\/MASTER-FOTOS-ALBERDI-6.jpg","width":640,"height":853},{"@type":"BreadcrumbList","@id":"https:\/\/alberdi.uno\/index.php\/2026\/02\/28\/alberdi-invita-a-celebrar-el-dia-de-la-mujer-con-una-jornada-de-kayak-y-actividades-recreativas-en-el-chapa\/#breadcrumb","itemListElement":[{"@type":"ListItem","position":1,"name":"Inicio","item":"https:\/\/alberdi.uno\/"},{"@type":"ListItem","position":2,"name":"Alberdi invita a celebrar el D\u00eda de la Mujer con una jornada de kayak y actividades recreativas en El Chap\u00e1"}]},{"@type":"WebSite","@id":"https:\/\/alberdi.uno\/#website","url":"https:\/\/alberdi.uno\/","name":"Alberdi .UNO - Red Misiones.uno","description":"Noticias de Colonia Alberdi","potentialAction":[{"@type":"SearchAction","target":{"@type":"EntryPoint","urlTemplate":"https:\/\/alberdi.uno\/?s={search_term_string}"},"query-input":{"@type":"PropertyValueSpecification","valueRequired":true,"valueName":"search_term_string"}}],"inLanguage":"es-AR"},{"@type":"Person","@id":"https:\/\/alberdi.uno\/#\/schema\/person\/7af09aba735a9b91f78556601849d2c6","name":"admin","image":{"@type":"ImageObject","inLanguage":"es-AR","@id":"https:\/\/alberdi.uno\/#\/schema\/person\/image\/","url":"https:\/\/secure.gravatar.com\/avatar\/988cc68d97727f2265e15e4e04f35d45d93f5493d81192c37b6fcdf6407dba8c?s=96&d=mm&r=g","contentUrl":"https:\/\/secure.gravatar.com\/avatar\/988cc68d97727f2265e15e4e04f35d45d93f5493d81192c37b6fcdf6407dba8c?s=96&d=mm&r=g","caption":"admin"},"sameAs":["http:\/\/alberdi.uno"],"url":"https:\/\/alberdi.uno\/index.php\/author\/admin\/"}]}},"_links":{"self":[{"href":"https:\/\/alberdi.uno\/index.php\/wp-json\/wp\/v2\/posts\/1235","targetHints":{"allow":["GET"]}}],"collection":[{"href":"https:\/\/alberdi.uno\/index.php\/wp-json\/wp\/v2\/posts"}],"about":[{"href":"https:\/\/alberdi.uno\/index.php\/wp-json\/wp\/v2\/types\/post"}],"author":[{"embeddable":true,"href":"https:\/\/alberdi.uno\/index.php\/wp-json\/wp\/v2\/users\/1"}],"replies":[{"embeddable":true,"href":"https:\/\/alberdi.uno\/index.php\/wp-json\/wp\/v2\/comments?post=1235"}],"version-history":[{"count":0,"href":"https:\/\/alberdi.uno\/index.php\/wp-json\/wp\/v2\/posts\/1235\/revisions"}],"wp:featuredmedia":[{"embeddable":true,"href":"https:\/\/alberdi.uno\/index.php\/wp-json\/wp\/v2\/media\/1236"}],"wp:attachment":[{"href":"https:\/\/alberdi.uno\/index.php\/wp-json\/wp\/v2\/media?parent=1235"}],"wp:term":[{"taxonomy":"category","embeddable":true,"href":"https:\/\/alberdi.uno\/index.php\/wp-json\/wp\/v2\/categories?post=1235"},{"taxonomy":"post_tag","embeddable":true,"href":"https:\/\/alberdi.uno\/index.php\/wp-json\/wp\/v2\/tags?post=1235"}],"curies":[{"name":"wp","href":"https:\/\/api.w.org\/{rel}","templated":true}]}}