{"id":1223,"date":"2026-02-23T12:25:00","date_gmt":"2026-02-23T15:25:00","guid":{"rendered":"https:\/\/alberdi.uno\/index.php\/2026\/02\/23\/misiones-refuerza-la-prevencion-ante-el-ultimo-primer-dia-y-el-consumo-de-alcohol-en-adolescentes\/"},"modified":"2026-02-23T12:25:00","modified_gmt":"2026-02-23T15:25:00","slug":"misiones-refuerza-la-prevencion-ante-el-ultimo-primer-dia-y-el-consumo-de-alcohol-en-adolescentes","status":"publish","type":"post","link":"https:\/\/alberdi.uno\/index.php\/2026\/02\/23\/misiones-refuerza-la-prevencion-ante-el-ultimo-primer-dia-y-el-consumo-de-alcohol-en-adolescentes\/","title":{"rendered":"Misiones refuerza la prevenci\u00f3n ante el \u201c\u00daltimo Primer D\u00eda\u201d y el consumo de alcohol en adolescentes"},"content":{"rendered":"<div>\n<div>\n<p><strong><a href=\"https:\/\/agenciamisiones.uno\/\">AGENCIA MISIONES.UNO<\/a> | La Secretar\u00eda de Estado de Prevenci\u00f3n de Adicciones y Control de Drogas de Misiones difundi\u00f3 recomendaciones en el marco del denominado \u201c\u00daltimo Primer D\u00eda\u201d (UPD), una pr\u00e1ctica que se instal\u00f3 en los \u00faltimos a\u00f1os entre estudiantes que inician el \u00faltimo a\u00f1o del secundario.<\/strong><\/p>\n<p>Desde el organismo se\u00f1alaron que esta modalidad genera preocupaci\u00f3n, ya que suele estar asociada al consumo excesivo de alcohol la noche previa al inicio del ciclo lectivo.<\/p>\n<p>En ese sentido, remarcaron la importancia del acompa\u00f1amiento permanente por parte de los adultos responsables, promoviendo el di\u00e1logo con los adolescentes sobre las consecuencias del consumo de alcohol y otras sustancias.<\/p>\n<p>Tambi\u00e9n se recomienda conversar sobre el autocuidado y el cuidado de sus pares, no facilitar la compra de bebidas alcoh\u00f3licas a menores de edad y articular acciones entre las instituciones educativas y las familias.<\/p>\n<p>Ante cualquier situaci\u00f3n de emergencia, recordaron que se puede llamar al 911 y que se encuentran disponibles canales de orientaci\u00f3n y ayuda a trav\u00e9s del n\u00famero 3764-172783 y la web oficial prevenciondeadiccionesmisiones.gob.ar.<\/p>\n<p>Desde el organismo subrayaron que la prevenci\u00f3n es un compromiso de toda la comunidad y que el trabajo conjunto resulta clave para garantizar un inicio de clases cuidado y responsable.<\/p>\n<p><img decoding=\"async\" class=\"aligncenter size-full wp-image-1190\" src=\"https:\/\/alberdi.uno\/wp-content\/uploads\/2026\/02\/PREVENCION2-1.jpg\" sizes=\"(max-width: 640px) 100vw, 640px\" srcset=\"https:\/\/agenciamisiones.uno\/wp-content\/uploads\/2026\/02\/PREVENCION2-1-200x267.jpg 200w, https:\/\/agenciamisiones.uno\/wp-content\/uploads\/2026\/02\/PREVENCION2-1-225x300.jpg 225w, https:\/\/agenciamisiones.uno\/wp-content\/uploads\/2026\/02\/PREVENCION2-1-400x533.jpg 400w, https:\/\/agenciamisiones.uno\/wp-content\/uploads\/2026\/02\/PREVENCION2-1-600x800.jpg 600w, https:\/\/alberdi.uno\/wp-content\/uploads\/2026\/02\/PREVENCION2-1.jpg 640w\" alt=\"\" width=\"640\" height=\"853\"><img decoding=\"async\" class=\"aligncenter size-full wp-image-1189\" src=\"https:\/\/alberdi.uno\/wp-content\/uploads\/2026\/02\/PREVENCION3-1.jpg\" sizes=\"(max-width: 640px) 100vw, 640px\" srcset=\"https:\/\/agenciamisiones.uno\/wp-content\/uploads\/2026\/02\/PREVENCION3-1-200x267.jpg 200w, https:\/\/agenciamisiones.uno\/wp-content\/uploads\/2026\/02\/PREVENCION3-1-225x300.jpg 225w, https:\/\/agenciamisiones.uno\/wp-content\/uploads\/2026\/02\/PREVENCION3-1-400x533.jpg 400w, https:\/\/agenciamisiones.uno\/wp-content\/uploads\/2026\/02\/PREVENCION3-1-600x800.jpg 600w, https:\/\/alberdi.uno\/wp-content\/uploads\/2026\/02\/PREVENCION3-1.jpg 640w\" alt=\"\" width=\"640\" height=\"853\"><img decoding=\"async\" class=\"aligncenter size-full wp-image-1188\" src=\"https:\/\/alberdi.uno\/wp-content\/uploads\/2026\/02\/PREVENCION4-1.jpg\" sizes=\"(max-width: 640px) 100vw, 640px\" srcset=\"https:\/\/agenciamisiones.uno\/wp-content\/uploads\/2026\/02\/PREVENCION4-1-200x267.jpg 200w, https:\/\/agenciamisiones.uno\/wp-content\/uploads\/2026\/02\/PREVENCION4-1-225x300.jpg 225w, https:\/\/agenciamisiones.uno\/wp-content\/uploads\/2026\/02\/PREVENCION4-1-400x533.jpg 400w, https:\/\/agenciamisiones.uno\/wp-content\/uploads\/2026\/02\/PREVENCION4-1-600x800.jpg 600w, https:\/\/alberdi.uno\/wp-content\/uploads\/2026\/02\/PREVENCION4-1.jpg 640w\" alt=\"\" width=\"640\" height=\"853\"> <img decoding=\"async\" class=\"aligncenter size-full wp-image-1187\" src=\"https:\/\/alberdi.uno\/wp-content\/uploads\/2026\/02\/PREVENCION6.jpg\" sizes=\"(max-width: 640px) 100vw, 640px\" srcset=\"https:\/\/agenciamisiones.uno\/wp-content\/uploads\/2026\/02\/PREVENCION6-200x267.jpg 200w, https:\/\/agenciamisiones.uno\/wp-content\/uploads\/2026\/02\/PREVENCION6-225x300.jpg 225w, https:\/\/agenciamisiones.uno\/wp-content\/uploads\/2026\/02\/PREVENCION6-400x533.jpg 400w, https:\/\/agenciamisiones.uno\/wp-content\/uploads\/2026\/02\/PREVENCION6-600x800.jpg 600w, https:\/\/alberdi.uno\/wp-content\/uploads\/2026\/02\/PREVENCION6.jpg 640w\" alt=\"\" width=\"640\" height=\"853\"><\/p>\n<p>La entrada <a href=\"https:\/\/agenciamisiones.uno\/misiones-refuerza-la-prevencion-ante-el-ultimo-primer-dia-y-el-consumo-de-alcohol-en-adolescentes\/\">Misiones refuerza la prevenci\u00f3n ante el \u201c\u00daltimo Primer D\u00eda\u201d y el consumo de alcohol en adolescentes<\/a> se public\u00f3 primero en <a href=\"https:\/\/agenciamisiones.uno\/\">Agencia Misiones.uno<\/a>.<\/p>\n<\/div>\n<\/div>\n","protected":false},"excerpt":{"rendered":"<p>AGENCIA MISIONES.UNO | La Secretar\u00eda de Estado de Prevenci\u00f3n de  [&#8230;]<\/p>\n","protected":false},"author":1,"featured_media":1224,"comment_status":"closed","ping_status":"closed","sticky":false,"template":"","format":"standard","meta":{"fifu_image_url":"","fifu_image_alt":"","footnotes":""},"categories":[13,149,51,157,154,152],"tags":[],"class_list":["post-1223","post","type-post","status-publish","format-standard","has-post-thumbnail","hentry","category-gobierno-de-misiones","category-gobiernos-municipales","category-misionessalud-uno","category-red-capital","category-red-iguazu","category-red-obera"],"acf":[],"yoast_head":"<!-- This site is optimized with the Yoast SEO plugin v26.7 - https:\/\/yoast.com\/wordpress\/plugins\/seo\/ -->\n<title>Misiones refuerza la prevenci\u00f3n ante el \u201c\u00daltimo Primer D\u00eda\u201d y el consumo de alcohol en adolescentes - Alberdi .UNO - Red Misiones.uno<\/title>\n<meta name=\"robots\" content=\"index, follow, max-snippet:-1, max-image-preview:large, max-video-preview:-1\" \/>\n<link rel=\"canonical\" href=\"https:\/\/alberdi.uno\/index.php\/2026\/02\/23\/misiones-refuerza-la-prevencion-ante-el-ultimo-primer-dia-y-el-consumo-de-alcohol-en-adolescentes\/\" \/>\n<meta property=\"og:locale\" content=\"es_ES\" \/>\n<meta property=\"og:type\" content=\"article\" \/>\n<meta property=\"og:title\" content=\"Misiones refuerza la prevenci\u00f3n ante el \u201c\u00daltimo Primer D\u00eda\u201d y el consumo de alcohol en adolescentes - Alberdi .UNO - Red Misiones.uno\" \/>\n<meta property=\"og:description\" content=\"AGENCIA MISIONES.UNO | La Secretar\u00eda de Estado de Prevenci\u00f3n de [...]\" \/>\n<meta property=\"og:url\" content=\"https:\/\/alberdi.uno\/index.php\/2026\/02\/23\/misiones-refuerza-la-prevencion-ante-el-ultimo-primer-dia-y-el-consumo-de-alcohol-en-adolescentes\/\" \/>\n<meta property=\"og:site_name\" content=\"Alberdi .UNO - Red Misiones.uno\" \/>\n<meta property=\"article:published_time\" content=\"2026-02-23T15:25:00+00:00\" \/>\n<meta property=\"og:image\" content=\"https:\/\/alberdi.uno\/wp-content\/uploads\/2026\/02\/ALBERDI1-2.jpg\" \/>\n\t<meta property=\"og:image:width\" content=\"640\" \/>\n\t<meta property=\"og:image:height\" content=\"853\" \/>\n\t<meta property=\"og:image:type\" content=\"image\/jpeg\" \/>\n<meta name=\"author\" content=\"admin\" \/>\n<meta name=\"twitter:card\" content=\"summary_large_image\" \/>\n<meta name=\"twitter:label1\" content=\"Escrito por\" \/>\n\t<meta name=\"twitter:data1\" content=\"admin\" \/>\n\t<meta name=\"twitter:label2\" content=\"Tiempo de lectura\" \/>\n\t<meta name=\"twitter:data2\" content=\"1 minuto\" \/>\n<script type=\"application\/ld+json\" class=\"yoast-schema-graph\">{\"@context\":\"https:\/\/schema.org\",\"@graph\":[{\"@type\":\"Article\",\"@id\":\"https:\/\/alberdi.uno\/index.php\/2026\/02\/23\/misiones-refuerza-la-prevencion-ante-el-ultimo-primer-dia-y-el-consumo-de-alcohol-en-adolescentes\/#article\",\"isPartOf\":{\"@id\":\"https:\/\/alberdi.uno\/index.php\/2026\/02\/23\/misiones-refuerza-la-prevencion-ante-el-ultimo-primer-dia-y-el-consumo-de-alcohol-en-adolescentes\/\"},\"author\":{\"name\":\"admin\",\"@id\":\"https:\/\/alberdi.uno\/#\/schema\/person\/7af09aba735a9b91f78556601849d2c6\"},\"headline\":\"Misiones refuerza la prevenci\u00f3n ante el \u201c\u00daltimo Primer D\u00eda\u201d y el consumo de alcohol en adolescentes\",\"datePublished\":\"2026-02-23T15:25:00+00:00\",\"mainEntityOfPage\":{\"@id\":\"https:\/\/alberdi.uno\/index.php\/2026\/02\/23\/misiones-refuerza-la-prevencion-ante-el-ultimo-primer-dia-y-el-consumo-de-alcohol-en-adolescentes\/\"},\"wordCount\":263,\"image\":{\"@id\":\"https:\/\/alberdi.uno\/index.php\/2026\/02\/23\/misiones-refuerza-la-prevencion-ante-el-ultimo-primer-dia-y-el-consumo-de-alcohol-en-adolescentes\/#primaryimage\"},\"thumbnailUrl\":\"https:\/\/alberdi.uno\/wp-content\/uploads\/2026\/02\/PREVENCION1-1.jpg\",\"articleSection\":[\"Gobierno de Misiones\",\"Gobiernos Municipales\",\"MISIONESSALUD.UNO\",\"Red Capital\",\"Red Iguaz\u00fa\",\"Red Ober\u00e1\"],\"inLanguage\":\"es-AR\"},{\"@type\":\"WebPage\",\"@id\":\"https:\/\/alberdi.uno\/index.php\/2026\/02\/23\/misiones-refuerza-la-prevencion-ante-el-ultimo-primer-dia-y-el-consumo-de-alcohol-en-adolescentes\/\",\"url\":\"https:\/\/alberdi.uno\/index.php\/2026\/02\/23\/misiones-refuerza-la-prevencion-ante-el-ultimo-primer-dia-y-el-consumo-de-alcohol-en-adolescentes\/\",\"name\":\"Misiones refuerza la prevenci\u00f3n ante el \u201c\u00daltimo Primer D\u00eda\u201d y el consumo de alcohol en adolescentes - Alberdi .UNO - Red Misiones.uno\",\"isPartOf\":{\"@id\":\"https:\/\/alberdi.uno\/#website\"},\"primaryImageOfPage\":{\"@id\":\"https:\/\/alberdi.uno\/index.php\/2026\/02\/23\/misiones-refuerza-la-prevencion-ante-el-ultimo-primer-dia-y-el-consumo-de-alcohol-en-adolescentes\/#primaryimage\"},\"image\":{\"@id\":\"https:\/\/alberdi.uno\/index.php\/2026\/02\/23\/misiones-refuerza-la-prevencion-ante-el-ultimo-primer-dia-y-el-consumo-de-alcohol-en-adolescentes\/#primaryimage\"},\"thumbnailUrl\":\"https:\/\/alberdi.uno\/wp-content\/uploads\/2026\/02\/PREVENCION1-1.jpg\",\"datePublished\":\"2026-02-23T15:25:00+00:00\",\"author\":{\"@id\":\"https:\/\/alberdi.uno\/#\/schema\/person\/7af09aba735a9b91f78556601849d2c6\"},\"breadcrumb\":{\"@id\":\"https:\/\/alberdi.uno\/index.php\/2026\/02\/23\/misiones-refuerza-la-prevencion-ante-el-ultimo-primer-dia-y-el-consumo-de-alcohol-en-adolescentes\/#breadcrumb\"},\"inLanguage\":\"es-AR\",\"potentialAction\":[{\"@type\":\"ReadAction\",\"target\":[\"https:\/\/alberdi.uno\/index.php\/2026\/02\/23\/misiones-refuerza-la-prevencion-ante-el-ultimo-primer-dia-y-el-consumo-de-alcohol-en-adolescentes\/\"]}]},{\"@type\":\"ImageObject\",\"inLanguage\":\"es-AR\",\"@id\":\"https:\/\/alberdi.uno\/index.php\/2026\/02\/23\/misiones-refuerza-la-prevencion-ante-el-ultimo-primer-dia-y-el-consumo-de-alcohol-en-adolescentes\/#primaryimage\",\"url\":\"https:\/\/alberdi.uno\/wp-content\/uploads\/2026\/02\/PREVENCION1-1.jpg\",\"contentUrl\":\"https:\/\/alberdi.uno\/wp-content\/uploads\/2026\/02\/PREVENCION1-1.jpg\",\"width\":640,\"height\":853},{\"@type\":\"BreadcrumbList\",\"@id\":\"https:\/\/alberdi.uno\/index.php\/2026\/02\/23\/misiones-refuerza-la-prevencion-ante-el-ultimo-primer-dia-y-el-consumo-de-alcohol-en-adolescentes\/#breadcrumb\",\"itemListElement\":[{\"@type\":\"ListItem\",\"position\":1,\"name\":\"Inicio\",\"item\":\"https:\/\/alberdi.uno\/\"},{\"@type\":\"ListItem\",\"position\":2,\"name\":\"Misiones refuerza la prevenci\u00f3n ante el \u201c\u00daltimo Primer D\u00eda\u201d y el consumo de alcohol en adolescentes\"}]},{\"@type\":\"WebSite\",\"@id\":\"https:\/\/alberdi.uno\/#website\",\"url\":\"https:\/\/alberdi.uno\/\",\"name\":\"Alberdi .UNO - Red Misiones.uno\",\"description\":\"Noticias de Colonia Alberdi\",\"potentialAction\":[{\"@type\":\"SearchAction\",\"target\":{\"@type\":\"EntryPoint\",\"urlTemplate\":\"https:\/\/alberdi.uno\/?s={search_term_string}\"},\"query-input\":{\"@type\":\"PropertyValueSpecification\",\"valueRequired\":true,\"valueName\":\"search_term_string\"}}],\"inLanguage\":\"es-AR\"},{\"@type\":\"Person\",\"@id\":\"https:\/\/alberdi.uno\/#\/schema\/person\/7af09aba735a9b91f78556601849d2c6\",\"name\":\"admin\",\"image\":{\"@type\":\"ImageObject\",\"inLanguage\":\"es-AR\",\"@id\":\"https:\/\/alberdi.uno\/#\/schema\/person\/image\/\",\"url\":\"https:\/\/secure.gravatar.com\/avatar\/988cc68d97727f2265e15e4e04f35d45d93f5493d81192c37b6fcdf6407dba8c?s=96&d=mm&r=g\",\"contentUrl\":\"https:\/\/secure.gravatar.com\/avatar\/988cc68d97727f2265e15e4e04f35d45d93f5493d81192c37b6fcdf6407dba8c?s=96&d=mm&r=g\",\"caption\":\"admin\"},\"sameAs\":[\"http:\/\/alberdi.uno\"],\"url\":\"https:\/\/alberdi.uno\/index.php\/author\/admin\/\"}]}<\/script>\n<!-- \/ Yoast SEO plugin. -->","yoast_head_json":{"title":"Misiones refuerza la prevenci\u00f3n ante el \u201c\u00daltimo Primer D\u00eda\u201d y el consumo de alcohol en adolescentes - Alberdi .UNO - Red Misiones.uno","robots":{"index":"index","follow":"follow","max-snippet":"max-snippet:-1","max-image-preview":"max-image-preview:large","max-video-preview":"max-video-preview:-1"},"canonical":"https:\/\/alberdi.uno\/index.php\/2026\/02\/23\/misiones-refuerza-la-prevencion-ante-el-ultimo-primer-dia-y-el-consumo-de-alcohol-en-adolescentes\/","og_locale":"es_ES","og_type":"article","og_title":"Misiones refuerza la prevenci\u00f3n ante el \u201c\u00daltimo Primer D\u00eda\u201d y el consumo de alcohol en adolescentes - Alberdi .UNO - Red Misiones.uno","og_description":"AGENCIA MISIONES.UNO | La Secretar\u00eda de Estado de Prevenci\u00f3n de [...]","og_url":"https:\/\/alberdi.uno\/index.php\/2026\/02\/23\/misiones-refuerza-la-prevencion-ante-el-ultimo-primer-dia-y-el-consumo-de-alcohol-en-adolescentes\/","og_site_name":"Alberdi .UNO - Red Misiones.uno","article_published_time":"2026-02-23T15:25:00+00:00","og_image":[{"width":640,"height":853,"url":"https:\/\/alberdi.uno\/wp-content\/uploads\/2026\/02\/ALBERDI1-2.jpg","type":"image\/jpeg"}],"author":"admin","twitter_card":"summary_large_image","twitter_misc":{"Escrito por":"admin","Tiempo de lectura":"1 minuto"},"schema":{"@context":"https:\/\/schema.org","@graph":[{"@type":"Article","@id":"https:\/\/alberdi.uno\/index.php\/2026\/02\/23\/misiones-refuerza-la-prevencion-ante-el-ultimo-primer-dia-y-el-consumo-de-alcohol-en-adolescentes\/#article","isPartOf":{"@id":"https:\/\/alberdi.uno\/index.php\/2026\/02\/23\/misiones-refuerza-la-prevencion-ante-el-ultimo-primer-dia-y-el-consumo-de-alcohol-en-adolescentes\/"},"author":{"name":"admin","@id":"https:\/\/alberdi.uno\/#\/schema\/person\/7af09aba735a9b91f78556601849d2c6"},"headline":"Misiones refuerza la prevenci\u00f3n ante el \u201c\u00daltimo Primer D\u00eda\u201d y el consumo de alcohol en adolescentes","datePublished":"2026-02-23T15:25:00+00:00","mainEntityOfPage":{"@id":"https:\/\/alberdi.uno\/index.php\/2026\/02\/23\/misiones-refuerza-la-prevencion-ante-el-ultimo-primer-dia-y-el-consumo-de-alcohol-en-adolescentes\/"},"wordCount":263,"image":{"@id":"https:\/\/alberdi.uno\/index.php\/2026\/02\/23\/misiones-refuerza-la-prevencion-ante-el-ultimo-primer-dia-y-el-consumo-de-alcohol-en-adolescentes\/#primaryimage"},"thumbnailUrl":"https:\/\/alberdi.uno\/wp-content\/uploads\/2026\/02\/PREVENCION1-1.jpg","articleSection":["Gobierno de Misiones","Gobiernos Municipales","MISIONESSALUD.UNO","Red Capital","Red Iguaz\u00fa","Red Ober\u00e1"],"inLanguage":"es-AR"},{"@type":"WebPage","@id":"https:\/\/alberdi.uno\/index.php\/2026\/02\/23\/misiones-refuerza-la-prevencion-ante-el-ultimo-primer-dia-y-el-consumo-de-alcohol-en-adolescentes\/","url":"https:\/\/alberdi.uno\/index.php\/2026\/02\/23\/misiones-refuerza-la-prevencion-ante-el-ultimo-primer-dia-y-el-consumo-de-alcohol-en-adolescentes\/","name":"Misiones refuerza la prevenci\u00f3n ante el \u201c\u00daltimo Primer D\u00eda\u201d y el consumo de alcohol en adolescentes - Alberdi .UNO - Red Misiones.uno","isPartOf":{"@id":"https:\/\/alberdi.uno\/#website"},"primaryImageOfPage":{"@id":"https:\/\/alberdi.uno\/index.php\/2026\/02\/23\/misiones-refuerza-la-prevencion-ante-el-ultimo-primer-dia-y-el-consumo-de-alcohol-en-adolescentes\/#primaryimage"},"image":{"@id":"https:\/\/alberdi.uno\/index.php\/2026\/02\/23\/misiones-refuerza-la-prevencion-ante-el-ultimo-primer-dia-y-el-consumo-de-alcohol-en-adolescentes\/#primaryimage"},"thumbnailUrl":"https:\/\/alberdi.uno\/wp-content\/uploads\/2026\/02\/PREVENCION1-1.jpg","datePublished":"2026-02-23T15:25:00+00:00","author":{"@id":"https:\/\/alberdi.uno\/#\/schema\/person\/7af09aba735a9b91f78556601849d2c6"},"breadcrumb":{"@id":"https:\/\/alberdi.uno\/index.php\/2026\/02\/23\/misiones-refuerza-la-prevencion-ante-el-ultimo-primer-dia-y-el-consumo-de-alcohol-en-adolescentes\/#breadcrumb"},"inLanguage":"es-AR","potentialAction":[{"@type":"ReadAction","target":["https:\/\/alberdi.uno\/index.php\/2026\/02\/23\/misiones-refuerza-la-prevencion-ante-el-ultimo-primer-dia-y-el-consumo-de-alcohol-en-adolescentes\/"]}]},{"@type":"ImageObject","inLanguage":"es-AR","@id":"https:\/\/alberdi.uno\/index.php\/2026\/02\/23\/misiones-refuerza-la-prevencion-ante-el-ultimo-primer-dia-y-el-consumo-de-alcohol-en-adolescentes\/#primaryimage","url":"https:\/\/alberdi.uno\/wp-content\/uploads\/2026\/02\/PREVENCION1-1.jpg","contentUrl":"https:\/\/alberdi.uno\/wp-content\/uploads\/2026\/02\/PREVENCION1-1.jpg","width":640,"height":853},{"@type":"BreadcrumbList","@id":"https:\/\/alberdi.uno\/index.php\/2026\/02\/23\/misiones-refuerza-la-prevencion-ante-el-ultimo-primer-dia-y-el-consumo-de-alcohol-en-adolescentes\/#breadcrumb","itemListElement":[{"@type":"ListItem","position":1,"name":"Inicio","item":"https:\/\/alberdi.uno\/"},{"@type":"ListItem","position":2,"name":"Misiones refuerza la prevenci\u00f3n ante el \u201c\u00daltimo Primer D\u00eda\u201d y el consumo de alcohol en adolescentes"}]},{"@type":"WebSite","@id":"https:\/\/alberdi.uno\/#website","url":"https:\/\/alberdi.uno\/","name":"Alberdi .UNO - Red Misiones.uno","description":"Noticias de Colonia Alberdi","potentialAction":[{"@type":"SearchAction","target":{"@type":"EntryPoint","urlTemplate":"https:\/\/alberdi.uno\/?s={search_term_string}"},"query-input":{"@type":"PropertyValueSpecification","valueRequired":true,"valueName":"search_term_string"}}],"inLanguage":"es-AR"},{"@type":"Person","@id":"https:\/\/alberdi.uno\/#\/schema\/person\/7af09aba735a9b91f78556601849d2c6","name":"admin","image":{"@type":"ImageObject","inLanguage":"es-AR","@id":"https:\/\/alberdi.uno\/#\/schema\/person\/image\/","url":"https:\/\/secure.gravatar.com\/avatar\/988cc68d97727f2265e15e4e04f35d45d93f5493d81192c37b6fcdf6407dba8c?s=96&d=mm&r=g","contentUrl":"https:\/\/secure.gravatar.com\/avatar\/988cc68d97727f2265e15e4e04f35d45d93f5493d81192c37b6fcdf6407dba8c?s=96&d=mm&r=g","caption":"admin"},"sameAs":["http:\/\/alberdi.uno"],"url":"https:\/\/alberdi.uno\/index.php\/author\/admin\/"}]}},"_links":{"self":[{"href":"https:\/\/alberdi.uno\/index.php\/wp-json\/wp\/v2\/posts\/1223","targetHints":{"allow":["GET"]}}],"collection":[{"href":"https:\/\/alberdi.uno\/index.php\/wp-json\/wp\/v2\/posts"}],"about":[{"href":"https:\/\/alberdi.uno\/index.php\/wp-json\/wp\/v2\/types\/post"}],"author":[{"embeddable":true,"href":"https:\/\/alberdi.uno\/index.php\/wp-json\/wp\/v2\/users\/1"}],"replies":[{"embeddable":true,"href":"https:\/\/alberdi.uno\/index.php\/wp-json\/wp\/v2\/comments?post=1223"}],"version-history":[{"count":0,"href":"https:\/\/alberdi.uno\/index.php\/wp-json\/wp\/v2\/posts\/1223\/revisions"}],"wp:featuredmedia":[{"embeddable":true,"href":"https:\/\/alberdi.uno\/index.php\/wp-json\/wp\/v2\/media\/1224"}],"wp:attachment":[{"href":"https:\/\/alberdi.uno\/index.php\/wp-json\/wp\/v2\/media?parent=1223"}],"wp:term":[{"taxonomy":"category","embeddable":true,"href":"https:\/\/alberdi.uno\/index.php\/wp-json\/wp\/v2\/categories?post=1223"},{"taxonomy":"post_tag","embeddable":true,"href":"https:\/\/alberdi.uno\/index.php\/wp-json\/wp\/v2\/tags?post=1223"}],"curies":[{"name":"wp","href":"https:\/\/api.w.org\/{rel}","templated":true}]}}