{"id":1217,"date":"2026-02-22T19:30:56","date_gmt":"2026-02-22T22:30:56","guid":{"rendered":"https:\/\/alberdi.uno\/index.php\/2026\/02\/22\/alberdi-el-encuentro-de-autos-y-motos-antiguos-convoco-a-visitantes-y-sumo-a-una-causa-solidaria\/"},"modified":"2026-02-22T19:30:56","modified_gmt":"2026-02-22T22:30:56","slug":"alberdi-el-encuentro-de-autos-y-motos-antiguos-convoco-a-visitantes-y-sumo-a-una-causa-solidaria","status":"publish","type":"post","link":"https:\/\/alberdi.uno\/index.php\/2026\/02\/22\/alberdi-el-encuentro-de-autos-y-motos-antiguos-convoco-a-visitantes-y-sumo-a-una-causa-solidaria\/","title":{"rendered":"Alberdi: el Encuentro de Autos y Motos Antiguos convoc\u00f3 a visitantes y sum\u00f3 a una causa solidaria"},"content":{"rendered":"<div>\n<div>\n<p><strong><a href=\"https:\/\/agenciamisiones.uno\/\">AGENCIA MISIONES.UNO<\/a> | Con una importante concurrencia, se realiz\u00f3 en el Centro Recreativo El Chap\u00e1 el \u201cEncuentro de Autos y Motos Antiguos\u201d, que reuni\u00f3 a expositores de distintos puntos de la provincia, del pa\u00eds y de Brasil, con un fin solidario.<\/strong><\/p>\n<p>El evento se desarroll\u00f3 en un clima favorable y cont\u00f3 con la participaci\u00f3n de fan\u00e1ticos del automovilismo que exhibieron sus veh\u00edculos cl\u00e1sicos, contribuyendo a una causa solidaria en beneficio del Hogar Santa Teresita de Ober\u00e1.<\/p>\n<p>El acto protocolar estuvo encabezado por la intendente interina Norma Kummer y cont\u00f3 con la presencia del subsecretario de Turismo de la provincia, Carlos \u201cTony\u201d Lindstron; la secretaria de Gobierno, Rosana Zimmer; el coordinador de Colonia Chap\u00e1, Mauro Biolatto; concejales del municipio y otras autoridades invitadas.<\/p>\n<p>La organizaci\u00f3n fue fruto del trabajo articulado entre el Grupo de Autos NEA, Freddy Villalba y su equipo, Colonia Chap\u00e1 y la Municipalidad de Alberdi, consolidando una propuesta que dej\u00f3 abiertas las puertas para futuras ediciones. Durante las jornadas, autoridades locales entregaron presentes y reconocimientos a los visitantes y expositores.<\/p>\n<p>Asimismo, se destac\u00f3 el acompa\u00f1amiento de la Polic\u00eda, Bomberos y trabajadores de la salud, quienes brindaron cobertura y asistencia, garantizando el normal desarrollo del encuentro y la seguridad de los asistentes.<\/p>\n<p><img fetchpriority=\"high\" decoding=\"async\" class=\"aligncenter size-full wp-image-15011\" src=\"https:\/\/alberdi.uno\/wp-content\/uploads\/2026\/02\/ALBERDI6.jpg\" alt=\"\" width=\"640\" height=\"853\" srcset=\"https:\/\/misiones.uno\/wp-content\/uploads\/2026\/02\/ALBERDI6-200x267.jpg 200w, https:\/\/misiones.uno\/wp-content\/uploads\/2026\/02\/ALBERDI6-225x300.jpg 225w, https:\/\/misiones.uno\/wp-content\/uploads\/2026\/02\/ALBERDI6-400x533.jpg 400w, https:\/\/misiones.uno\/wp-content\/uploads\/2026\/02\/ALBERDI6-600x800.jpg 600w, https:\/\/alberdi.uno\/wp-content\/uploads\/2026\/02\/ALBERDI6.jpg 640w\" sizes=\"(max-width: 640px) 100vw, 640px\"><img decoding=\"async\" class=\"aligncenter size-full wp-image-1042\" src=\"https:\/\/alberdi.uno\/wp-content\/uploads\/2026\/02\/ALBERDI4-1.jpg\" sizes=\"(max-width: 640px) 100vw, 640px\" srcset=\"https:\/\/agenciamisiones.uno\/wp-content\/uploads\/2026\/02\/ALBERDI4-200x267.jpg 200w, https:\/\/agenciamisiones.uno\/wp-content\/uploads\/2026\/02\/ALBERDI4-225x300.jpg 225w, https:\/\/agenciamisiones.uno\/wp-content\/uploads\/2026\/02\/ALBERDI4-400x533.jpg 400w, https:\/\/agenciamisiones.uno\/wp-content\/uploads\/2026\/02\/ALBERDI4-600x800.jpg 600w, https:\/\/alberdi.uno\/wp-content\/uploads\/2026\/02\/ALBERDI4-1.jpg 640w\" alt=\"\" width=\"640\" height=\"853\"> <img decoding=\"async\" class=\"aligncenter size-full wp-image-1043\" src=\"https:\/\/alberdi.uno\/wp-content\/uploads\/2026\/02\/ALBERDI3-1.jpg\" sizes=\"(max-width: 640px) 100vw, 640px\" srcset=\"https:\/\/agenciamisiones.uno\/wp-content\/uploads\/2026\/02\/ALBERDI3-1-200x267.jpg 200w, https:\/\/agenciamisiones.uno\/wp-content\/uploads\/2026\/02\/ALBERDI3-1-225x300.jpg 225w, https:\/\/agenciamisiones.uno\/wp-content\/uploads\/2026\/02\/ALBERDI3-1-400x533.jpg 400w, https:\/\/agenciamisiones.uno\/wp-content\/uploads\/2026\/02\/ALBERDI3-1-600x800.jpg 600w, https:\/\/alberdi.uno\/wp-content\/uploads\/2026\/02\/ALBERDI3-1.jpg 640w\" alt=\"\" width=\"640\" height=\"853\"> <img decoding=\"async\" class=\"aligncenter size-full wp-image-1044\" src=\"https:\/\/alberdi.uno\/wp-content\/uploads\/2026\/02\/ALBERDI2-3.jpg\" sizes=\"(max-width: 640px) 100vw, 640px\" srcset=\"https:\/\/agenciamisiones.uno\/wp-content\/uploads\/2026\/02\/ALBERDI2-3-200x267.jpg 200w, https:\/\/agenciamisiones.uno\/wp-content\/uploads\/2026\/02\/ALBERDI2-3-225x300.jpg 225w, https:\/\/agenciamisiones.uno\/wp-content\/uploads\/2026\/02\/ALBERDI2-3-400x533.jpg 400w, https:\/\/agenciamisiones.uno\/wp-content\/uploads\/2026\/02\/ALBERDI2-3-600x800.jpg 600w, https:\/\/alberdi.uno\/wp-content\/uploads\/2026\/02\/ALBERDI2-3.jpg 640w\" alt=\"\" width=\"640\" height=\"853\"> <img decoding=\"async\" class=\"aligncenter size-full wp-image-1045\" src=\"https:\/\/alberdi.uno\/wp-content\/uploads\/2026\/02\/ALBERDI1-3.jpg\" sizes=\"(max-width: 640px) 100vw, 640px\" srcset=\"https:\/\/agenciamisiones.uno\/wp-content\/uploads\/2026\/02\/ALBERDI1-3-200x267.jpg 200w, https:\/\/agenciamisiones.uno\/wp-content\/uploads\/2026\/02\/ALBERDI1-3-225x300.jpg 225w, https:\/\/agenciamisiones.uno\/wp-content\/uploads\/2026\/02\/ALBERDI1-3-400x533.jpg 400w, https:\/\/agenciamisiones.uno\/wp-content\/uploads\/2026\/02\/ALBERDI1-3-600x800.jpg 600w, https:\/\/alberdi.uno\/wp-content\/uploads\/2026\/02\/ALBERDI1-3.jpg 640w\" alt=\"\" width=\"640\" height=\"853\"><\/p>\n<p>La entrada <a href=\"https:\/\/agenciamisiones.uno\/alberdi-el-encuentro-de-autos-y-motos-antiguos-convoco-a-visitantes-y-sumo-a-una-causa-solidaria\/\">Alberdi: el Encuentro de Autos y Motos Antiguos convoc\u00f3 a visitantes y sum\u00f3 a una causa solidaria<\/a> se public\u00f3 primero en <a href=\"https:\/\/agenciamisiones.uno\/\">Agencia Misiones.uno<\/a>.<\/p>\n<\/div>\n<\/div>\n","protected":false},"excerpt":{"rendered":"<p>AGENCIA MISIONES.UNO | Con una importante concurrencia, se realiz\u00f3 en  [&#8230;]<\/p>\n","protected":false},"author":1,"featured_media":1218,"comment_status":"closed","ping_status":"closed","sticky":false,"template":"","format":"standard","meta":{"fifu_image_url":"","fifu_image_alt":"","footnotes":""},"categories":[38,149,155,156],"tags":[],"class_list":["post-1217","post","type-post","status-publish","format-standard","has-post-thumbnail","hentry","category-alberdi","category-gobiernos-municipales","category-informacion-general","category-solidaridad"],"acf":[],"yoast_head":"<!-- This site is optimized with the Yoast SEO plugin v26.7 - https:\/\/yoast.com\/wordpress\/plugins\/seo\/ -->\n<title>Alberdi: el Encuentro de Autos y Motos Antiguos convoc\u00f3 a visitantes y sum\u00f3 a una causa solidaria - Alberdi .UNO - Red Misiones.uno<\/title>\n<meta name=\"robots\" content=\"index, follow, max-snippet:-1, max-image-preview:large, max-video-preview:-1\" \/>\n<link rel=\"canonical\" href=\"https:\/\/alberdi.uno\/index.php\/2026\/02\/22\/alberdi-el-encuentro-de-autos-y-motos-antiguos-convoco-a-visitantes-y-sumo-a-una-causa-solidaria\/\" \/>\n<meta property=\"og:locale\" content=\"es_ES\" \/>\n<meta property=\"og:type\" content=\"article\" \/>\n<meta property=\"og:title\" content=\"Alberdi: el Encuentro de Autos y Motos Antiguos convoc\u00f3 a visitantes y sum\u00f3 a una causa solidaria - Alberdi .UNO - Red Misiones.uno\" \/>\n<meta property=\"og:description\" content=\"AGENCIA MISIONES.UNO | Con una importante concurrencia, se realiz\u00f3 en [...]\" \/>\n<meta property=\"og:url\" content=\"https:\/\/alberdi.uno\/index.php\/2026\/02\/22\/alberdi-el-encuentro-de-autos-y-motos-antiguos-convoco-a-visitantes-y-sumo-a-una-causa-solidaria\/\" \/>\n<meta property=\"og:site_name\" content=\"Alberdi .UNO - Red Misiones.uno\" \/>\n<meta property=\"article:published_time\" content=\"2026-02-22T22:30:56+00:00\" \/>\n<meta name=\"author\" content=\"admin\" \/>\n<meta name=\"twitter:card\" content=\"summary_large_image\" \/>\n<meta name=\"twitter:label1\" content=\"Escrito por\" \/>\n\t<meta name=\"twitter:data1\" content=\"admin\" \/>\n\t<meta name=\"twitter:label2\" content=\"Tiempo de lectura\" \/>\n\t<meta name=\"twitter:data2\" content=\"1 minuto\" \/>\n<script type=\"application\/ld+json\" class=\"yoast-schema-graph\">{\"@context\":\"https:\/\/schema.org\",\"@graph\":[{\"@type\":\"Article\",\"@id\":\"https:\/\/alberdi.uno\/index.php\/2026\/02\/22\/alberdi-el-encuentro-de-autos-y-motos-antiguos-convoco-a-visitantes-y-sumo-a-una-causa-solidaria\/#article\",\"isPartOf\":{\"@id\":\"https:\/\/alberdi.uno\/index.php\/2026\/02\/22\/alberdi-el-encuentro-de-autos-y-motos-antiguos-convoco-a-visitantes-y-sumo-a-una-causa-solidaria\/\"},\"author\":{\"name\":\"admin\",\"@id\":\"https:\/\/alberdi.uno\/#\/schema\/person\/7af09aba735a9b91f78556601849d2c6\"},\"headline\":\"Alberdi: el Encuentro de Autos y Motos Antiguos convoc\u00f3 a visitantes y sum\u00f3 a una causa solidaria\",\"datePublished\":\"2026-02-22T22:30:56+00:00\",\"mainEntityOfPage\":{\"@id\":\"https:\/\/alberdi.uno\/index.php\/2026\/02\/22\/alberdi-el-encuentro-de-autos-y-motos-antiguos-convoco-a-visitantes-y-sumo-a-una-causa-solidaria\/\"},\"wordCount\":254,\"image\":{\"@id\":\"https:\/\/alberdi.uno\/index.php\/2026\/02\/22\/alberdi-el-encuentro-de-autos-y-motos-antiguos-convoco-a-visitantes-y-sumo-a-una-causa-solidaria\/#primaryimage\"},\"thumbnailUrl\":\"https:\/\/alberdi.uno\/wp-content\/uploads\/2026\/02\/ALBERDI6.jpg\",\"articleSection\":[\"Alberdi\",\"Gobiernos Municipales\",\"Informaci\u00f3n General\",\"Solidaridad\"],\"inLanguage\":\"es-AR\"},{\"@type\":\"WebPage\",\"@id\":\"https:\/\/alberdi.uno\/index.php\/2026\/02\/22\/alberdi-el-encuentro-de-autos-y-motos-antiguos-convoco-a-visitantes-y-sumo-a-una-causa-solidaria\/\",\"url\":\"https:\/\/alberdi.uno\/index.php\/2026\/02\/22\/alberdi-el-encuentro-de-autos-y-motos-antiguos-convoco-a-visitantes-y-sumo-a-una-causa-solidaria\/\",\"name\":\"Alberdi: el Encuentro de Autos y Motos Antiguos convoc\u00f3 a visitantes y sum\u00f3 a una causa solidaria - Alberdi .UNO - Red Misiones.uno\",\"isPartOf\":{\"@id\":\"https:\/\/alberdi.uno\/#website\"},\"primaryImageOfPage\":{\"@id\":\"https:\/\/alberdi.uno\/index.php\/2026\/02\/22\/alberdi-el-encuentro-de-autos-y-motos-antiguos-convoco-a-visitantes-y-sumo-a-una-causa-solidaria\/#primaryimage\"},\"image\":{\"@id\":\"https:\/\/alberdi.uno\/index.php\/2026\/02\/22\/alberdi-el-encuentro-de-autos-y-motos-antiguos-convoco-a-visitantes-y-sumo-a-una-causa-solidaria\/#primaryimage\"},\"thumbnailUrl\":\"https:\/\/alberdi.uno\/wp-content\/uploads\/2026\/02\/ALBERDI6.jpg\",\"datePublished\":\"2026-02-22T22:30:56+00:00\",\"author\":{\"@id\":\"https:\/\/alberdi.uno\/#\/schema\/person\/7af09aba735a9b91f78556601849d2c6\"},\"breadcrumb\":{\"@id\":\"https:\/\/alberdi.uno\/index.php\/2026\/02\/22\/alberdi-el-encuentro-de-autos-y-motos-antiguos-convoco-a-visitantes-y-sumo-a-una-causa-solidaria\/#breadcrumb\"},\"inLanguage\":\"es-AR\",\"potentialAction\":[{\"@type\":\"ReadAction\",\"target\":[\"https:\/\/alberdi.uno\/index.php\/2026\/02\/22\/alberdi-el-encuentro-de-autos-y-motos-antiguos-convoco-a-visitantes-y-sumo-a-una-causa-solidaria\/\"]}]},{\"@type\":\"ImageObject\",\"inLanguage\":\"es-AR\",\"@id\":\"https:\/\/alberdi.uno\/index.php\/2026\/02\/22\/alberdi-el-encuentro-de-autos-y-motos-antiguos-convoco-a-visitantes-y-sumo-a-una-causa-solidaria\/#primaryimage\",\"url\":\"https:\/\/alberdi.uno\/wp-content\/uploads\/2026\/02\/ALBERDI6.jpg\",\"contentUrl\":\"https:\/\/alberdi.uno\/wp-content\/uploads\/2026\/02\/ALBERDI6.jpg\",\"width\":640,\"height\":853},{\"@type\":\"BreadcrumbList\",\"@id\":\"https:\/\/alberdi.uno\/index.php\/2026\/02\/22\/alberdi-el-encuentro-de-autos-y-motos-antiguos-convoco-a-visitantes-y-sumo-a-una-causa-solidaria\/#breadcrumb\",\"itemListElement\":[{\"@type\":\"ListItem\",\"position\":1,\"name\":\"Inicio\",\"item\":\"https:\/\/alberdi.uno\/\"},{\"@type\":\"ListItem\",\"position\":2,\"name\":\"Alberdi: el Encuentro de Autos y Motos Antiguos convoc\u00f3 a visitantes y sum\u00f3 a una causa solidaria\"}]},{\"@type\":\"WebSite\",\"@id\":\"https:\/\/alberdi.uno\/#website\",\"url\":\"https:\/\/alberdi.uno\/\",\"name\":\"Alberdi .UNO - Red Misiones.uno\",\"description\":\"Noticias de Colonia Alberdi\",\"potentialAction\":[{\"@type\":\"SearchAction\",\"target\":{\"@type\":\"EntryPoint\",\"urlTemplate\":\"https:\/\/alberdi.uno\/?s={search_term_string}\"},\"query-input\":{\"@type\":\"PropertyValueSpecification\",\"valueRequired\":true,\"valueName\":\"search_term_string\"}}],\"inLanguage\":\"es-AR\"},{\"@type\":\"Person\",\"@id\":\"https:\/\/alberdi.uno\/#\/schema\/person\/7af09aba735a9b91f78556601849d2c6\",\"name\":\"admin\",\"image\":{\"@type\":\"ImageObject\",\"inLanguage\":\"es-AR\",\"@id\":\"https:\/\/alberdi.uno\/#\/schema\/person\/image\/\",\"url\":\"https:\/\/secure.gravatar.com\/avatar\/988cc68d97727f2265e15e4e04f35d45d93f5493d81192c37b6fcdf6407dba8c?s=96&d=mm&r=g\",\"contentUrl\":\"https:\/\/secure.gravatar.com\/avatar\/988cc68d97727f2265e15e4e04f35d45d93f5493d81192c37b6fcdf6407dba8c?s=96&d=mm&r=g\",\"caption\":\"admin\"},\"sameAs\":[\"http:\/\/alberdi.uno\"],\"url\":\"https:\/\/alberdi.uno\/index.php\/author\/admin\/\"}]}<\/script>\n<!-- \/ Yoast SEO plugin. -->","yoast_head_json":{"title":"Alberdi: el Encuentro de Autos y Motos Antiguos convoc\u00f3 a visitantes y sum\u00f3 a una causa solidaria - Alberdi .UNO - Red Misiones.uno","robots":{"index":"index","follow":"follow","max-snippet":"max-snippet:-1","max-image-preview":"max-image-preview:large","max-video-preview":"max-video-preview:-1"},"canonical":"https:\/\/alberdi.uno\/index.php\/2026\/02\/22\/alberdi-el-encuentro-de-autos-y-motos-antiguos-convoco-a-visitantes-y-sumo-a-una-causa-solidaria\/","og_locale":"es_ES","og_type":"article","og_title":"Alberdi: el Encuentro de Autos y Motos Antiguos convoc\u00f3 a visitantes y sum\u00f3 a una causa solidaria - Alberdi .UNO - Red Misiones.uno","og_description":"AGENCIA MISIONES.UNO | Con una importante concurrencia, se realiz\u00f3 en [...]","og_url":"https:\/\/alberdi.uno\/index.php\/2026\/02\/22\/alberdi-el-encuentro-de-autos-y-motos-antiguos-convoco-a-visitantes-y-sumo-a-una-causa-solidaria\/","og_site_name":"Alberdi .UNO - Red Misiones.uno","article_published_time":"2026-02-22T22:30:56+00:00","author":"admin","twitter_card":"summary_large_image","twitter_misc":{"Escrito por":"admin","Tiempo de lectura":"1 minuto"},"schema":{"@context":"https:\/\/schema.org","@graph":[{"@type":"Article","@id":"https:\/\/alberdi.uno\/index.php\/2026\/02\/22\/alberdi-el-encuentro-de-autos-y-motos-antiguos-convoco-a-visitantes-y-sumo-a-una-causa-solidaria\/#article","isPartOf":{"@id":"https:\/\/alberdi.uno\/index.php\/2026\/02\/22\/alberdi-el-encuentro-de-autos-y-motos-antiguos-convoco-a-visitantes-y-sumo-a-una-causa-solidaria\/"},"author":{"name":"admin","@id":"https:\/\/alberdi.uno\/#\/schema\/person\/7af09aba735a9b91f78556601849d2c6"},"headline":"Alberdi: el Encuentro de Autos y Motos Antiguos convoc\u00f3 a visitantes y sum\u00f3 a una causa solidaria","datePublished":"2026-02-22T22:30:56+00:00","mainEntityOfPage":{"@id":"https:\/\/alberdi.uno\/index.php\/2026\/02\/22\/alberdi-el-encuentro-de-autos-y-motos-antiguos-convoco-a-visitantes-y-sumo-a-una-causa-solidaria\/"},"wordCount":254,"image":{"@id":"https:\/\/alberdi.uno\/index.php\/2026\/02\/22\/alberdi-el-encuentro-de-autos-y-motos-antiguos-convoco-a-visitantes-y-sumo-a-una-causa-solidaria\/#primaryimage"},"thumbnailUrl":"https:\/\/alberdi.uno\/wp-content\/uploads\/2026\/02\/ALBERDI6.jpg","articleSection":["Alberdi","Gobiernos Municipales","Informaci\u00f3n General","Solidaridad"],"inLanguage":"es-AR"},{"@type":"WebPage","@id":"https:\/\/alberdi.uno\/index.php\/2026\/02\/22\/alberdi-el-encuentro-de-autos-y-motos-antiguos-convoco-a-visitantes-y-sumo-a-una-causa-solidaria\/","url":"https:\/\/alberdi.uno\/index.php\/2026\/02\/22\/alberdi-el-encuentro-de-autos-y-motos-antiguos-convoco-a-visitantes-y-sumo-a-una-causa-solidaria\/","name":"Alberdi: el Encuentro de Autos y Motos Antiguos convoc\u00f3 a visitantes y sum\u00f3 a una causa solidaria - Alberdi .UNO - Red Misiones.uno","isPartOf":{"@id":"https:\/\/alberdi.uno\/#website"},"primaryImageOfPage":{"@id":"https:\/\/alberdi.uno\/index.php\/2026\/02\/22\/alberdi-el-encuentro-de-autos-y-motos-antiguos-convoco-a-visitantes-y-sumo-a-una-causa-solidaria\/#primaryimage"},"image":{"@id":"https:\/\/alberdi.uno\/index.php\/2026\/02\/22\/alberdi-el-encuentro-de-autos-y-motos-antiguos-convoco-a-visitantes-y-sumo-a-una-causa-solidaria\/#primaryimage"},"thumbnailUrl":"https:\/\/alberdi.uno\/wp-content\/uploads\/2026\/02\/ALBERDI6.jpg","datePublished":"2026-02-22T22:30:56+00:00","author":{"@id":"https:\/\/alberdi.uno\/#\/schema\/person\/7af09aba735a9b91f78556601849d2c6"},"breadcrumb":{"@id":"https:\/\/alberdi.uno\/index.php\/2026\/02\/22\/alberdi-el-encuentro-de-autos-y-motos-antiguos-convoco-a-visitantes-y-sumo-a-una-causa-solidaria\/#breadcrumb"},"inLanguage":"es-AR","potentialAction":[{"@type":"ReadAction","target":["https:\/\/alberdi.uno\/index.php\/2026\/02\/22\/alberdi-el-encuentro-de-autos-y-motos-antiguos-convoco-a-visitantes-y-sumo-a-una-causa-solidaria\/"]}]},{"@type":"ImageObject","inLanguage":"es-AR","@id":"https:\/\/alberdi.uno\/index.php\/2026\/02\/22\/alberdi-el-encuentro-de-autos-y-motos-antiguos-convoco-a-visitantes-y-sumo-a-una-causa-solidaria\/#primaryimage","url":"https:\/\/alberdi.uno\/wp-content\/uploads\/2026\/02\/ALBERDI6.jpg","contentUrl":"https:\/\/alberdi.uno\/wp-content\/uploads\/2026\/02\/ALBERDI6.jpg","width":640,"height":853},{"@type":"BreadcrumbList","@id":"https:\/\/alberdi.uno\/index.php\/2026\/02\/22\/alberdi-el-encuentro-de-autos-y-motos-antiguos-convoco-a-visitantes-y-sumo-a-una-causa-solidaria\/#breadcrumb","itemListElement":[{"@type":"ListItem","position":1,"name":"Inicio","item":"https:\/\/alberdi.uno\/"},{"@type":"ListItem","position":2,"name":"Alberdi: el Encuentro de Autos y Motos Antiguos convoc\u00f3 a visitantes y sum\u00f3 a una causa solidaria"}]},{"@type":"WebSite","@id":"https:\/\/alberdi.uno\/#website","url":"https:\/\/alberdi.uno\/","name":"Alberdi .UNO - Red Misiones.uno","description":"Noticias de Colonia Alberdi","potentialAction":[{"@type":"SearchAction","target":{"@type":"EntryPoint","urlTemplate":"https:\/\/alberdi.uno\/?s={search_term_string}"},"query-input":{"@type":"PropertyValueSpecification","valueRequired":true,"valueName":"search_term_string"}}],"inLanguage":"es-AR"},{"@type":"Person","@id":"https:\/\/alberdi.uno\/#\/schema\/person\/7af09aba735a9b91f78556601849d2c6","name":"admin","image":{"@type":"ImageObject","inLanguage":"es-AR","@id":"https:\/\/alberdi.uno\/#\/schema\/person\/image\/","url":"https:\/\/secure.gravatar.com\/avatar\/988cc68d97727f2265e15e4e04f35d45d93f5493d81192c37b6fcdf6407dba8c?s=96&d=mm&r=g","contentUrl":"https:\/\/secure.gravatar.com\/avatar\/988cc68d97727f2265e15e4e04f35d45d93f5493d81192c37b6fcdf6407dba8c?s=96&d=mm&r=g","caption":"admin"},"sameAs":["http:\/\/alberdi.uno"],"url":"https:\/\/alberdi.uno\/index.php\/author\/admin\/"}]}},"_links":{"self":[{"href":"https:\/\/alberdi.uno\/index.php\/wp-json\/wp\/v2\/posts\/1217","targetHints":{"allow":["GET"]}}],"collection":[{"href":"https:\/\/alberdi.uno\/index.php\/wp-json\/wp\/v2\/posts"}],"about":[{"href":"https:\/\/alberdi.uno\/index.php\/wp-json\/wp\/v2\/types\/post"}],"author":[{"embeddable":true,"href":"https:\/\/alberdi.uno\/index.php\/wp-json\/wp\/v2\/users\/1"}],"replies":[{"embeddable":true,"href":"https:\/\/alberdi.uno\/index.php\/wp-json\/wp\/v2\/comments?post=1217"}],"version-history":[{"count":0,"href":"https:\/\/alberdi.uno\/index.php\/wp-json\/wp\/v2\/posts\/1217\/revisions"}],"wp:featuredmedia":[{"embeddable":true,"href":"https:\/\/alberdi.uno\/index.php\/wp-json\/wp\/v2\/media\/1218"}],"wp:attachment":[{"href":"https:\/\/alberdi.uno\/index.php\/wp-json\/wp\/v2\/media?parent=1217"}],"wp:term":[{"taxonomy":"category","embeddable":true,"href":"https:\/\/alberdi.uno\/index.php\/wp-json\/wp\/v2\/categories?post=1217"},{"taxonomy":"post_tag","embeddable":true,"href":"https:\/\/alberdi.uno\/index.php\/wp-json\/wp\/v2\/tags?post=1217"}],"curies":[{"name":"wp","href":"https:\/\/api.w.org\/{rel}","templated":true}]}}