{"id":1209,"date":"2026-02-22T12:10:53","date_gmt":"2026-02-22T15:10:53","guid":{"rendered":"https:\/\/alberdi.uno\/index.php\/2026\/02\/22\/obera-detuvieron-a-un-hombre-de-30-anos-acusado-de-atacar-a-su-hermano-con-un-hacha\/"},"modified":"2026-02-22T12:10:53","modified_gmt":"2026-02-22T15:10:53","slug":"obera-detuvieron-a-un-hombre-de-30-anos-acusado-de-atacar-a-su-hermano-con-un-hacha","status":"publish","type":"post","link":"https:\/\/alberdi.uno\/index.php\/2026\/02\/22\/obera-detuvieron-a-un-hombre-de-30-anos-acusado-de-atacar-a-su-hermano-con-un-hacha\/","title":{"rendered":"Ober\u00e1: detuvieron a un hombre de 30 a\u00f1os acusado de atacar a su hermano con un hacha"},"content":{"rendered":"<div>\n<div>\n<p><strong><a href=\"https:\/\/agenciamisiones.uno\/\">AGENCIA MISIONES.UNO<\/a> | El hecho ocurri\u00f3 en el barrio Villa Gunther de Ober\u00e1, donde un hombre fue detenido tras un episodio intrafamiliar en el que su hermano result\u00f3 con lesiones de gravedad. La v\u00edctima fue trasladada al hospital para su atenci\u00f3n.<\/strong><\/p>\n<p>El episodio se registr\u00f3 cerca de las 23:50 horas, cuando un vecino se present\u00f3 en la Divisi\u00f3n Comando Radioel\u00e9ctrico Zona Centro solicitando de manera urgente presencia policial en su domicilio. Seg\u00fan manifest\u00f3, tras una discusi\u00f3n entre sus hijos, uno de ellos habr\u00eda agredido al otro con un hacha.<\/p>\n<p>Al arribar al inmueble, los efectivos constataron la situaci\u00f3n y hallaron al hombre herido tendido en el suelo, imposibilitado de movilizarse por sus propios medios. De inmediato se requiri\u00f3 una unidad sanitaria, que procedi\u00f3 a su traslado al nosocomio local para recibir atenci\u00f3n m\u00e9dica especializada.<\/p>\n<p>En el lugar, el presunto agresor, de 30 a\u00f1os, fue detenido y puesto a disposici\u00f3n de la dependencia jurisdiccional en el marco de una causa por lesiones graves. La Polic\u00eda contin\u00faa con las actuaciones judiciales correspondientes.<\/p>\n<p><img decoding=\"async\" class=\"aligncenter size-full wp-image-1018\" src=\"https:\/\/alberdi.uno\/wp-content\/uploads\/2026\/02\/poli1-32.jpg\" sizes=\"(max-width: 640px) 100vw, 640px\" srcset=\"https:\/\/agenciamisiones.uno\/wp-content\/uploads\/2026\/02\/poli1-32-200x267.jpg 200w, https:\/\/agenciamisiones.uno\/wp-content\/uploads\/2026\/02\/poli1-32-225x300.jpg 225w, https:\/\/agenciamisiones.uno\/wp-content\/uploads\/2026\/02\/poli1-32-400x533.jpg 400w, https:\/\/agenciamisiones.uno\/wp-content\/uploads\/2026\/02\/poli1-32-600x800.jpg 600w, https:\/\/alberdi.uno\/wp-content\/uploads\/2026\/02\/poli1-32.jpg 640w\" alt=\"\" width=\"640\" height=\"853\"><\/p>\n<p>La entrada <a href=\"https:\/\/agenciamisiones.uno\/obera-detuvieron-a-un-hombre-de-30-anos-acusado-de-atacar-a-su-hermano-con-un-hacha\/\">Ober\u00e1: detuvieron a un hombre de 30 a\u00f1os acusado de atacar a su hermano con un hacha<\/a> se public\u00f3 primero en <a href=\"https:\/\/agenciamisiones.uno\/\">Agencia Misiones.uno<\/a>.<\/p>\n<\/div>\n<\/div>\n","protected":false},"excerpt":{"rendered":"<p>AGENCIA MISIONES.UNO | El hecho ocurri\u00f3 en el barrio Villa  [&#8230;]<\/p>\n","protected":false},"author":1,"featured_media":1210,"comment_status":"closed","ping_status":"closed","sticky":false,"template":"","format":"standard","meta":{"fifu_image_url":"","fifu_image_alt":"","footnotes":""},"categories":[18,23,154,152],"tags":[],"class_list":["post-1209","post","type-post","status-publish","format-standard","has-post-thumbnail","hentry","category-obera","category-policia-de-misiones","category-red-iguazu","category-red-obera"],"acf":[],"yoast_head":"<!-- This site is optimized with the Yoast SEO plugin v26.7 - https:\/\/yoast.com\/wordpress\/plugins\/seo\/ -->\n<title>Ober\u00e1: detuvieron a un hombre de 30 a\u00f1os acusado de atacar a su hermano con un hacha - Alberdi .UNO - Red Misiones.uno<\/title>\n<meta name=\"robots\" content=\"index, follow, max-snippet:-1, max-image-preview:large, max-video-preview:-1\" \/>\n<link rel=\"canonical\" href=\"https:\/\/alberdi.uno\/index.php\/2026\/02\/22\/obera-detuvieron-a-un-hombre-de-30-anos-acusado-de-atacar-a-su-hermano-con-un-hacha\/\" \/>\n<meta property=\"og:locale\" content=\"es_ES\" \/>\n<meta property=\"og:type\" content=\"article\" \/>\n<meta property=\"og:title\" content=\"Ober\u00e1: detuvieron a un hombre de 30 a\u00f1os acusado de atacar a su hermano con un hacha - Alberdi .UNO - Red Misiones.uno\" \/>\n<meta property=\"og:description\" content=\"AGENCIA MISIONES.UNO | El hecho ocurri\u00f3 en el barrio Villa [...]\" \/>\n<meta property=\"og:url\" content=\"https:\/\/alberdi.uno\/index.php\/2026\/02\/22\/obera-detuvieron-a-un-hombre-de-30-anos-acusado-de-atacar-a-su-hermano-con-un-hacha\/\" \/>\n<meta property=\"og:site_name\" content=\"Alberdi .UNO - Red Misiones.uno\" \/>\n<meta property=\"article:published_time\" content=\"2026-02-22T15:10:53+00:00\" \/>\n<meta property=\"og:image\" content=\"https:\/\/alberdi.uno\/wp-content\/uploads\/2026\/02\/MASTER-FOTOS-ALBERDI-ANIVERSARIO.jpg\" \/>\n\t<meta property=\"og:image:width\" content=\"640\" \/>\n\t<meta property=\"og:image:height\" content=\"800\" \/>\n\t<meta property=\"og:image:type\" content=\"image\/jpeg\" \/>\n<meta name=\"author\" content=\"admin\" \/>\n<meta name=\"twitter:card\" content=\"summary_large_image\" \/>\n<meta name=\"twitter:label1\" content=\"Escrito por\" \/>\n\t<meta name=\"twitter:data1\" content=\"admin\" \/>\n\t<meta name=\"twitter:label2\" content=\"Tiempo de lectura\" \/>\n\t<meta name=\"twitter:data2\" content=\"1 minuto\" \/>\n<script type=\"application\/ld+json\" class=\"yoast-schema-graph\">{\"@context\":\"https:\/\/schema.org\",\"@graph\":[{\"@type\":\"Article\",\"@id\":\"https:\/\/alberdi.uno\/index.php\/2026\/02\/22\/obera-detuvieron-a-un-hombre-de-30-anos-acusado-de-atacar-a-su-hermano-con-un-hacha\/#article\",\"isPartOf\":{\"@id\":\"https:\/\/alberdi.uno\/index.php\/2026\/02\/22\/obera-detuvieron-a-un-hombre-de-30-anos-acusado-de-atacar-a-su-hermano-con-un-hacha\/\"},\"author\":{\"name\":\"admin\",\"@id\":\"https:\/\/alberdi.uno\/#\/schema\/person\/7af09aba735a9b91f78556601849d2c6\"},\"headline\":\"Ober\u00e1: detuvieron a un hombre de 30 a\u00f1os acusado de atacar a su hermano con un hacha\",\"datePublished\":\"2026-02-22T15:10:53+00:00\",\"mainEntityOfPage\":{\"@id\":\"https:\/\/alberdi.uno\/index.php\/2026\/02\/22\/obera-detuvieron-a-un-hombre-de-30-anos-acusado-de-atacar-a-su-hermano-con-un-hacha\/\"},\"wordCount\":225,\"image\":{\"@id\":\"https:\/\/alberdi.uno\/index.php\/2026\/02\/22\/obera-detuvieron-a-un-hombre-de-30-anos-acusado-de-atacar-a-su-hermano-con-un-hacha\/#primaryimage\"},\"thumbnailUrl\":\"https:\/\/alberdi.uno\/wp-content\/uploads\/2026\/02\/poli3-17.jpg\",\"articleSection\":[\"Ober\u00e1\",\"Polic\u00eda de Misiones\",\"Red Iguaz\u00fa\",\"Red Ober\u00e1\"],\"inLanguage\":\"es-AR\"},{\"@type\":\"WebPage\",\"@id\":\"https:\/\/alberdi.uno\/index.php\/2026\/02\/22\/obera-detuvieron-a-un-hombre-de-30-anos-acusado-de-atacar-a-su-hermano-con-un-hacha\/\",\"url\":\"https:\/\/alberdi.uno\/index.php\/2026\/02\/22\/obera-detuvieron-a-un-hombre-de-30-anos-acusado-de-atacar-a-su-hermano-con-un-hacha\/\",\"name\":\"Ober\u00e1: detuvieron a un hombre de 30 a\u00f1os acusado de atacar a su hermano con un hacha - Alberdi .UNO - Red Misiones.uno\",\"isPartOf\":{\"@id\":\"https:\/\/alberdi.uno\/#website\"},\"primaryImageOfPage\":{\"@id\":\"https:\/\/alberdi.uno\/index.php\/2026\/02\/22\/obera-detuvieron-a-un-hombre-de-30-anos-acusado-de-atacar-a-su-hermano-con-un-hacha\/#primaryimage\"},\"image\":{\"@id\":\"https:\/\/alberdi.uno\/index.php\/2026\/02\/22\/obera-detuvieron-a-un-hombre-de-30-anos-acusado-de-atacar-a-su-hermano-con-un-hacha\/#primaryimage\"},\"thumbnailUrl\":\"https:\/\/alberdi.uno\/wp-content\/uploads\/2026\/02\/poli3-17.jpg\",\"datePublished\":\"2026-02-22T15:10:53+00:00\",\"author\":{\"@id\":\"https:\/\/alberdi.uno\/#\/schema\/person\/7af09aba735a9b91f78556601849d2c6\"},\"breadcrumb\":{\"@id\":\"https:\/\/alberdi.uno\/index.php\/2026\/02\/22\/obera-detuvieron-a-un-hombre-de-30-anos-acusado-de-atacar-a-su-hermano-con-un-hacha\/#breadcrumb\"},\"inLanguage\":\"es-AR\",\"potentialAction\":[{\"@type\":\"ReadAction\",\"target\":[\"https:\/\/alberdi.uno\/index.php\/2026\/02\/22\/obera-detuvieron-a-un-hombre-de-30-anos-acusado-de-atacar-a-su-hermano-con-un-hacha\/\"]}]},{\"@type\":\"ImageObject\",\"inLanguage\":\"es-AR\",\"@id\":\"https:\/\/alberdi.uno\/index.php\/2026\/02\/22\/obera-detuvieron-a-un-hombre-de-30-anos-acusado-de-atacar-a-su-hermano-con-un-hacha\/#primaryimage\",\"url\":\"https:\/\/alberdi.uno\/wp-content\/uploads\/2026\/02\/poli3-17.jpg\",\"contentUrl\":\"https:\/\/alberdi.uno\/wp-content\/uploads\/2026\/02\/poli3-17.jpg\",\"width\":640,\"height\":853},{\"@type\":\"BreadcrumbList\",\"@id\":\"https:\/\/alberdi.uno\/index.php\/2026\/02\/22\/obera-detuvieron-a-un-hombre-de-30-anos-acusado-de-atacar-a-su-hermano-con-un-hacha\/#breadcrumb\",\"itemListElement\":[{\"@type\":\"ListItem\",\"position\":1,\"name\":\"Inicio\",\"item\":\"https:\/\/alberdi.uno\/\"},{\"@type\":\"ListItem\",\"position\":2,\"name\":\"Ober\u00e1: detuvieron a un hombre de 30 a\u00f1os acusado de atacar a su hermano con un hacha\"}]},{\"@type\":\"WebSite\",\"@id\":\"https:\/\/alberdi.uno\/#website\",\"url\":\"https:\/\/alberdi.uno\/\",\"name\":\"Alberdi .UNO - Red Misiones.uno\",\"description\":\"Noticias de Colonia Alberdi\",\"potentialAction\":[{\"@type\":\"SearchAction\",\"target\":{\"@type\":\"EntryPoint\",\"urlTemplate\":\"https:\/\/alberdi.uno\/?s={search_term_string}\"},\"query-input\":{\"@type\":\"PropertyValueSpecification\",\"valueRequired\":true,\"valueName\":\"search_term_string\"}}],\"inLanguage\":\"es-AR\"},{\"@type\":\"Person\",\"@id\":\"https:\/\/alberdi.uno\/#\/schema\/person\/7af09aba735a9b91f78556601849d2c6\",\"name\":\"admin\",\"image\":{\"@type\":\"ImageObject\",\"inLanguage\":\"es-AR\",\"@id\":\"https:\/\/alberdi.uno\/#\/schema\/person\/image\/\",\"url\":\"https:\/\/secure.gravatar.com\/avatar\/988cc68d97727f2265e15e4e04f35d45d93f5493d81192c37b6fcdf6407dba8c?s=96&d=mm&r=g\",\"contentUrl\":\"https:\/\/secure.gravatar.com\/avatar\/988cc68d97727f2265e15e4e04f35d45d93f5493d81192c37b6fcdf6407dba8c?s=96&d=mm&r=g\",\"caption\":\"admin\"},\"sameAs\":[\"http:\/\/alberdi.uno\"],\"url\":\"https:\/\/alberdi.uno\/index.php\/author\/admin\/\"}]}<\/script>\n<!-- \/ Yoast SEO plugin. -->","yoast_head_json":{"title":"Ober\u00e1: detuvieron a un hombre de 30 a\u00f1os acusado de atacar a su hermano con un hacha - Alberdi .UNO - Red Misiones.uno","robots":{"index":"index","follow":"follow","max-snippet":"max-snippet:-1","max-image-preview":"max-image-preview:large","max-video-preview":"max-video-preview:-1"},"canonical":"https:\/\/alberdi.uno\/index.php\/2026\/02\/22\/obera-detuvieron-a-un-hombre-de-30-anos-acusado-de-atacar-a-su-hermano-con-un-hacha\/","og_locale":"es_ES","og_type":"article","og_title":"Ober\u00e1: detuvieron a un hombre de 30 a\u00f1os acusado de atacar a su hermano con un hacha - Alberdi .UNO - Red Misiones.uno","og_description":"AGENCIA MISIONES.UNO | El hecho ocurri\u00f3 en el barrio Villa [...]","og_url":"https:\/\/alberdi.uno\/index.php\/2026\/02\/22\/obera-detuvieron-a-un-hombre-de-30-anos-acusado-de-atacar-a-su-hermano-con-un-hacha\/","og_site_name":"Alberdi .UNO - Red Misiones.uno","article_published_time":"2026-02-22T15:10:53+00:00","og_image":[{"width":640,"height":800,"url":"https:\/\/alberdi.uno\/wp-content\/uploads\/2026\/02\/MASTER-FOTOS-ALBERDI-ANIVERSARIO.jpg","type":"image\/jpeg"}],"author":"admin","twitter_card":"summary_large_image","twitter_misc":{"Escrito por":"admin","Tiempo de lectura":"1 minuto"},"schema":{"@context":"https:\/\/schema.org","@graph":[{"@type":"Article","@id":"https:\/\/alberdi.uno\/index.php\/2026\/02\/22\/obera-detuvieron-a-un-hombre-de-30-anos-acusado-de-atacar-a-su-hermano-con-un-hacha\/#article","isPartOf":{"@id":"https:\/\/alberdi.uno\/index.php\/2026\/02\/22\/obera-detuvieron-a-un-hombre-de-30-anos-acusado-de-atacar-a-su-hermano-con-un-hacha\/"},"author":{"name":"admin","@id":"https:\/\/alberdi.uno\/#\/schema\/person\/7af09aba735a9b91f78556601849d2c6"},"headline":"Ober\u00e1: detuvieron a un hombre de 30 a\u00f1os acusado de atacar a su hermano con un hacha","datePublished":"2026-02-22T15:10:53+00:00","mainEntityOfPage":{"@id":"https:\/\/alberdi.uno\/index.php\/2026\/02\/22\/obera-detuvieron-a-un-hombre-de-30-anos-acusado-de-atacar-a-su-hermano-con-un-hacha\/"},"wordCount":225,"image":{"@id":"https:\/\/alberdi.uno\/index.php\/2026\/02\/22\/obera-detuvieron-a-un-hombre-de-30-anos-acusado-de-atacar-a-su-hermano-con-un-hacha\/#primaryimage"},"thumbnailUrl":"https:\/\/alberdi.uno\/wp-content\/uploads\/2026\/02\/poli3-17.jpg","articleSection":["Ober\u00e1","Polic\u00eda de Misiones","Red Iguaz\u00fa","Red Ober\u00e1"],"inLanguage":"es-AR"},{"@type":"WebPage","@id":"https:\/\/alberdi.uno\/index.php\/2026\/02\/22\/obera-detuvieron-a-un-hombre-de-30-anos-acusado-de-atacar-a-su-hermano-con-un-hacha\/","url":"https:\/\/alberdi.uno\/index.php\/2026\/02\/22\/obera-detuvieron-a-un-hombre-de-30-anos-acusado-de-atacar-a-su-hermano-con-un-hacha\/","name":"Ober\u00e1: detuvieron a un hombre de 30 a\u00f1os acusado de atacar a su hermano con un hacha - Alberdi .UNO - Red Misiones.uno","isPartOf":{"@id":"https:\/\/alberdi.uno\/#website"},"primaryImageOfPage":{"@id":"https:\/\/alberdi.uno\/index.php\/2026\/02\/22\/obera-detuvieron-a-un-hombre-de-30-anos-acusado-de-atacar-a-su-hermano-con-un-hacha\/#primaryimage"},"image":{"@id":"https:\/\/alberdi.uno\/index.php\/2026\/02\/22\/obera-detuvieron-a-un-hombre-de-30-anos-acusado-de-atacar-a-su-hermano-con-un-hacha\/#primaryimage"},"thumbnailUrl":"https:\/\/alberdi.uno\/wp-content\/uploads\/2026\/02\/poli3-17.jpg","datePublished":"2026-02-22T15:10:53+00:00","author":{"@id":"https:\/\/alberdi.uno\/#\/schema\/person\/7af09aba735a9b91f78556601849d2c6"},"breadcrumb":{"@id":"https:\/\/alberdi.uno\/index.php\/2026\/02\/22\/obera-detuvieron-a-un-hombre-de-30-anos-acusado-de-atacar-a-su-hermano-con-un-hacha\/#breadcrumb"},"inLanguage":"es-AR","potentialAction":[{"@type":"ReadAction","target":["https:\/\/alberdi.uno\/index.php\/2026\/02\/22\/obera-detuvieron-a-un-hombre-de-30-anos-acusado-de-atacar-a-su-hermano-con-un-hacha\/"]}]},{"@type":"ImageObject","inLanguage":"es-AR","@id":"https:\/\/alberdi.uno\/index.php\/2026\/02\/22\/obera-detuvieron-a-un-hombre-de-30-anos-acusado-de-atacar-a-su-hermano-con-un-hacha\/#primaryimage","url":"https:\/\/alberdi.uno\/wp-content\/uploads\/2026\/02\/poli3-17.jpg","contentUrl":"https:\/\/alberdi.uno\/wp-content\/uploads\/2026\/02\/poli3-17.jpg","width":640,"height":853},{"@type":"BreadcrumbList","@id":"https:\/\/alberdi.uno\/index.php\/2026\/02\/22\/obera-detuvieron-a-un-hombre-de-30-anos-acusado-de-atacar-a-su-hermano-con-un-hacha\/#breadcrumb","itemListElement":[{"@type":"ListItem","position":1,"name":"Inicio","item":"https:\/\/alberdi.uno\/"},{"@type":"ListItem","position":2,"name":"Ober\u00e1: detuvieron a un hombre de 30 a\u00f1os acusado de atacar a su hermano con un hacha"}]},{"@type":"WebSite","@id":"https:\/\/alberdi.uno\/#website","url":"https:\/\/alberdi.uno\/","name":"Alberdi .UNO - Red Misiones.uno","description":"Noticias de Colonia Alberdi","potentialAction":[{"@type":"SearchAction","target":{"@type":"EntryPoint","urlTemplate":"https:\/\/alberdi.uno\/?s={search_term_string}"},"query-input":{"@type":"PropertyValueSpecification","valueRequired":true,"valueName":"search_term_string"}}],"inLanguage":"es-AR"},{"@type":"Person","@id":"https:\/\/alberdi.uno\/#\/schema\/person\/7af09aba735a9b91f78556601849d2c6","name":"admin","image":{"@type":"ImageObject","inLanguage":"es-AR","@id":"https:\/\/alberdi.uno\/#\/schema\/person\/image\/","url":"https:\/\/secure.gravatar.com\/avatar\/988cc68d97727f2265e15e4e04f35d45d93f5493d81192c37b6fcdf6407dba8c?s=96&d=mm&r=g","contentUrl":"https:\/\/secure.gravatar.com\/avatar\/988cc68d97727f2265e15e4e04f35d45d93f5493d81192c37b6fcdf6407dba8c?s=96&d=mm&r=g","caption":"admin"},"sameAs":["http:\/\/alberdi.uno"],"url":"https:\/\/alberdi.uno\/index.php\/author\/admin\/"}]}},"_links":{"self":[{"href":"https:\/\/alberdi.uno\/index.php\/wp-json\/wp\/v2\/posts\/1209","targetHints":{"allow":["GET"]}}],"collection":[{"href":"https:\/\/alberdi.uno\/index.php\/wp-json\/wp\/v2\/posts"}],"about":[{"href":"https:\/\/alberdi.uno\/index.php\/wp-json\/wp\/v2\/types\/post"}],"author":[{"embeddable":true,"href":"https:\/\/alberdi.uno\/index.php\/wp-json\/wp\/v2\/users\/1"}],"replies":[{"embeddable":true,"href":"https:\/\/alberdi.uno\/index.php\/wp-json\/wp\/v2\/comments?post=1209"}],"version-history":[{"count":0,"href":"https:\/\/alberdi.uno\/index.php\/wp-json\/wp\/v2\/posts\/1209\/revisions"}],"wp:featuredmedia":[{"embeddable":true,"href":"https:\/\/alberdi.uno\/index.php\/wp-json\/wp\/v2\/media\/1210"}],"wp:attachment":[{"href":"https:\/\/alberdi.uno\/index.php\/wp-json\/wp\/v2\/media?parent=1209"}],"wp:term":[{"taxonomy":"category","embeddable":true,"href":"https:\/\/alberdi.uno\/index.php\/wp-json\/wp\/v2\/categories?post=1209"},{"taxonomy":"post_tag","embeddable":true,"href":"https:\/\/alberdi.uno\/index.php\/wp-json\/wp\/v2\/tags?post=1209"}],"curies":[{"name":"wp","href":"https:\/\/api.w.org\/{rel}","templated":true}]}}