{"id":1203,"date":"2026-02-22T10:15:26","date_gmt":"2026-02-22T13:15:26","guid":{"rendered":"https:\/\/alberdi.uno\/index.php\/2026\/02\/22\/obera-demoraron-a-tres-adolescentes-y-recuperaron-un-celular-tras-un-robo-en-el-barrio-krause\/"},"modified":"2026-02-22T10:15:26","modified_gmt":"2026-02-22T13:15:26","slug":"obera-demoraron-a-tres-adolescentes-y-recuperaron-un-celular-tras-un-robo-en-el-barrio-krause","status":"publish","type":"post","link":"https:\/\/alberdi.uno\/index.php\/2026\/02\/22\/obera-demoraron-a-tres-adolescentes-y-recuperaron-un-celular-tras-un-robo-en-el-barrio-krause\/","title":{"rendered":"Ober\u00e1: demoraron a tres adolescentes y recuperaron un celular tras un robo en el barrio Krause"},"content":{"rendered":"<div>\n<div>\n<p><strong><a href=\"https:\/\/agenciamisiones.uno\/\">AGENCIA MISIONES.UNO<\/a> | El procedimiento fue realizado por efectivos de la Unidad Regional II luego de la denuncia de una mujer cuyo hijo de 16 a\u00f1os fue asaltado durante la madrugada. El tel\u00e9fono sustra\u00eddo fue recuperado.<\/strong><\/p>\n<p>Un hecho de robo ocurrido en el barrio Krause de Ober\u00e1 deriv\u00f3 en un despliegue policial que permiti\u00f3 esclarecer el caso, recuperar el tel\u00e9fono celular sustra\u00eddo y demorar a tres adolescentes presuntamente involucrados.<\/p>\n<p>La denuncia fue radicada por una mujer de 38 a\u00f1os, quien manifest\u00f3 que su hijo de 16 fue abordado alrededor de las 3:30 de la madrugada mientras circulaba por los pasillos del barrio. Seg\u00fan relat\u00f3, cuatro sujetos lo interceptaron y uno de ellos exhibi\u00f3 un cuchillo, bajo amenazas, para sustraerle el tel\u00e9fono celular.<\/p>\n<p>A partir de la presentaci\u00f3n, efectivos de la Divisi\u00f3n Comando Radioel\u00e9ctrico, dependiente de la Unidad Regional II, iniciaron tareas investigativas que permitieron establecer la presunta vinculaci\u00f3n de tres menores en el hecho.<\/p>\n<p>Por disposici\u00f3n del magistrado interviniente, los adolescentes fueron demorados y trasladados al Ce.Mo.As., para luego ser entregados a sus progenitores para guarda y cuidado. En el procedimiento tambi\u00e9n se incaut\u00f3 el tel\u00e9fono denunciado como robado. Las actuaciones contin\u00faan bajo intervenci\u00f3n judicial.<\/p>\n<p><img decoding=\"async\" class=\"aligncenter size-full wp-image-999\" src=\"https:\/\/alberdi.uno\/wp-content\/uploads\/2026\/02\/policia1-17-1.jpg\" sizes=\"(max-width: 640px) 100vw, 640px\" srcset=\"https:\/\/agenciamisiones.uno\/wp-content\/uploads\/2026\/02\/policia1-17-200x267.jpg 200w, https:\/\/agenciamisiones.uno\/wp-content\/uploads\/2026\/02\/policia1-17-225x300.jpg 225w, https:\/\/agenciamisiones.uno\/wp-content\/uploads\/2026\/02\/policia1-17-400x533.jpg 400w, https:\/\/agenciamisiones.uno\/wp-content\/uploads\/2026\/02\/policia1-17-600x800.jpg 600w, https:\/\/alberdi.uno\/wp-content\/uploads\/2026\/02\/policia1-17-1.jpg 640w\" alt=\"\" width=\"640\" height=\"853\"><\/p>\n<p>La entrada <a href=\"https:\/\/agenciamisiones.uno\/obera-demoraron-a-tres-adolescentes-y-recuperaron-un-celular-tras-un-robo-en-el-barrio-krause\/\">Ober\u00e1: demoraron a tres adolescentes y recuperaron un celular tras un robo en el barrio Krause<\/a> se public\u00f3 primero en <a href=\"https:\/\/agenciamisiones.uno\/\">Agencia Misiones.uno<\/a>.<\/p>\n<\/div>\n<\/div>\n","protected":false},"excerpt":{"rendered":"<p>AGENCIA MISIONES.UNO | El procedimiento fue realizado por efectivos de  [&#8230;]<\/p>\n","protected":false},"author":1,"featured_media":1204,"comment_status":"closed","ping_status":"closed","sticky":false,"template":"","format":"standard","meta":{"fifu_image_url":"","fifu_image_alt":"","footnotes":""},"categories":[18,23,152,153],"tags":[],"class_list":["post-1203","post","type-post","status-publish","format-standard","has-post-thumbnail","hentry","category-obera","category-policia-de-misiones","category-red-obera","category-seguridad"],"acf":[],"yoast_head":"<!-- This site is optimized with the Yoast SEO plugin v26.7 - https:\/\/yoast.com\/wordpress\/plugins\/seo\/ -->\n<title>Ober\u00e1: demoraron a tres adolescentes y recuperaron un celular tras un robo en el barrio Krause - Alberdi .UNO - Red Misiones.uno<\/title>\n<meta name=\"robots\" content=\"index, follow, max-snippet:-1, max-image-preview:large, max-video-preview:-1\" \/>\n<link rel=\"canonical\" href=\"https:\/\/alberdi.uno\/index.php\/2026\/02\/22\/obera-demoraron-a-tres-adolescentes-y-recuperaron-un-celular-tras-un-robo-en-el-barrio-krause\/\" \/>\n<meta property=\"og:locale\" content=\"es_ES\" \/>\n<meta property=\"og:type\" content=\"article\" \/>\n<meta property=\"og:title\" content=\"Ober\u00e1: demoraron a tres adolescentes y recuperaron un celular tras un robo en el barrio Krause - Alberdi .UNO - Red Misiones.uno\" \/>\n<meta property=\"og:description\" content=\"AGENCIA MISIONES.UNO | El procedimiento fue realizado por efectivos de [...]\" \/>\n<meta property=\"og:url\" content=\"https:\/\/alberdi.uno\/index.php\/2026\/02\/22\/obera-demoraron-a-tres-adolescentes-y-recuperaron-un-celular-tras-un-robo-en-el-barrio-krause\/\" \/>\n<meta property=\"og:site_name\" content=\"Alberdi .UNO - Red Misiones.uno\" \/>\n<meta property=\"article:published_time\" content=\"2026-02-22T13:15:26+00:00\" \/>\n<meta property=\"og:image\" content=\"https:\/\/alberdi.uno\/wp-content\/uploads\/2026\/02\/MASTER-FOTOS-BOMBEROS-POLICIAS.jpg\" \/>\n\t<meta property=\"og:image:width\" content=\"640\" \/>\n\t<meta property=\"og:image:height\" content=\"853\" \/>\n\t<meta property=\"og:image:type\" content=\"image\/jpeg\" \/>\n<meta name=\"author\" content=\"admin\" \/>\n<meta name=\"twitter:card\" content=\"summary_large_image\" \/>\n<meta name=\"twitter:label1\" content=\"Escrito por\" \/>\n\t<meta name=\"twitter:data1\" content=\"admin\" \/>\n\t<meta name=\"twitter:label2\" content=\"Tiempo de lectura\" \/>\n\t<meta name=\"twitter:data2\" content=\"1 minuto\" \/>\n<script type=\"application\/ld+json\" class=\"yoast-schema-graph\">{\"@context\":\"https:\/\/schema.org\",\"@graph\":[{\"@type\":\"Article\",\"@id\":\"https:\/\/alberdi.uno\/index.php\/2026\/02\/22\/obera-demoraron-a-tres-adolescentes-y-recuperaron-un-celular-tras-un-robo-en-el-barrio-krause\/#article\",\"isPartOf\":{\"@id\":\"https:\/\/alberdi.uno\/index.php\/2026\/02\/22\/obera-demoraron-a-tres-adolescentes-y-recuperaron-un-celular-tras-un-robo-en-el-barrio-krause\/\"},\"author\":{\"name\":\"admin\",\"@id\":\"https:\/\/alberdi.uno\/#\/schema\/person\/7af09aba735a9b91f78556601849d2c6\"},\"headline\":\"Ober\u00e1: demoraron a tres adolescentes y recuperaron un celular tras un robo en el barrio Krause\",\"datePublished\":\"2026-02-22T13:15:26+00:00\",\"mainEntityOfPage\":{\"@id\":\"https:\/\/alberdi.uno\/index.php\/2026\/02\/22\/obera-demoraron-a-tres-adolescentes-y-recuperaron-un-celular-tras-un-robo-en-el-barrio-krause\/\"},\"wordCount\":251,\"image\":{\"@id\":\"https:\/\/alberdi.uno\/index.php\/2026\/02\/22\/obera-demoraron-a-tres-adolescentes-y-recuperaron-un-celular-tras-un-robo-en-el-barrio-krause\/#primaryimage\"},\"thumbnailUrl\":\"https:\/\/alberdi.uno\/wp-content\/uploads\/2026\/02\/POLICIA3-10.jpg\",\"articleSection\":[\"Ober\u00e1\",\"Polic\u00eda de Misiones\",\"Red Ober\u00e1\",\"Seguridad\"],\"inLanguage\":\"es-AR\"},{\"@type\":\"WebPage\",\"@id\":\"https:\/\/alberdi.uno\/index.php\/2026\/02\/22\/obera-demoraron-a-tres-adolescentes-y-recuperaron-un-celular-tras-un-robo-en-el-barrio-krause\/\",\"url\":\"https:\/\/alberdi.uno\/index.php\/2026\/02\/22\/obera-demoraron-a-tres-adolescentes-y-recuperaron-un-celular-tras-un-robo-en-el-barrio-krause\/\",\"name\":\"Ober\u00e1: demoraron a tres adolescentes y recuperaron un celular tras un robo en el barrio Krause - Alberdi .UNO - Red Misiones.uno\",\"isPartOf\":{\"@id\":\"https:\/\/alberdi.uno\/#website\"},\"primaryImageOfPage\":{\"@id\":\"https:\/\/alberdi.uno\/index.php\/2026\/02\/22\/obera-demoraron-a-tres-adolescentes-y-recuperaron-un-celular-tras-un-robo-en-el-barrio-krause\/#primaryimage\"},\"image\":{\"@id\":\"https:\/\/alberdi.uno\/index.php\/2026\/02\/22\/obera-demoraron-a-tres-adolescentes-y-recuperaron-un-celular-tras-un-robo-en-el-barrio-krause\/#primaryimage\"},\"thumbnailUrl\":\"https:\/\/alberdi.uno\/wp-content\/uploads\/2026\/02\/POLICIA3-10.jpg\",\"datePublished\":\"2026-02-22T13:15:26+00:00\",\"author\":{\"@id\":\"https:\/\/alberdi.uno\/#\/schema\/person\/7af09aba735a9b91f78556601849d2c6\"},\"breadcrumb\":{\"@id\":\"https:\/\/alberdi.uno\/index.php\/2026\/02\/22\/obera-demoraron-a-tres-adolescentes-y-recuperaron-un-celular-tras-un-robo-en-el-barrio-krause\/#breadcrumb\"},\"inLanguage\":\"es-AR\",\"potentialAction\":[{\"@type\":\"ReadAction\",\"target\":[\"https:\/\/alberdi.uno\/index.php\/2026\/02\/22\/obera-demoraron-a-tres-adolescentes-y-recuperaron-un-celular-tras-un-robo-en-el-barrio-krause\/\"]}]},{\"@type\":\"ImageObject\",\"inLanguage\":\"es-AR\",\"@id\":\"https:\/\/alberdi.uno\/index.php\/2026\/02\/22\/obera-demoraron-a-tres-adolescentes-y-recuperaron-un-celular-tras-un-robo-en-el-barrio-krause\/#primaryimage\",\"url\":\"https:\/\/alberdi.uno\/wp-content\/uploads\/2026\/02\/POLICIA3-10.jpg\",\"contentUrl\":\"https:\/\/alberdi.uno\/wp-content\/uploads\/2026\/02\/POLICIA3-10.jpg\",\"width\":640,\"height\":853},{\"@type\":\"BreadcrumbList\",\"@id\":\"https:\/\/alberdi.uno\/index.php\/2026\/02\/22\/obera-demoraron-a-tres-adolescentes-y-recuperaron-un-celular-tras-un-robo-en-el-barrio-krause\/#breadcrumb\",\"itemListElement\":[{\"@type\":\"ListItem\",\"position\":1,\"name\":\"Inicio\",\"item\":\"https:\/\/alberdi.uno\/\"},{\"@type\":\"ListItem\",\"position\":2,\"name\":\"Ober\u00e1: demoraron a tres adolescentes y recuperaron un celular tras un robo en el barrio Krause\"}]},{\"@type\":\"WebSite\",\"@id\":\"https:\/\/alberdi.uno\/#website\",\"url\":\"https:\/\/alberdi.uno\/\",\"name\":\"Alberdi .UNO - Red Misiones.uno\",\"description\":\"Noticias de Colonia Alberdi\",\"potentialAction\":[{\"@type\":\"SearchAction\",\"target\":{\"@type\":\"EntryPoint\",\"urlTemplate\":\"https:\/\/alberdi.uno\/?s={search_term_string}\"},\"query-input\":{\"@type\":\"PropertyValueSpecification\",\"valueRequired\":true,\"valueName\":\"search_term_string\"}}],\"inLanguage\":\"es-AR\"},{\"@type\":\"Person\",\"@id\":\"https:\/\/alberdi.uno\/#\/schema\/person\/7af09aba735a9b91f78556601849d2c6\",\"name\":\"admin\",\"image\":{\"@type\":\"ImageObject\",\"inLanguage\":\"es-AR\",\"@id\":\"https:\/\/alberdi.uno\/#\/schema\/person\/image\/\",\"url\":\"https:\/\/secure.gravatar.com\/avatar\/988cc68d97727f2265e15e4e04f35d45d93f5493d81192c37b6fcdf6407dba8c?s=96&d=mm&r=g\",\"contentUrl\":\"https:\/\/secure.gravatar.com\/avatar\/988cc68d97727f2265e15e4e04f35d45d93f5493d81192c37b6fcdf6407dba8c?s=96&d=mm&r=g\",\"caption\":\"admin\"},\"sameAs\":[\"http:\/\/alberdi.uno\"],\"url\":\"https:\/\/alberdi.uno\/index.php\/author\/admin\/\"}]}<\/script>\n<!-- \/ Yoast SEO plugin. -->","yoast_head_json":{"title":"Ober\u00e1: demoraron a tres adolescentes y recuperaron un celular tras un robo en el barrio Krause - Alberdi .UNO - Red Misiones.uno","robots":{"index":"index","follow":"follow","max-snippet":"max-snippet:-1","max-image-preview":"max-image-preview:large","max-video-preview":"max-video-preview:-1"},"canonical":"https:\/\/alberdi.uno\/index.php\/2026\/02\/22\/obera-demoraron-a-tres-adolescentes-y-recuperaron-un-celular-tras-un-robo-en-el-barrio-krause\/","og_locale":"es_ES","og_type":"article","og_title":"Ober\u00e1: demoraron a tres adolescentes y recuperaron un celular tras un robo en el barrio Krause - Alberdi .UNO - Red Misiones.uno","og_description":"AGENCIA MISIONES.UNO | El procedimiento fue realizado por efectivos de [...]","og_url":"https:\/\/alberdi.uno\/index.php\/2026\/02\/22\/obera-demoraron-a-tres-adolescentes-y-recuperaron-un-celular-tras-un-robo-en-el-barrio-krause\/","og_site_name":"Alberdi .UNO - Red Misiones.uno","article_published_time":"2026-02-22T13:15:26+00:00","og_image":[{"width":640,"height":853,"url":"https:\/\/alberdi.uno\/wp-content\/uploads\/2026\/02\/MASTER-FOTOS-BOMBEROS-POLICIAS.jpg","type":"image\/jpeg"}],"author":"admin","twitter_card":"summary_large_image","twitter_misc":{"Escrito por":"admin","Tiempo de lectura":"1 minuto"},"schema":{"@context":"https:\/\/schema.org","@graph":[{"@type":"Article","@id":"https:\/\/alberdi.uno\/index.php\/2026\/02\/22\/obera-demoraron-a-tres-adolescentes-y-recuperaron-un-celular-tras-un-robo-en-el-barrio-krause\/#article","isPartOf":{"@id":"https:\/\/alberdi.uno\/index.php\/2026\/02\/22\/obera-demoraron-a-tres-adolescentes-y-recuperaron-un-celular-tras-un-robo-en-el-barrio-krause\/"},"author":{"name":"admin","@id":"https:\/\/alberdi.uno\/#\/schema\/person\/7af09aba735a9b91f78556601849d2c6"},"headline":"Ober\u00e1: demoraron a tres adolescentes y recuperaron un celular tras un robo en el barrio Krause","datePublished":"2026-02-22T13:15:26+00:00","mainEntityOfPage":{"@id":"https:\/\/alberdi.uno\/index.php\/2026\/02\/22\/obera-demoraron-a-tres-adolescentes-y-recuperaron-un-celular-tras-un-robo-en-el-barrio-krause\/"},"wordCount":251,"image":{"@id":"https:\/\/alberdi.uno\/index.php\/2026\/02\/22\/obera-demoraron-a-tres-adolescentes-y-recuperaron-un-celular-tras-un-robo-en-el-barrio-krause\/#primaryimage"},"thumbnailUrl":"https:\/\/alberdi.uno\/wp-content\/uploads\/2026\/02\/POLICIA3-10.jpg","articleSection":["Ober\u00e1","Polic\u00eda de Misiones","Red Ober\u00e1","Seguridad"],"inLanguage":"es-AR"},{"@type":"WebPage","@id":"https:\/\/alberdi.uno\/index.php\/2026\/02\/22\/obera-demoraron-a-tres-adolescentes-y-recuperaron-un-celular-tras-un-robo-en-el-barrio-krause\/","url":"https:\/\/alberdi.uno\/index.php\/2026\/02\/22\/obera-demoraron-a-tres-adolescentes-y-recuperaron-un-celular-tras-un-robo-en-el-barrio-krause\/","name":"Ober\u00e1: demoraron a tres adolescentes y recuperaron un celular tras un robo en el barrio Krause - Alberdi .UNO - Red Misiones.uno","isPartOf":{"@id":"https:\/\/alberdi.uno\/#website"},"primaryImageOfPage":{"@id":"https:\/\/alberdi.uno\/index.php\/2026\/02\/22\/obera-demoraron-a-tres-adolescentes-y-recuperaron-un-celular-tras-un-robo-en-el-barrio-krause\/#primaryimage"},"image":{"@id":"https:\/\/alberdi.uno\/index.php\/2026\/02\/22\/obera-demoraron-a-tres-adolescentes-y-recuperaron-un-celular-tras-un-robo-en-el-barrio-krause\/#primaryimage"},"thumbnailUrl":"https:\/\/alberdi.uno\/wp-content\/uploads\/2026\/02\/POLICIA3-10.jpg","datePublished":"2026-02-22T13:15:26+00:00","author":{"@id":"https:\/\/alberdi.uno\/#\/schema\/person\/7af09aba735a9b91f78556601849d2c6"},"breadcrumb":{"@id":"https:\/\/alberdi.uno\/index.php\/2026\/02\/22\/obera-demoraron-a-tres-adolescentes-y-recuperaron-un-celular-tras-un-robo-en-el-barrio-krause\/#breadcrumb"},"inLanguage":"es-AR","potentialAction":[{"@type":"ReadAction","target":["https:\/\/alberdi.uno\/index.php\/2026\/02\/22\/obera-demoraron-a-tres-adolescentes-y-recuperaron-un-celular-tras-un-robo-en-el-barrio-krause\/"]}]},{"@type":"ImageObject","inLanguage":"es-AR","@id":"https:\/\/alberdi.uno\/index.php\/2026\/02\/22\/obera-demoraron-a-tres-adolescentes-y-recuperaron-un-celular-tras-un-robo-en-el-barrio-krause\/#primaryimage","url":"https:\/\/alberdi.uno\/wp-content\/uploads\/2026\/02\/POLICIA3-10.jpg","contentUrl":"https:\/\/alberdi.uno\/wp-content\/uploads\/2026\/02\/POLICIA3-10.jpg","width":640,"height":853},{"@type":"BreadcrumbList","@id":"https:\/\/alberdi.uno\/index.php\/2026\/02\/22\/obera-demoraron-a-tres-adolescentes-y-recuperaron-un-celular-tras-un-robo-en-el-barrio-krause\/#breadcrumb","itemListElement":[{"@type":"ListItem","position":1,"name":"Inicio","item":"https:\/\/alberdi.uno\/"},{"@type":"ListItem","position":2,"name":"Ober\u00e1: demoraron a tres adolescentes y recuperaron un celular tras un robo en el barrio Krause"}]},{"@type":"WebSite","@id":"https:\/\/alberdi.uno\/#website","url":"https:\/\/alberdi.uno\/","name":"Alberdi .UNO - Red Misiones.uno","description":"Noticias de Colonia Alberdi","potentialAction":[{"@type":"SearchAction","target":{"@type":"EntryPoint","urlTemplate":"https:\/\/alberdi.uno\/?s={search_term_string}"},"query-input":{"@type":"PropertyValueSpecification","valueRequired":true,"valueName":"search_term_string"}}],"inLanguage":"es-AR"},{"@type":"Person","@id":"https:\/\/alberdi.uno\/#\/schema\/person\/7af09aba735a9b91f78556601849d2c6","name":"admin","image":{"@type":"ImageObject","inLanguage":"es-AR","@id":"https:\/\/alberdi.uno\/#\/schema\/person\/image\/","url":"https:\/\/secure.gravatar.com\/avatar\/988cc68d97727f2265e15e4e04f35d45d93f5493d81192c37b6fcdf6407dba8c?s=96&d=mm&r=g","contentUrl":"https:\/\/secure.gravatar.com\/avatar\/988cc68d97727f2265e15e4e04f35d45d93f5493d81192c37b6fcdf6407dba8c?s=96&d=mm&r=g","caption":"admin"},"sameAs":["http:\/\/alberdi.uno"],"url":"https:\/\/alberdi.uno\/index.php\/author\/admin\/"}]}},"_links":{"self":[{"href":"https:\/\/alberdi.uno\/index.php\/wp-json\/wp\/v2\/posts\/1203","targetHints":{"allow":["GET"]}}],"collection":[{"href":"https:\/\/alberdi.uno\/index.php\/wp-json\/wp\/v2\/posts"}],"about":[{"href":"https:\/\/alberdi.uno\/index.php\/wp-json\/wp\/v2\/types\/post"}],"author":[{"embeddable":true,"href":"https:\/\/alberdi.uno\/index.php\/wp-json\/wp\/v2\/users\/1"}],"replies":[{"embeddable":true,"href":"https:\/\/alberdi.uno\/index.php\/wp-json\/wp\/v2\/comments?post=1203"}],"version-history":[{"count":0,"href":"https:\/\/alberdi.uno\/index.php\/wp-json\/wp\/v2\/posts\/1203\/revisions"}],"wp:featuredmedia":[{"embeddable":true,"href":"https:\/\/alberdi.uno\/index.php\/wp-json\/wp\/v2\/media\/1204"}],"wp:attachment":[{"href":"https:\/\/alberdi.uno\/index.php\/wp-json\/wp\/v2\/media?parent=1203"}],"wp:term":[{"taxonomy":"category","embeddable":true,"href":"https:\/\/alberdi.uno\/index.php\/wp-json\/wp\/v2\/categories?post=1203"},{"taxonomy":"post_tag","embeddable":true,"href":"https:\/\/alberdi.uno\/index.php\/wp-json\/wp\/v2\/tags?post=1203"}],"curies":[{"name":"wp","href":"https:\/\/api.w.org\/{rel}","templated":true}]}}