{"id":1197,"date":"2026-02-21T19:03:18","date_gmt":"2026-02-21T22:03:18","guid":{"rendered":"https:\/\/alberdi.uno\/index.php\/2026\/02\/21\/25-de-mayo-detuvieron-a-un-hombre-por-disturbios-y-le-secuestraron-marihuana-antes-de-ingresar-a-la-celda\/"},"modified":"2026-02-21T19:03:18","modified_gmt":"2026-02-21T22:03:18","slug":"25-de-mayo-detuvieron-a-un-hombre-por-disturbios-y-le-secuestraron-marihuana-antes-de-ingresar-a-la-celda","status":"publish","type":"post","link":"https:\/\/alberdi.uno\/index.php\/2026\/02\/21\/25-de-mayo-detuvieron-a-un-hombre-por-disturbios-y-le-secuestraron-marihuana-antes-de-ingresar-a-la-celda\/","title":{"rendered":"25 de Mayo: detuvieron a un hombre por disturbios y le secuestraron marihuana antes de ingresar a la celda"},"content":{"rendered":"<div>\n<div>\n<p><strong><a href=\"https:\/\/agenciamisiones.uno\/\">AGENCIA MISIONES.UNO<\/a> | Un hombre de 37 a\u00f1os fue aprehendido en 25 de Mayo por disturbios en la v\u00eda p\u00fablica y, durante el control previo a su alojamiento, la Polic\u00eda detect\u00f3 marihuana entre sus pertenencias.<\/strong><\/p>\n<p>El procedimiento se llev\u00f3 a cabo en el \u00e1mbito de la Unidad Regional XI, luego de que el implicado fuera demorado por generar disturbios en la v\u00eda p\u00fablica. Al momento de realizar el control reglamentario de sus efectos personales, previo al alojamiento en sede policial, los efectivos advirtieron la presencia de un envoltorio en una ri\u00f1onera que exhib\u00eda el aprehendido.<\/p>\n<p>Con la presencia de testigos, intervino la Divisi\u00f3n Drogas Peligrosas de la Unidad Regional XI, que efectu\u00f3 el test orientativo correspondiente para determinar la sustancia hallada. La prueba arroj\u00f3 resultado positivo para Cannabis Sativa, procedi\u00e9ndose al secuestro del material.<\/p>\n<p>Tomaron intervenci\u00f3n la Fiscal\u00eda y el Juzgado Federal de Ober\u00e1, que dispusieron las actuaciones de rigor conforme a la normativa vigente.<\/p>\n<p><img decoding=\"async\" class=\"aligncenter size-full wp-image-937\" src=\"https:\/\/alberdi.uno\/wp-content\/uploads\/2026\/02\/POLICIA4-2.jpg\" sizes=\"(max-width: 640px) 100vw, 640px\" srcset=\"https:\/\/agenciamisiones.uno\/wp-content\/uploads\/2026\/02\/POLICIA4-2-200x267.jpg 200w, https:\/\/agenciamisiones.uno\/wp-content\/uploads\/2026\/02\/POLICIA4-2-225x300.jpg 225w, https:\/\/agenciamisiones.uno\/wp-content\/uploads\/2026\/02\/POLICIA4-2-400x533.jpg 400w, https:\/\/agenciamisiones.uno\/wp-content\/uploads\/2026\/02\/POLICIA4-2-600x800.jpg 600w, https:\/\/alberdi.uno\/wp-content\/uploads\/2026\/02\/POLICIA4-2.jpg 640w\" alt=\"\" width=\"640\" height=\"853\"> <img decoding=\"async\" class=\"aligncenter size-full wp-image-938\" src=\"https:\/\/alberdi.uno\/wp-content\/uploads\/2026\/02\/POLICIA3-3.jpg\" sizes=\"(max-width: 640px) 100vw, 640px\" srcset=\"https:\/\/agenciamisiones.uno\/wp-content\/uploads\/2026\/02\/POLICIA3-3-200x267.jpg 200w, https:\/\/agenciamisiones.uno\/wp-content\/uploads\/2026\/02\/POLICIA3-3-225x300.jpg 225w, https:\/\/agenciamisiones.uno\/wp-content\/uploads\/2026\/02\/POLICIA3-3-400x533.jpg 400w, https:\/\/agenciamisiones.uno\/wp-content\/uploads\/2026\/02\/POLICIA3-3-600x800.jpg 600w, https:\/\/alberdi.uno\/wp-content\/uploads\/2026\/02\/POLICIA3-3.jpg 640w\" alt=\"\" width=\"640\" height=\"853\"> <img decoding=\"async\" class=\"aligncenter size-full wp-image-939\" src=\"https:\/\/alberdi.uno\/wp-content\/uploads\/2026\/02\/policia2-9-1.jpg\" sizes=\"(max-width: 640px) 100vw, 640px\" srcset=\"https:\/\/agenciamisiones.uno\/wp-content\/uploads\/2026\/02\/policia2-9-200x267.jpg 200w, https:\/\/agenciamisiones.uno\/wp-content\/uploads\/2026\/02\/policia2-9-225x300.jpg 225w, https:\/\/agenciamisiones.uno\/wp-content\/uploads\/2026\/02\/policia2-9-400x533.jpg 400w, https:\/\/agenciamisiones.uno\/wp-content\/uploads\/2026\/02\/policia2-9-600x800.jpg 600w, https:\/\/alberdi.uno\/wp-content\/uploads\/2026\/02\/policia2-9-1.jpg 640w\" alt=\"\" width=\"640\" height=\"853\"> <img decoding=\"async\" class=\"aligncenter size-full wp-image-940\" src=\"https:\/\/alberdi.uno\/wp-content\/uploads\/2026\/02\/policia1-15-1.jpg\" sizes=\"(max-width: 640px) 100vw, 640px\" srcset=\"https:\/\/agenciamisiones.uno\/wp-content\/uploads\/2026\/02\/policia1-15-200x267.jpg 200w, https:\/\/agenciamisiones.uno\/wp-content\/uploads\/2026\/02\/policia1-15-225x300.jpg 225w, https:\/\/agenciamisiones.uno\/wp-content\/uploads\/2026\/02\/policia1-15-400x533.jpg 400w, https:\/\/agenciamisiones.uno\/wp-content\/uploads\/2026\/02\/policia1-15-600x800.jpg 600w, https:\/\/alberdi.uno\/wp-content\/uploads\/2026\/02\/policia1-15-1.jpg 640w\" alt=\"\" width=\"640\" height=\"853\"><\/p>\n<p>La entrada <a href=\"https:\/\/agenciamisiones.uno\/25-de-mayo-detuvieron-a-un-hombre-por-disturbios-y-le-secuestraron-marihuana-antes-de-ingresar-a-la-celda\/\">25 de Mayo: detuvieron a un hombre por disturbios y le secuestraron marihuana antes de ingresar a la celda<\/a> se public\u00f3 primero en <a href=\"https:\/\/agenciamisiones.uno\/\">Agencia Misiones.uno<\/a>.<\/p>\n<\/div>\n<\/div>\n","protected":false},"excerpt":{"rendered":"<p>AGENCIA MISIONES.UNO | Un hombre de 37 a\u00f1os fue aprehendido  [&#8230;]<\/p>\n","protected":false},"author":1,"featured_media":1198,"comment_status":"closed","ping_status":"closed","sticky":false,"template":"","format":"standard","meta":{"fifu_image_url":"","fifu_image_alt":"","footnotes":""},"categories":[135,23,152,153],"tags":[],"class_list":["post-1197","post","type-post","status-publish","format-standard","has-post-thumbnail","hentry","category-25-de-mayo","category-policia-de-misiones","category-red-obera","category-seguridad"],"acf":[],"yoast_head":"<!-- This site is optimized with the Yoast SEO plugin v26.7 - https:\/\/yoast.com\/wordpress\/plugins\/seo\/ -->\n<title>25 de Mayo: detuvieron a un hombre por disturbios y le secuestraron marihuana antes de ingresar a la celda - Alberdi .UNO - Red Misiones.uno<\/title>\n<meta name=\"robots\" content=\"index, follow, max-snippet:-1, max-image-preview:large, max-video-preview:-1\" \/>\n<link rel=\"canonical\" href=\"https:\/\/alberdi.uno\/index.php\/2026\/02\/21\/25-de-mayo-detuvieron-a-un-hombre-por-disturbios-y-le-secuestraron-marihuana-antes-de-ingresar-a-la-celda\/\" \/>\n<meta property=\"og:locale\" content=\"es_ES\" \/>\n<meta property=\"og:type\" content=\"article\" \/>\n<meta property=\"og:title\" content=\"25 de Mayo: detuvieron a un hombre por disturbios y le secuestraron marihuana antes de ingresar a la celda - Alberdi .UNO - Red Misiones.uno\" \/>\n<meta property=\"og:description\" content=\"AGENCIA MISIONES.UNO | Un hombre de 37 a\u00f1os fue aprehendido [...]\" \/>\n<meta property=\"og:url\" content=\"https:\/\/alberdi.uno\/index.php\/2026\/02\/21\/25-de-mayo-detuvieron-a-un-hombre-por-disturbios-y-le-secuestraron-marihuana-antes-de-ingresar-a-la-celda\/\" \/>\n<meta property=\"og:site_name\" content=\"Alberdi .UNO - Red Misiones.uno\" \/>\n<meta property=\"article:published_time\" content=\"2026-02-21T22:03:18+00:00\" \/>\n<meta property=\"og:image\" content=\"https:\/\/alberdi.uno\/wp-content\/uploads\/2026\/02\/SARTOR2.jpg\" \/>\n\t<meta property=\"og:image:width\" content=\"640\" \/>\n\t<meta property=\"og:image:height\" content=\"853\" \/>\n\t<meta property=\"og:image:type\" content=\"image\/jpeg\" \/>\n<meta name=\"author\" content=\"admin\" \/>\n<meta name=\"twitter:card\" content=\"summary_large_image\" \/>\n<meta name=\"twitter:label1\" content=\"Escrito por\" \/>\n\t<meta name=\"twitter:data1\" content=\"admin\" \/>\n\t<meta name=\"twitter:label2\" content=\"Tiempo de lectura\" \/>\n\t<meta name=\"twitter:data2\" content=\"1 minuto\" \/>\n<script type=\"application\/ld+json\" class=\"yoast-schema-graph\">{\"@context\":\"https:\/\/schema.org\",\"@graph\":[{\"@type\":\"Article\",\"@id\":\"https:\/\/alberdi.uno\/index.php\/2026\/02\/21\/25-de-mayo-detuvieron-a-un-hombre-por-disturbios-y-le-secuestraron-marihuana-antes-de-ingresar-a-la-celda\/#article\",\"isPartOf\":{\"@id\":\"https:\/\/alberdi.uno\/index.php\/2026\/02\/21\/25-de-mayo-detuvieron-a-un-hombre-por-disturbios-y-le-secuestraron-marihuana-antes-de-ingresar-a-la-celda\/\"},\"author\":{\"name\":\"admin\",\"@id\":\"https:\/\/alberdi.uno\/#\/schema\/person\/7af09aba735a9b91f78556601849d2c6\"},\"headline\":\"25 de Mayo: detuvieron a un hombre por disturbios y le secuestraron marihuana antes de ingresar a la celda\",\"datePublished\":\"2026-02-21T22:03:18+00:00\",\"mainEntityOfPage\":{\"@id\":\"https:\/\/alberdi.uno\/index.php\/2026\/02\/21\/25-de-mayo-detuvieron-a-un-hombre-por-disturbios-y-le-secuestraron-marihuana-antes-de-ingresar-a-la-celda\/\"},\"wordCount\":210,\"image\":{\"@id\":\"https:\/\/alberdi.uno\/index.php\/2026\/02\/21\/25-de-mayo-detuvieron-a-un-hombre-por-disturbios-y-le-secuestraron-marihuana-antes-de-ingresar-a-la-celda\/#primaryimage\"},\"thumbnailUrl\":\"https:\/\/alberdi.uno\/wp-content\/uploads\/2026\/02\/POLICIA6.jpg\",\"articleSection\":[\"25 de Mayo\",\"Polic\u00eda de Misiones\",\"Red Ober\u00e1\",\"Seguridad\"],\"inLanguage\":\"es-AR\"},{\"@type\":\"WebPage\",\"@id\":\"https:\/\/alberdi.uno\/index.php\/2026\/02\/21\/25-de-mayo-detuvieron-a-un-hombre-por-disturbios-y-le-secuestraron-marihuana-antes-de-ingresar-a-la-celda\/\",\"url\":\"https:\/\/alberdi.uno\/index.php\/2026\/02\/21\/25-de-mayo-detuvieron-a-un-hombre-por-disturbios-y-le-secuestraron-marihuana-antes-de-ingresar-a-la-celda\/\",\"name\":\"25 de Mayo: detuvieron a un hombre por disturbios y le secuestraron marihuana antes de ingresar a la celda - Alberdi .UNO - Red Misiones.uno\",\"isPartOf\":{\"@id\":\"https:\/\/alberdi.uno\/#website\"},\"primaryImageOfPage\":{\"@id\":\"https:\/\/alberdi.uno\/index.php\/2026\/02\/21\/25-de-mayo-detuvieron-a-un-hombre-por-disturbios-y-le-secuestraron-marihuana-antes-de-ingresar-a-la-celda\/#primaryimage\"},\"image\":{\"@id\":\"https:\/\/alberdi.uno\/index.php\/2026\/02\/21\/25-de-mayo-detuvieron-a-un-hombre-por-disturbios-y-le-secuestraron-marihuana-antes-de-ingresar-a-la-celda\/#primaryimage\"},\"thumbnailUrl\":\"https:\/\/alberdi.uno\/wp-content\/uploads\/2026\/02\/POLICIA6.jpg\",\"datePublished\":\"2026-02-21T22:03:18+00:00\",\"author\":{\"@id\":\"https:\/\/alberdi.uno\/#\/schema\/person\/7af09aba735a9b91f78556601849d2c6\"},\"breadcrumb\":{\"@id\":\"https:\/\/alberdi.uno\/index.php\/2026\/02\/21\/25-de-mayo-detuvieron-a-un-hombre-por-disturbios-y-le-secuestraron-marihuana-antes-de-ingresar-a-la-celda\/#breadcrumb\"},\"inLanguage\":\"es-AR\",\"potentialAction\":[{\"@type\":\"ReadAction\",\"target\":[\"https:\/\/alberdi.uno\/index.php\/2026\/02\/21\/25-de-mayo-detuvieron-a-un-hombre-por-disturbios-y-le-secuestraron-marihuana-antes-de-ingresar-a-la-celda\/\"]}]},{\"@type\":\"ImageObject\",\"inLanguage\":\"es-AR\",\"@id\":\"https:\/\/alberdi.uno\/index.php\/2026\/02\/21\/25-de-mayo-detuvieron-a-un-hombre-por-disturbios-y-le-secuestraron-marihuana-antes-de-ingresar-a-la-celda\/#primaryimage\",\"url\":\"https:\/\/alberdi.uno\/wp-content\/uploads\/2026\/02\/POLICIA6.jpg\",\"contentUrl\":\"https:\/\/alberdi.uno\/wp-content\/uploads\/2026\/02\/POLICIA6.jpg\",\"width\":640,\"height\":853},{\"@type\":\"BreadcrumbList\",\"@id\":\"https:\/\/alberdi.uno\/index.php\/2026\/02\/21\/25-de-mayo-detuvieron-a-un-hombre-por-disturbios-y-le-secuestraron-marihuana-antes-de-ingresar-a-la-celda\/#breadcrumb\",\"itemListElement\":[{\"@type\":\"ListItem\",\"position\":1,\"name\":\"Inicio\",\"item\":\"https:\/\/alberdi.uno\/\"},{\"@type\":\"ListItem\",\"position\":2,\"name\":\"25 de Mayo: detuvieron a un hombre por disturbios y le secuestraron marihuana antes de ingresar a la celda\"}]},{\"@type\":\"WebSite\",\"@id\":\"https:\/\/alberdi.uno\/#website\",\"url\":\"https:\/\/alberdi.uno\/\",\"name\":\"Alberdi .UNO - Red Misiones.uno\",\"description\":\"Noticias de Colonia Alberdi\",\"potentialAction\":[{\"@type\":\"SearchAction\",\"target\":{\"@type\":\"EntryPoint\",\"urlTemplate\":\"https:\/\/alberdi.uno\/?s={search_term_string}\"},\"query-input\":{\"@type\":\"PropertyValueSpecification\",\"valueRequired\":true,\"valueName\":\"search_term_string\"}}],\"inLanguage\":\"es-AR\"},{\"@type\":\"Person\",\"@id\":\"https:\/\/alberdi.uno\/#\/schema\/person\/7af09aba735a9b91f78556601849d2c6\",\"name\":\"admin\",\"image\":{\"@type\":\"ImageObject\",\"inLanguage\":\"es-AR\",\"@id\":\"https:\/\/alberdi.uno\/#\/schema\/person\/image\/\",\"url\":\"https:\/\/secure.gravatar.com\/avatar\/988cc68d97727f2265e15e4e04f35d45d93f5493d81192c37b6fcdf6407dba8c?s=96&d=mm&r=g\",\"contentUrl\":\"https:\/\/secure.gravatar.com\/avatar\/988cc68d97727f2265e15e4e04f35d45d93f5493d81192c37b6fcdf6407dba8c?s=96&d=mm&r=g\",\"caption\":\"admin\"},\"sameAs\":[\"http:\/\/alberdi.uno\"],\"url\":\"https:\/\/alberdi.uno\/index.php\/author\/admin\/\"}]}<\/script>\n<!-- \/ Yoast SEO plugin. -->","yoast_head_json":{"title":"25 de Mayo: detuvieron a un hombre por disturbios y le secuestraron marihuana antes de ingresar a la celda - Alberdi .UNO - Red Misiones.uno","robots":{"index":"index","follow":"follow","max-snippet":"max-snippet:-1","max-image-preview":"max-image-preview:large","max-video-preview":"max-video-preview:-1"},"canonical":"https:\/\/alberdi.uno\/index.php\/2026\/02\/21\/25-de-mayo-detuvieron-a-un-hombre-por-disturbios-y-le-secuestraron-marihuana-antes-de-ingresar-a-la-celda\/","og_locale":"es_ES","og_type":"article","og_title":"25 de Mayo: detuvieron a un hombre por disturbios y le secuestraron marihuana antes de ingresar a la celda - Alberdi .UNO - Red Misiones.uno","og_description":"AGENCIA MISIONES.UNO | Un hombre de 37 a\u00f1os fue aprehendido [...]","og_url":"https:\/\/alberdi.uno\/index.php\/2026\/02\/21\/25-de-mayo-detuvieron-a-un-hombre-por-disturbios-y-le-secuestraron-marihuana-antes-de-ingresar-a-la-celda\/","og_site_name":"Alberdi .UNO - Red Misiones.uno","article_published_time":"2026-02-21T22:03:18+00:00","og_image":[{"width":640,"height":853,"url":"https:\/\/alberdi.uno\/wp-content\/uploads\/2026\/02\/SARTOR2.jpg","type":"image\/jpeg"}],"author":"admin","twitter_card":"summary_large_image","twitter_misc":{"Escrito por":"admin","Tiempo de lectura":"1 minuto"},"schema":{"@context":"https:\/\/schema.org","@graph":[{"@type":"Article","@id":"https:\/\/alberdi.uno\/index.php\/2026\/02\/21\/25-de-mayo-detuvieron-a-un-hombre-por-disturbios-y-le-secuestraron-marihuana-antes-de-ingresar-a-la-celda\/#article","isPartOf":{"@id":"https:\/\/alberdi.uno\/index.php\/2026\/02\/21\/25-de-mayo-detuvieron-a-un-hombre-por-disturbios-y-le-secuestraron-marihuana-antes-de-ingresar-a-la-celda\/"},"author":{"name":"admin","@id":"https:\/\/alberdi.uno\/#\/schema\/person\/7af09aba735a9b91f78556601849d2c6"},"headline":"25 de Mayo: detuvieron a un hombre por disturbios y le secuestraron marihuana antes de ingresar a la celda","datePublished":"2026-02-21T22:03:18+00:00","mainEntityOfPage":{"@id":"https:\/\/alberdi.uno\/index.php\/2026\/02\/21\/25-de-mayo-detuvieron-a-un-hombre-por-disturbios-y-le-secuestraron-marihuana-antes-de-ingresar-a-la-celda\/"},"wordCount":210,"image":{"@id":"https:\/\/alberdi.uno\/index.php\/2026\/02\/21\/25-de-mayo-detuvieron-a-un-hombre-por-disturbios-y-le-secuestraron-marihuana-antes-de-ingresar-a-la-celda\/#primaryimage"},"thumbnailUrl":"https:\/\/alberdi.uno\/wp-content\/uploads\/2026\/02\/POLICIA6.jpg","articleSection":["25 de Mayo","Polic\u00eda de Misiones","Red Ober\u00e1","Seguridad"],"inLanguage":"es-AR"},{"@type":"WebPage","@id":"https:\/\/alberdi.uno\/index.php\/2026\/02\/21\/25-de-mayo-detuvieron-a-un-hombre-por-disturbios-y-le-secuestraron-marihuana-antes-de-ingresar-a-la-celda\/","url":"https:\/\/alberdi.uno\/index.php\/2026\/02\/21\/25-de-mayo-detuvieron-a-un-hombre-por-disturbios-y-le-secuestraron-marihuana-antes-de-ingresar-a-la-celda\/","name":"25 de Mayo: detuvieron a un hombre por disturbios y le secuestraron marihuana antes de ingresar a la celda - Alberdi .UNO - Red Misiones.uno","isPartOf":{"@id":"https:\/\/alberdi.uno\/#website"},"primaryImageOfPage":{"@id":"https:\/\/alberdi.uno\/index.php\/2026\/02\/21\/25-de-mayo-detuvieron-a-un-hombre-por-disturbios-y-le-secuestraron-marihuana-antes-de-ingresar-a-la-celda\/#primaryimage"},"image":{"@id":"https:\/\/alberdi.uno\/index.php\/2026\/02\/21\/25-de-mayo-detuvieron-a-un-hombre-por-disturbios-y-le-secuestraron-marihuana-antes-de-ingresar-a-la-celda\/#primaryimage"},"thumbnailUrl":"https:\/\/alberdi.uno\/wp-content\/uploads\/2026\/02\/POLICIA6.jpg","datePublished":"2026-02-21T22:03:18+00:00","author":{"@id":"https:\/\/alberdi.uno\/#\/schema\/person\/7af09aba735a9b91f78556601849d2c6"},"breadcrumb":{"@id":"https:\/\/alberdi.uno\/index.php\/2026\/02\/21\/25-de-mayo-detuvieron-a-un-hombre-por-disturbios-y-le-secuestraron-marihuana-antes-de-ingresar-a-la-celda\/#breadcrumb"},"inLanguage":"es-AR","potentialAction":[{"@type":"ReadAction","target":["https:\/\/alberdi.uno\/index.php\/2026\/02\/21\/25-de-mayo-detuvieron-a-un-hombre-por-disturbios-y-le-secuestraron-marihuana-antes-de-ingresar-a-la-celda\/"]}]},{"@type":"ImageObject","inLanguage":"es-AR","@id":"https:\/\/alberdi.uno\/index.php\/2026\/02\/21\/25-de-mayo-detuvieron-a-un-hombre-por-disturbios-y-le-secuestraron-marihuana-antes-de-ingresar-a-la-celda\/#primaryimage","url":"https:\/\/alberdi.uno\/wp-content\/uploads\/2026\/02\/POLICIA6.jpg","contentUrl":"https:\/\/alberdi.uno\/wp-content\/uploads\/2026\/02\/POLICIA6.jpg","width":640,"height":853},{"@type":"BreadcrumbList","@id":"https:\/\/alberdi.uno\/index.php\/2026\/02\/21\/25-de-mayo-detuvieron-a-un-hombre-por-disturbios-y-le-secuestraron-marihuana-antes-de-ingresar-a-la-celda\/#breadcrumb","itemListElement":[{"@type":"ListItem","position":1,"name":"Inicio","item":"https:\/\/alberdi.uno\/"},{"@type":"ListItem","position":2,"name":"25 de Mayo: detuvieron a un hombre por disturbios y le secuestraron marihuana antes de ingresar a la celda"}]},{"@type":"WebSite","@id":"https:\/\/alberdi.uno\/#website","url":"https:\/\/alberdi.uno\/","name":"Alberdi .UNO - Red Misiones.uno","description":"Noticias de Colonia Alberdi","potentialAction":[{"@type":"SearchAction","target":{"@type":"EntryPoint","urlTemplate":"https:\/\/alberdi.uno\/?s={search_term_string}"},"query-input":{"@type":"PropertyValueSpecification","valueRequired":true,"valueName":"search_term_string"}}],"inLanguage":"es-AR"},{"@type":"Person","@id":"https:\/\/alberdi.uno\/#\/schema\/person\/7af09aba735a9b91f78556601849d2c6","name":"admin","image":{"@type":"ImageObject","inLanguage":"es-AR","@id":"https:\/\/alberdi.uno\/#\/schema\/person\/image\/","url":"https:\/\/secure.gravatar.com\/avatar\/988cc68d97727f2265e15e4e04f35d45d93f5493d81192c37b6fcdf6407dba8c?s=96&d=mm&r=g","contentUrl":"https:\/\/secure.gravatar.com\/avatar\/988cc68d97727f2265e15e4e04f35d45d93f5493d81192c37b6fcdf6407dba8c?s=96&d=mm&r=g","caption":"admin"},"sameAs":["http:\/\/alberdi.uno"],"url":"https:\/\/alberdi.uno\/index.php\/author\/admin\/"}]}},"_links":{"self":[{"href":"https:\/\/alberdi.uno\/index.php\/wp-json\/wp\/v2\/posts\/1197","targetHints":{"allow":["GET"]}}],"collection":[{"href":"https:\/\/alberdi.uno\/index.php\/wp-json\/wp\/v2\/posts"}],"about":[{"href":"https:\/\/alberdi.uno\/index.php\/wp-json\/wp\/v2\/types\/post"}],"author":[{"embeddable":true,"href":"https:\/\/alberdi.uno\/index.php\/wp-json\/wp\/v2\/users\/1"}],"replies":[{"embeddable":true,"href":"https:\/\/alberdi.uno\/index.php\/wp-json\/wp\/v2\/comments?post=1197"}],"version-history":[{"count":0,"href":"https:\/\/alberdi.uno\/index.php\/wp-json\/wp\/v2\/posts\/1197\/revisions"}],"wp:featuredmedia":[{"embeddable":true,"href":"https:\/\/alberdi.uno\/index.php\/wp-json\/wp\/v2\/media\/1198"}],"wp:attachment":[{"href":"https:\/\/alberdi.uno\/index.php\/wp-json\/wp\/v2\/media?parent=1197"}],"wp:term":[{"taxonomy":"category","embeddable":true,"href":"https:\/\/alberdi.uno\/index.php\/wp-json\/wp\/v2\/categories?post=1197"},{"taxonomy":"post_tag","embeddable":true,"href":"https:\/\/alberdi.uno\/index.php\/wp-json\/wp\/v2\/tags?post=1197"}],"curies":[{"name":"wp","href":"https:\/\/api.w.org\/{rel}","templated":true}]}}