{"id":119,"date":"2026-01-13T13:44:49","date_gmt":"2026-01-13T16:44:49","guid":{"rendered":"https:\/\/alberdi.uno\/index.php\/2026\/01\/13\/alberdi-ceremonia-oficial-marco-la-asuncion-de-nuevos-jefes-policiales-en-colonia-alberdi-y-obera\/"},"modified":"2026-01-13T13:44:49","modified_gmt":"2026-01-13T16:44:49","slug":"alberdi-ceremonia-oficial-marco-la-asuncion-de-nuevos-jefes-policiales-en-colonia-alberdi-y-obera","status":"publish","type":"post","link":"https:\/\/alberdi.uno\/index.php\/2026\/01\/13\/alberdi-ceremonia-oficial-marco-la-asuncion-de-nuevos-jefes-policiales-en-colonia-alberdi-y-obera\/","title":{"rendered":"ALBERDI: Ceremonia oficial marc\u00f3 la asunci\u00f3n de nuevos jefes policiales en Colonia Alberdi y Ober\u00e1"},"content":{"rendered":"<div>\n<p><!--StartFragment --><\/p>\n<p><strong>MISIONES.UNO \u2013 En Colonia Alberdi se realiz\u00f3 una ceremonia en la que el Oficial Auxiliar V\u00edctor Nicol\u00e1s Serdiuk asumi\u00f3 como nuevo Jefe de la Comisar\u00eda local, mientras que el anterior titular de la dependencia pas\u00f3 a ocupar el cargo de Jefe de la Divisi\u00f3n Prevenci\u00f3n de Delitos Urbanos en Ober\u00e1.<\/strong><\/p>\n<hr>\n<p><img decoding=\"async\" class=\"aligncenter size-full wp-image-9520\" src=\"https:\/\/alberdi.uno\/wp-content\/uploads\/2026\/01\/MASTER-FOTOS-ALBERDI.jpg\" alt=\"\" width=\"640\" height=\"800\" srcset=\"https:\/\/misiones.uno\/wp-content\/uploads\/2026\/01\/MASTER-FOTOS-ALBERDI-200x250.jpg 200w, https:\/\/misiones.uno\/wp-content\/uploads\/2026\/01\/MASTER-FOTOS-ALBERDI-240x300.jpg 240w, https:\/\/misiones.uno\/wp-content\/uploads\/2026\/01\/MASTER-FOTOS-ALBERDI-400x500.jpg 400w, https:\/\/misiones.uno\/wp-content\/uploads\/2026\/01\/MASTER-FOTOS-ALBERDI-600x750.jpg 600w, https:\/\/misiones.uno\/wp-content\/uploads\/2026\/01\/MASTER-FOTOS-ALBERDI.jpg 640w\" sizes=\"(max-width: 640px) 100vw, 640px\"><\/p>\n<p>Durante la ma\u00f1ana de este martes, se llev\u00f3 a cabo un acto institucional en Colonia Alberdi donde se oficializ\u00f3 el cambio de autoridades en la conducci\u00f3n policial. El Oficial Auxiliar V\u00edctor Nicol\u00e1s Serdiuk fue designado como nuevo Jefe de la Comisar\u00eda de la localidad, en reemplazo del anterior responsable, quien asumi\u00f3 funciones en la Divisi\u00f3n Prevenci\u00f3n de Delitos Urbanos de Ober\u00e1.<\/p>\n<p>La ceremonia estuvo presidida por el Jefe de la Unidad Regional II y cont\u00f3 con la presencia del Intendente de Colonia Alberdi, el Segundo Jefe del Comando Regional, personal policial, autoridades locales y familiares, quienes acompa\u00f1aron la puesta en funciones de los nuevos responsables.<\/p>\n<p>El acto reafirm\u00f3 el compromiso institucional de fortalecer la seguridad en la regi\u00f3n, garantizando la continuidad del trabajo operativo y la coordinaci\u00f3n entre las distintas dependencias policiales.<\/p>\n<p><!--EndFragment --><\/p>\n<\/div>\n","protected":false},"excerpt":{"rendered":"<p>MISIONES.UNO \u2013 En Colonia Alberdi se realiz\u00f3 una ceremonia en  [&#8230;]<\/p>\n","protected":false},"author":1,"featured_media":120,"comment_status":"closed","ping_status":"closed","sticky":false,"template":"","format":"standard","meta":{"fifu_image_url":"","fifu_image_alt":"","footnotes":""},"categories":[38,39,15,25],"tags":[],"class_list":["post-119","post","type-post","status-publish","format-standard","has-post-thumbnail","hentry","category-alberdi","category-muni-alberdi","category-policiales","category-unidad-regional-ii"],"acf":[],"yoast_head":"<!-- This site is optimized with the Yoast SEO plugin v26.7 - https:\/\/yoast.com\/wordpress\/plugins\/seo\/ -->\n<title>ALBERDI: Ceremonia oficial marc\u00f3 la asunci\u00f3n de nuevos jefes policiales en Colonia Alberdi y Ober\u00e1 - Alberdi .UNO - Red Misiones.uno<\/title>\n<meta name=\"robots\" content=\"index, follow, max-snippet:-1, max-image-preview:large, max-video-preview:-1\" \/>\n<link rel=\"canonical\" href=\"https:\/\/alberdi.uno\/index.php\/2026\/01\/13\/alberdi-ceremonia-oficial-marco-la-asuncion-de-nuevos-jefes-policiales-en-colonia-alberdi-y-obera\/\" \/>\n<meta property=\"og:locale\" content=\"es_ES\" \/>\n<meta property=\"og:type\" content=\"article\" \/>\n<meta property=\"og:title\" content=\"ALBERDI: Ceremonia oficial marc\u00f3 la asunci\u00f3n de nuevos jefes policiales en Colonia Alberdi y Ober\u00e1 - Alberdi .UNO - Red Misiones.uno\" \/>\n<meta property=\"og:description\" content=\"MISIONES.UNO \u2013 En Colonia Alberdi se realiz\u00f3 una ceremonia en [...]\" \/>\n<meta property=\"og:url\" content=\"https:\/\/alberdi.uno\/index.php\/2026\/01\/13\/alberdi-ceremonia-oficial-marco-la-asuncion-de-nuevos-jefes-policiales-en-colonia-alberdi-y-obera\/\" \/>\n<meta property=\"og:site_name\" content=\"Alberdi .UNO - Red Misiones.uno\" \/>\n<meta property=\"article:published_time\" content=\"2026-01-13T16:44:49+00:00\" \/>\n<meta name=\"author\" content=\"admin\" \/>\n<meta name=\"twitter:card\" content=\"summary_large_image\" \/>\n<meta name=\"twitter:label1\" content=\"Escrito por\" \/>\n\t<meta name=\"twitter:data1\" content=\"admin\" \/>\n\t<meta name=\"twitter:label2\" content=\"Tiempo de lectura\" \/>\n\t<meta name=\"twitter:data2\" content=\"1 minuto\" \/>\n<script type=\"application\/ld+json\" class=\"yoast-schema-graph\">{\"@context\":\"https:\/\/schema.org\",\"@graph\":[{\"@type\":\"Article\",\"@id\":\"https:\/\/alberdi.uno\/index.php\/2026\/01\/13\/alberdi-ceremonia-oficial-marco-la-asuncion-de-nuevos-jefes-policiales-en-colonia-alberdi-y-obera\/#article\",\"isPartOf\":{\"@id\":\"https:\/\/alberdi.uno\/index.php\/2026\/01\/13\/alberdi-ceremonia-oficial-marco-la-asuncion-de-nuevos-jefes-policiales-en-colonia-alberdi-y-obera\/\"},\"author\":{\"name\":\"admin\",\"@id\":\"https:\/\/alberdi.uno\/#\/schema\/person\/7af09aba735a9b91f78556601849d2c6\"},\"headline\":\"ALBERDI: Ceremonia oficial marc\u00f3 la asunci\u00f3n de nuevos jefes policiales en Colonia Alberdi y Ober\u00e1\",\"datePublished\":\"2026-01-13T16:44:49+00:00\",\"mainEntityOfPage\":{\"@id\":\"https:\/\/alberdi.uno\/index.php\/2026\/01\/13\/alberdi-ceremonia-oficial-marco-la-asuncion-de-nuevos-jefes-policiales-en-colonia-alberdi-y-obera\/\"},\"wordCount\":213,\"image\":{\"@id\":\"https:\/\/alberdi.uno\/index.php\/2026\/01\/13\/alberdi-ceremonia-oficial-marco-la-asuncion-de-nuevos-jefes-policiales-en-colonia-alberdi-y-obera\/#primaryimage\"},\"thumbnailUrl\":\"https:\/\/alberdi.uno\/wp-content\/uploads\/2026\/01\/MASTER-FOTOS-ALBERDI.jpg\",\"articleSection\":[\"Alberdi\",\"Muni Alberdi\",\"Policiales\",\"Unidad Regional II\"],\"inLanguage\":\"es-AR\"},{\"@type\":\"WebPage\",\"@id\":\"https:\/\/alberdi.uno\/index.php\/2026\/01\/13\/alberdi-ceremonia-oficial-marco-la-asuncion-de-nuevos-jefes-policiales-en-colonia-alberdi-y-obera\/\",\"url\":\"https:\/\/alberdi.uno\/index.php\/2026\/01\/13\/alberdi-ceremonia-oficial-marco-la-asuncion-de-nuevos-jefes-policiales-en-colonia-alberdi-y-obera\/\",\"name\":\"ALBERDI: Ceremonia oficial marc\u00f3 la asunci\u00f3n de nuevos jefes policiales en Colonia Alberdi y Ober\u00e1 - Alberdi .UNO - Red Misiones.uno\",\"isPartOf\":{\"@id\":\"https:\/\/alberdi.uno\/#website\"},\"primaryImageOfPage\":{\"@id\":\"https:\/\/alberdi.uno\/index.php\/2026\/01\/13\/alberdi-ceremonia-oficial-marco-la-asuncion-de-nuevos-jefes-policiales-en-colonia-alberdi-y-obera\/#primaryimage\"},\"image\":{\"@id\":\"https:\/\/alberdi.uno\/index.php\/2026\/01\/13\/alberdi-ceremonia-oficial-marco-la-asuncion-de-nuevos-jefes-policiales-en-colonia-alberdi-y-obera\/#primaryimage\"},\"thumbnailUrl\":\"https:\/\/alberdi.uno\/wp-content\/uploads\/2026\/01\/MASTER-FOTOS-ALBERDI.jpg\",\"datePublished\":\"2026-01-13T16:44:49+00:00\",\"author\":{\"@id\":\"https:\/\/alberdi.uno\/#\/schema\/person\/7af09aba735a9b91f78556601849d2c6\"},\"breadcrumb\":{\"@id\":\"https:\/\/alberdi.uno\/index.php\/2026\/01\/13\/alberdi-ceremonia-oficial-marco-la-asuncion-de-nuevos-jefes-policiales-en-colonia-alberdi-y-obera\/#breadcrumb\"},\"inLanguage\":\"es-AR\",\"potentialAction\":[{\"@type\":\"ReadAction\",\"target\":[\"https:\/\/alberdi.uno\/index.php\/2026\/01\/13\/alberdi-ceremonia-oficial-marco-la-asuncion-de-nuevos-jefes-policiales-en-colonia-alberdi-y-obera\/\"]}]},{\"@type\":\"ImageObject\",\"inLanguage\":\"es-AR\",\"@id\":\"https:\/\/alberdi.uno\/index.php\/2026\/01\/13\/alberdi-ceremonia-oficial-marco-la-asuncion-de-nuevos-jefes-policiales-en-colonia-alberdi-y-obera\/#primaryimage\",\"url\":\"https:\/\/alberdi.uno\/wp-content\/uploads\/2026\/01\/MASTER-FOTOS-ALBERDI.jpg\",\"contentUrl\":\"https:\/\/alberdi.uno\/wp-content\/uploads\/2026\/01\/MASTER-FOTOS-ALBERDI.jpg\",\"width\":640,\"height\":800},{\"@type\":\"BreadcrumbList\",\"@id\":\"https:\/\/alberdi.uno\/index.php\/2026\/01\/13\/alberdi-ceremonia-oficial-marco-la-asuncion-de-nuevos-jefes-policiales-en-colonia-alberdi-y-obera\/#breadcrumb\",\"itemListElement\":[{\"@type\":\"ListItem\",\"position\":1,\"name\":\"Inicio\",\"item\":\"https:\/\/alberdi.uno\/\"},{\"@type\":\"ListItem\",\"position\":2,\"name\":\"ALBERDI: Ceremonia oficial marc\u00f3 la asunci\u00f3n de nuevos jefes policiales en Colonia Alberdi y Ober\u00e1\"}]},{\"@type\":\"WebSite\",\"@id\":\"https:\/\/alberdi.uno\/#website\",\"url\":\"https:\/\/alberdi.uno\/\",\"name\":\"Alberdi .UNO - Red Misiones.uno\",\"description\":\"Noticias de Colonia Alberdi\",\"potentialAction\":[{\"@type\":\"SearchAction\",\"target\":{\"@type\":\"EntryPoint\",\"urlTemplate\":\"https:\/\/alberdi.uno\/?s={search_term_string}\"},\"query-input\":{\"@type\":\"PropertyValueSpecification\",\"valueRequired\":true,\"valueName\":\"search_term_string\"}}],\"inLanguage\":\"es-AR\"},{\"@type\":\"Person\",\"@id\":\"https:\/\/alberdi.uno\/#\/schema\/person\/7af09aba735a9b91f78556601849d2c6\",\"name\":\"admin\",\"image\":{\"@type\":\"ImageObject\",\"inLanguage\":\"es-AR\",\"@id\":\"https:\/\/alberdi.uno\/#\/schema\/person\/image\/\",\"url\":\"https:\/\/secure.gravatar.com\/avatar\/988cc68d97727f2265e15e4e04f35d45d93f5493d81192c37b6fcdf6407dba8c?s=96&d=mm&r=g\",\"contentUrl\":\"https:\/\/secure.gravatar.com\/avatar\/988cc68d97727f2265e15e4e04f35d45d93f5493d81192c37b6fcdf6407dba8c?s=96&d=mm&r=g\",\"caption\":\"admin\"},\"sameAs\":[\"http:\/\/alberdi.uno\"],\"url\":\"https:\/\/alberdi.uno\/index.php\/author\/admin\/\"}]}<\/script>\n<!-- \/ Yoast SEO plugin. -->","yoast_head_json":{"title":"ALBERDI: Ceremonia oficial marc\u00f3 la asunci\u00f3n de nuevos jefes policiales en Colonia Alberdi y Ober\u00e1 - Alberdi .UNO - Red Misiones.uno","robots":{"index":"index","follow":"follow","max-snippet":"max-snippet:-1","max-image-preview":"max-image-preview:large","max-video-preview":"max-video-preview:-1"},"canonical":"https:\/\/alberdi.uno\/index.php\/2026\/01\/13\/alberdi-ceremonia-oficial-marco-la-asuncion-de-nuevos-jefes-policiales-en-colonia-alberdi-y-obera\/","og_locale":"es_ES","og_type":"article","og_title":"ALBERDI: Ceremonia oficial marc\u00f3 la asunci\u00f3n de nuevos jefes policiales en Colonia Alberdi y Ober\u00e1 - Alberdi .UNO - Red Misiones.uno","og_description":"MISIONES.UNO \u2013 En Colonia Alberdi se realiz\u00f3 una ceremonia en [...]","og_url":"https:\/\/alberdi.uno\/index.php\/2026\/01\/13\/alberdi-ceremonia-oficial-marco-la-asuncion-de-nuevos-jefes-policiales-en-colonia-alberdi-y-obera\/","og_site_name":"Alberdi .UNO - Red Misiones.uno","article_published_time":"2026-01-13T16:44:49+00:00","author":"admin","twitter_card":"summary_large_image","twitter_misc":{"Escrito por":"admin","Tiempo de lectura":"1 minuto"},"schema":{"@context":"https:\/\/schema.org","@graph":[{"@type":"Article","@id":"https:\/\/alberdi.uno\/index.php\/2026\/01\/13\/alberdi-ceremonia-oficial-marco-la-asuncion-de-nuevos-jefes-policiales-en-colonia-alberdi-y-obera\/#article","isPartOf":{"@id":"https:\/\/alberdi.uno\/index.php\/2026\/01\/13\/alberdi-ceremonia-oficial-marco-la-asuncion-de-nuevos-jefes-policiales-en-colonia-alberdi-y-obera\/"},"author":{"name":"admin","@id":"https:\/\/alberdi.uno\/#\/schema\/person\/7af09aba735a9b91f78556601849d2c6"},"headline":"ALBERDI: Ceremonia oficial marc\u00f3 la asunci\u00f3n de nuevos jefes policiales en Colonia Alberdi y Ober\u00e1","datePublished":"2026-01-13T16:44:49+00:00","mainEntityOfPage":{"@id":"https:\/\/alberdi.uno\/index.php\/2026\/01\/13\/alberdi-ceremonia-oficial-marco-la-asuncion-de-nuevos-jefes-policiales-en-colonia-alberdi-y-obera\/"},"wordCount":213,"image":{"@id":"https:\/\/alberdi.uno\/index.php\/2026\/01\/13\/alberdi-ceremonia-oficial-marco-la-asuncion-de-nuevos-jefes-policiales-en-colonia-alberdi-y-obera\/#primaryimage"},"thumbnailUrl":"https:\/\/alberdi.uno\/wp-content\/uploads\/2026\/01\/MASTER-FOTOS-ALBERDI.jpg","articleSection":["Alberdi","Muni Alberdi","Policiales","Unidad Regional II"],"inLanguage":"es-AR"},{"@type":"WebPage","@id":"https:\/\/alberdi.uno\/index.php\/2026\/01\/13\/alberdi-ceremonia-oficial-marco-la-asuncion-de-nuevos-jefes-policiales-en-colonia-alberdi-y-obera\/","url":"https:\/\/alberdi.uno\/index.php\/2026\/01\/13\/alberdi-ceremonia-oficial-marco-la-asuncion-de-nuevos-jefes-policiales-en-colonia-alberdi-y-obera\/","name":"ALBERDI: Ceremonia oficial marc\u00f3 la asunci\u00f3n de nuevos jefes policiales en Colonia Alberdi y Ober\u00e1 - Alberdi .UNO - Red Misiones.uno","isPartOf":{"@id":"https:\/\/alberdi.uno\/#website"},"primaryImageOfPage":{"@id":"https:\/\/alberdi.uno\/index.php\/2026\/01\/13\/alberdi-ceremonia-oficial-marco-la-asuncion-de-nuevos-jefes-policiales-en-colonia-alberdi-y-obera\/#primaryimage"},"image":{"@id":"https:\/\/alberdi.uno\/index.php\/2026\/01\/13\/alberdi-ceremonia-oficial-marco-la-asuncion-de-nuevos-jefes-policiales-en-colonia-alberdi-y-obera\/#primaryimage"},"thumbnailUrl":"https:\/\/alberdi.uno\/wp-content\/uploads\/2026\/01\/MASTER-FOTOS-ALBERDI.jpg","datePublished":"2026-01-13T16:44:49+00:00","author":{"@id":"https:\/\/alberdi.uno\/#\/schema\/person\/7af09aba735a9b91f78556601849d2c6"},"breadcrumb":{"@id":"https:\/\/alberdi.uno\/index.php\/2026\/01\/13\/alberdi-ceremonia-oficial-marco-la-asuncion-de-nuevos-jefes-policiales-en-colonia-alberdi-y-obera\/#breadcrumb"},"inLanguage":"es-AR","potentialAction":[{"@type":"ReadAction","target":["https:\/\/alberdi.uno\/index.php\/2026\/01\/13\/alberdi-ceremonia-oficial-marco-la-asuncion-de-nuevos-jefes-policiales-en-colonia-alberdi-y-obera\/"]}]},{"@type":"ImageObject","inLanguage":"es-AR","@id":"https:\/\/alberdi.uno\/index.php\/2026\/01\/13\/alberdi-ceremonia-oficial-marco-la-asuncion-de-nuevos-jefes-policiales-en-colonia-alberdi-y-obera\/#primaryimage","url":"https:\/\/alberdi.uno\/wp-content\/uploads\/2026\/01\/MASTER-FOTOS-ALBERDI.jpg","contentUrl":"https:\/\/alberdi.uno\/wp-content\/uploads\/2026\/01\/MASTER-FOTOS-ALBERDI.jpg","width":640,"height":800},{"@type":"BreadcrumbList","@id":"https:\/\/alberdi.uno\/index.php\/2026\/01\/13\/alberdi-ceremonia-oficial-marco-la-asuncion-de-nuevos-jefes-policiales-en-colonia-alberdi-y-obera\/#breadcrumb","itemListElement":[{"@type":"ListItem","position":1,"name":"Inicio","item":"https:\/\/alberdi.uno\/"},{"@type":"ListItem","position":2,"name":"ALBERDI: Ceremonia oficial marc\u00f3 la asunci\u00f3n de nuevos jefes policiales en Colonia Alberdi y Ober\u00e1"}]},{"@type":"WebSite","@id":"https:\/\/alberdi.uno\/#website","url":"https:\/\/alberdi.uno\/","name":"Alberdi .UNO - Red Misiones.uno","description":"Noticias de Colonia Alberdi","potentialAction":[{"@type":"SearchAction","target":{"@type":"EntryPoint","urlTemplate":"https:\/\/alberdi.uno\/?s={search_term_string}"},"query-input":{"@type":"PropertyValueSpecification","valueRequired":true,"valueName":"search_term_string"}}],"inLanguage":"es-AR"},{"@type":"Person","@id":"https:\/\/alberdi.uno\/#\/schema\/person\/7af09aba735a9b91f78556601849d2c6","name":"admin","image":{"@type":"ImageObject","inLanguage":"es-AR","@id":"https:\/\/alberdi.uno\/#\/schema\/person\/image\/","url":"https:\/\/secure.gravatar.com\/avatar\/988cc68d97727f2265e15e4e04f35d45d93f5493d81192c37b6fcdf6407dba8c?s=96&d=mm&r=g","contentUrl":"https:\/\/secure.gravatar.com\/avatar\/988cc68d97727f2265e15e4e04f35d45d93f5493d81192c37b6fcdf6407dba8c?s=96&d=mm&r=g","caption":"admin"},"sameAs":["http:\/\/alberdi.uno"],"url":"https:\/\/alberdi.uno\/index.php\/author\/admin\/"}]}},"_links":{"self":[{"href":"https:\/\/alberdi.uno\/index.php\/wp-json\/wp\/v2\/posts\/119","targetHints":{"allow":["GET"]}}],"collection":[{"href":"https:\/\/alberdi.uno\/index.php\/wp-json\/wp\/v2\/posts"}],"about":[{"href":"https:\/\/alberdi.uno\/index.php\/wp-json\/wp\/v2\/types\/post"}],"author":[{"embeddable":true,"href":"https:\/\/alberdi.uno\/index.php\/wp-json\/wp\/v2\/users\/1"}],"replies":[{"embeddable":true,"href":"https:\/\/alberdi.uno\/index.php\/wp-json\/wp\/v2\/comments?post=119"}],"version-history":[{"count":0,"href":"https:\/\/alberdi.uno\/index.php\/wp-json\/wp\/v2\/posts\/119\/revisions"}],"wp:featuredmedia":[{"embeddable":true,"href":"https:\/\/alberdi.uno\/index.php\/wp-json\/wp\/v2\/media\/120"}],"wp:attachment":[{"href":"https:\/\/alberdi.uno\/index.php\/wp-json\/wp\/v2\/media?parent=119"}],"wp:term":[{"taxonomy":"category","embeddable":true,"href":"https:\/\/alberdi.uno\/index.php\/wp-json\/wp\/v2\/categories?post=119"},{"taxonomy":"post_tag","embeddable":true,"href":"https:\/\/alberdi.uno\/index.php\/wp-json\/wp\/v2\/tags?post=119"}],"curies":[{"name":"wp","href":"https:\/\/api.w.org\/{rel}","templated":true}]}}