{"id":1179,"date":"2026-02-20T08:14:08","date_gmt":"2026-02-20T11:14:08","guid":{"rendered":"https:\/\/alberdi.uno\/index.php\/2026\/02\/20\/alberdi-passalacqua-superviso-el-avance-de-la-obra-de-la-epet-53\/"},"modified":"2026-02-20T08:14:08","modified_gmt":"2026-02-20T11:14:08","slug":"alberdi-passalacqua-superviso-el-avance-de-la-obra-de-la-epet-53","status":"publish","type":"post","link":"https:\/\/alberdi.uno\/index.php\/2026\/02\/20\/alberdi-passalacqua-superviso-el-avance-de-la-obra-de-la-epet-53\/","title":{"rendered":"Alberdi: Passalacqua supervis\u00f3 el avance de la obra de la EPET 53"},"content":{"rendered":"<div>\n<div>\n<p data-start=\"67\" data-end=\"328\"><strong data-start=\"67\" data-end=\"328\"><a class=\"decorated-link\" href=\"https:\/\/agenciamisiones.uno\/\" target=\"_new\" rel=\"noopener\" data-start=\"69\" data-end=\"120\">AGENCIA MISIONES.UNO<\/a> | El gobernador Hugo Passalacqua visit\u00f3 la localidad de Alberdi y recorri\u00f3 la obra del nuevo edificio de la EPET 53, que se ejecuta con financiamiento articulado entre el INET, la Provincia y el Municipio.<\/strong><\/p>\n<p data-start=\"330\" data-end=\"664\">Durante la jornada, el mandatario provincial supervis\u00f3 los avances en la construcci\u00f3n del establecimiento educativo, ubicado en cercan\u00edas del casco urbano. El edificio contar\u00e1 con una superficie aproximada de 400 metros cuadrados y forma parte de una pol\u00edtica de fortalecimiento de la infraestructura destinada a la formaci\u00f3n t\u00e9cnica.<\/p>\n<p data-start=\"666\" data-end=\"939\">En la oportunidad, Passalacqua dialog\u00f3 con autoridades educativas y destac\u00f3 la importancia de garantizar espacios adecuados para el desarrollo de la educaci\u00f3n t\u00e9cnica, especialmente en zonas rurales, donde la capacitaci\u00f3n resulta clave para generar oportunidades y arraigo.<\/p>\n<p data-start=\"941\" data-end=\"1287\">El ministro de Educaci\u00f3n, Ramiro Aranda, acompa\u00f1\u00f3 la recorrida y sostuvo que el nuevo edificio permitir\u00e1 mejorar las condiciones de aprendizaje para los estudiantes. Tambi\u00e9n participaron la subsecretaria de Educaci\u00f3n T\u00e9cnica, Sandra Wozniuk; la intendente a cargo, Norma Kummer; y dem\u00e1s funcionarios locales y autoridades educativas provinciales.<\/p>\n<p data-start=\"941\" data-end=\"1287\"><img decoding=\"async\" class=\"aligncenter size-full wp-image-14653\" src=\"https:\/\/alberdi.uno\/wp-content\/uploads\/2026\/02\/ALBERDIUNO.jpg\" alt=\"\" width=\"640\" height=\"853\" srcset=\"https:\/\/misiones.uno\/wp-content\/uploads\/2026\/02\/ALBERDIUNO-200x267.jpg 200w, https:\/\/misiones.uno\/wp-content\/uploads\/2026\/02\/ALBERDIUNO-225x300.jpg 225w, https:\/\/misiones.uno\/wp-content\/uploads\/2026\/02\/ALBERDIUNO-400x533.jpg 400w, https:\/\/misiones.uno\/wp-content\/uploads\/2026\/02\/ALBERDIUNO-600x800.jpg 600w, https:\/\/alberdi.uno\/wp-content\/uploads\/2026\/02\/ALBERDIUNO.jpg 640w\" sizes=\"(max-width: 640px) 100vw, 640px\"><img decoding=\"async\" class=\"aligncenter size-full wp-image-636\" src=\"https:\/\/alberdi.uno\/wp-content\/uploads\/2026\/02\/ALBERDI2.jpg\" sizes=\"(max-width: 640px) 100vw, 640px\" srcset=\"https:\/\/agenciamisiones.uno\/wp-content\/uploads\/2026\/02\/ALBERDI2-200x267.jpg 200w, https:\/\/agenciamisiones.uno\/wp-content\/uploads\/2026\/02\/ALBERDI2-225x300.jpg 225w, https:\/\/agenciamisiones.uno\/wp-content\/uploads\/2026\/02\/ALBERDI2-400x533.jpg 400w, https:\/\/agenciamisiones.uno\/wp-content\/uploads\/2026\/02\/ALBERDI2-600x800.jpg 600w, https:\/\/alberdi.uno\/wp-content\/uploads\/2026\/02\/ALBERDI2.jpg 640w\" alt=\"\" width=\"640\" height=\"853\"> <img decoding=\"async\" class=\"aligncenter size-full wp-image-637\" src=\"https:\/\/alberdi.uno\/wp-content\/uploads\/2026\/02\/ALBERDI1.jpg\" sizes=\"(max-width: 640px) 100vw, 640px\" srcset=\"https:\/\/agenciamisiones.uno\/wp-content\/uploads\/2026\/02\/ALBERDI1-200x267.jpg 200w, https:\/\/agenciamisiones.uno\/wp-content\/uploads\/2026\/02\/ALBERDI1-225x300.jpg 225w, https:\/\/agenciamisiones.uno\/wp-content\/uploads\/2026\/02\/ALBERDI1-400x533.jpg 400w, https:\/\/agenciamisiones.uno\/wp-content\/uploads\/2026\/02\/ALBERDI1-600x800.jpg 600w, https:\/\/alberdi.uno\/wp-content\/uploads\/2026\/02\/ALBERDI1.jpg 640w\" alt=\"\" width=\"640\" height=\"853\"><\/p>\n<p>La entrada <a href=\"https:\/\/agenciamisiones.uno\/alberdi-passalacqua-superviso-el-avance-de-la-obra-de-la-epet-53\/\">Alberdi: Passalacqua supervis\u00f3 el avance de la obra de la EPET 53<\/a> se public\u00f3 primero en <a href=\"https:\/\/agenciamisiones.uno\/\">Agencia Misiones.uno<\/a>.<\/p>\n<\/div>\n<\/div>\n","protected":false},"excerpt":{"rendered":"<p>AGENCIA MISIONES.UNO | El gobernador Hugo Passalacqua visit\u00f3 la localidad  [&#8230;]<\/p>\n","protected":false},"author":1,"featured_media":1180,"comment_status":"closed","ping_status":"closed","sticky":false,"template":"","format":"standard","meta":{"fifu_image_url":"","fifu_image_alt":"","footnotes":""},"categories":[38,13,149,150],"tags":[],"class_list":["post-1179","post","type-post","status-publish","format-standard","has-post-thumbnail","hentry","category-alberdi","category-gobierno-de-misiones","category-gobiernos-municipales","category-obra-publica"],"acf":[],"yoast_head":"<!-- This site is optimized with the Yoast SEO plugin v26.7 - https:\/\/yoast.com\/wordpress\/plugins\/seo\/ -->\n<title>Alberdi: Passalacqua supervis\u00f3 el avance de la obra de la EPET 53 - Alberdi .UNO - Red Misiones.uno<\/title>\n<meta name=\"robots\" content=\"index, follow, max-snippet:-1, max-image-preview:large, max-video-preview:-1\" \/>\n<link rel=\"canonical\" href=\"https:\/\/alberdi.uno\/index.php\/2026\/02\/20\/alberdi-passalacqua-superviso-el-avance-de-la-obra-de-la-epet-53\/\" \/>\n<meta property=\"og:locale\" content=\"es_ES\" \/>\n<meta property=\"og:type\" content=\"article\" \/>\n<meta property=\"og:title\" content=\"Alberdi: Passalacqua supervis\u00f3 el avance de la obra de la EPET 53 - Alberdi .UNO - Red Misiones.uno\" \/>\n<meta property=\"og:description\" content=\"AGENCIA MISIONES.UNO | El gobernador Hugo Passalacqua visit\u00f3 la localidad [...]\" \/>\n<meta property=\"og:url\" content=\"https:\/\/alberdi.uno\/index.php\/2026\/02\/20\/alberdi-passalacqua-superviso-el-avance-de-la-obra-de-la-epet-53\/\" \/>\n<meta property=\"og:site_name\" content=\"Alberdi .UNO - Red Misiones.uno\" \/>\n<meta property=\"article:published_time\" content=\"2026-02-20T11:14:08+00:00\" \/>\n<meta name=\"author\" content=\"admin\" \/>\n<meta name=\"twitter:card\" content=\"summary_large_image\" \/>\n<meta name=\"twitter:label1\" content=\"Escrito por\" \/>\n\t<meta name=\"twitter:data1\" content=\"admin\" \/>\n\t<meta name=\"twitter:label2\" content=\"Tiempo de lectura\" \/>\n\t<meta name=\"twitter:data2\" content=\"1 minuto\" \/>\n<script type=\"application\/ld+json\" class=\"yoast-schema-graph\">{\"@context\":\"https:\/\/schema.org\",\"@graph\":[{\"@type\":\"Article\",\"@id\":\"https:\/\/alberdi.uno\/index.php\/2026\/02\/20\/alberdi-passalacqua-superviso-el-avance-de-la-obra-de-la-epet-53\/#article\",\"isPartOf\":{\"@id\":\"https:\/\/alberdi.uno\/index.php\/2026\/02\/20\/alberdi-passalacqua-superviso-el-avance-de-la-obra-de-la-epet-53\/\"},\"author\":{\"name\":\"admin\",\"@id\":\"https:\/\/alberdi.uno\/#\/schema\/person\/7af09aba735a9b91f78556601849d2c6\"},\"headline\":\"Alberdi: Passalacqua supervis\u00f3 el avance de la obra de la EPET 53\",\"datePublished\":\"2026-02-20T11:14:08+00:00\",\"mainEntityOfPage\":{\"@id\":\"https:\/\/alberdi.uno\/index.php\/2026\/02\/20\/alberdi-passalacqua-superviso-el-avance-de-la-obra-de-la-epet-53\/\"},\"wordCount\":211,\"image\":{\"@id\":\"https:\/\/alberdi.uno\/index.php\/2026\/02\/20\/alberdi-passalacqua-superviso-el-avance-de-la-obra-de-la-epet-53\/#primaryimage\"},\"thumbnailUrl\":\"https:\/\/alberdi.uno\/wp-content\/uploads\/2026\/02\/ALBERDIUNO.jpg\",\"articleSection\":[\"Alberdi\",\"Gobierno de Misiones\",\"Gobiernos Municipales\",\"Obra P\u00fablica\"],\"inLanguage\":\"es-AR\"},{\"@type\":\"WebPage\",\"@id\":\"https:\/\/alberdi.uno\/index.php\/2026\/02\/20\/alberdi-passalacqua-superviso-el-avance-de-la-obra-de-la-epet-53\/\",\"url\":\"https:\/\/alberdi.uno\/index.php\/2026\/02\/20\/alberdi-passalacqua-superviso-el-avance-de-la-obra-de-la-epet-53\/\",\"name\":\"Alberdi: Passalacqua supervis\u00f3 el avance de la obra de la EPET 53 - Alberdi .UNO - Red Misiones.uno\",\"isPartOf\":{\"@id\":\"https:\/\/alberdi.uno\/#website\"},\"primaryImageOfPage\":{\"@id\":\"https:\/\/alberdi.uno\/index.php\/2026\/02\/20\/alberdi-passalacqua-superviso-el-avance-de-la-obra-de-la-epet-53\/#primaryimage\"},\"image\":{\"@id\":\"https:\/\/alberdi.uno\/index.php\/2026\/02\/20\/alberdi-passalacqua-superviso-el-avance-de-la-obra-de-la-epet-53\/#primaryimage\"},\"thumbnailUrl\":\"https:\/\/alberdi.uno\/wp-content\/uploads\/2026\/02\/ALBERDIUNO.jpg\",\"datePublished\":\"2026-02-20T11:14:08+00:00\",\"author\":{\"@id\":\"https:\/\/alberdi.uno\/#\/schema\/person\/7af09aba735a9b91f78556601849d2c6\"},\"breadcrumb\":{\"@id\":\"https:\/\/alberdi.uno\/index.php\/2026\/02\/20\/alberdi-passalacqua-superviso-el-avance-de-la-obra-de-la-epet-53\/#breadcrumb\"},\"inLanguage\":\"es-AR\",\"potentialAction\":[{\"@type\":\"ReadAction\",\"target\":[\"https:\/\/alberdi.uno\/index.php\/2026\/02\/20\/alberdi-passalacqua-superviso-el-avance-de-la-obra-de-la-epet-53\/\"]}]},{\"@type\":\"ImageObject\",\"inLanguage\":\"es-AR\",\"@id\":\"https:\/\/alberdi.uno\/index.php\/2026\/02\/20\/alberdi-passalacqua-superviso-el-avance-de-la-obra-de-la-epet-53\/#primaryimage\",\"url\":\"https:\/\/alberdi.uno\/wp-content\/uploads\/2026\/02\/ALBERDIUNO.jpg\",\"contentUrl\":\"https:\/\/alberdi.uno\/wp-content\/uploads\/2026\/02\/ALBERDIUNO.jpg\",\"width\":640,\"height\":853},{\"@type\":\"BreadcrumbList\",\"@id\":\"https:\/\/alberdi.uno\/index.php\/2026\/02\/20\/alberdi-passalacqua-superviso-el-avance-de-la-obra-de-la-epet-53\/#breadcrumb\",\"itemListElement\":[{\"@type\":\"ListItem\",\"position\":1,\"name\":\"Inicio\",\"item\":\"https:\/\/alberdi.uno\/\"},{\"@type\":\"ListItem\",\"position\":2,\"name\":\"Alberdi: Passalacqua supervis\u00f3 el avance de la obra de la EPET 53\"}]},{\"@type\":\"WebSite\",\"@id\":\"https:\/\/alberdi.uno\/#website\",\"url\":\"https:\/\/alberdi.uno\/\",\"name\":\"Alberdi .UNO - Red Misiones.uno\",\"description\":\"Noticias de Colonia Alberdi\",\"potentialAction\":[{\"@type\":\"SearchAction\",\"target\":{\"@type\":\"EntryPoint\",\"urlTemplate\":\"https:\/\/alberdi.uno\/?s={search_term_string}\"},\"query-input\":{\"@type\":\"PropertyValueSpecification\",\"valueRequired\":true,\"valueName\":\"search_term_string\"}}],\"inLanguage\":\"es-AR\"},{\"@type\":\"Person\",\"@id\":\"https:\/\/alberdi.uno\/#\/schema\/person\/7af09aba735a9b91f78556601849d2c6\",\"name\":\"admin\",\"image\":{\"@type\":\"ImageObject\",\"inLanguage\":\"es-AR\",\"@id\":\"https:\/\/alberdi.uno\/#\/schema\/person\/image\/\",\"url\":\"https:\/\/secure.gravatar.com\/avatar\/988cc68d97727f2265e15e4e04f35d45d93f5493d81192c37b6fcdf6407dba8c?s=96&d=mm&r=g\",\"contentUrl\":\"https:\/\/secure.gravatar.com\/avatar\/988cc68d97727f2265e15e4e04f35d45d93f5493d81192c37b6fcdf6407dba8c?s=96&d=mm&r=g\",\"caption\":\"admin\"},\"sameAs\":[\"http:\/\/alberdi.uno\"],\"url\":\"https:\/\/alberdi.uno\/index.php\/author\/admin\/\"}]}<\/script>\n<!-- \/ Yoast SEO plugin. -->","yoast_head_json":{"title":"Alberdi: Passalacqua supervis\u00f3 el avance de la obra de la EPET 53 - Alberdi .UNO - Red Misiones.uno","robots":{"index":"index","follow":"follow","max-snippet":"max-snippet:-1","max-image-preview":"max-image-preview:large","max-video-preview":"max-video-preview:-1"},"canonical":"https:\/\/alberdi.uno\/index.php\/2026\/02\/20\/alberdi-passalacqua-superviso-el-avance-de-la-obra-de-la-epet-53\/","og_locale":"es_ES","og_type":"article","og_title":"Alberdi: Passalacqua supervis\u00f3 el avance de la obra de la EPET 53 - Alberdi .UNO - Red Misiones.uno","og_description":"AGENCIA MISIONES.UNO | El gobernador Hugo Passalacqua visit\u00f3 la localidad [...]","og_url":"https:\/\/alberdi.uno\/index.php\/2026\/02\/20\/alberdi-passalacqua-superviso-el-avance-de-la-obra-de-la-epet-53\/","og_site_name":"Alberdi .UNO - Red Misiones.uno","article_published_time":"2026-02-20T11:14:08+00:00","author":"admin","twitter_card":"summary_large_image","twitter_misc":{"Escrito por":"admin","Tiempo de lectura":"1 minuto"},"schema":{"@context":"https:\/\/schema.org","@graph":[{"@type":"Article","@id":"https:\/\/alberdi.uno\/index.php\/2026\/02\/20\/alberdi-passalacqua-superviso-el-avance-de-la-obra-de-la-epet-53\/#article","isPartOf":{"@id":"https:\/\/alberdi.uno\/index.php\/2026\/02\/20\/alberdi-passalacqua-superviso-el-avance-de-la-obra-de-la-epet-53\/"},"author":{"name":"admin","@id":"https:\/\/alberdi.uno\/#\/schema\/person\/7af09aba735a9b91f78556601849d2c6"},"headline":"Alberdi: Passalacqua supervis\u00f3 el avance de la obra de la EPET 53","datePublished":"2026-02-20T11:14:08+00:00","mainEntityOfPage":{"@id":"https:\/\/alberdi.uno\/index.php\/2026\/02\/20\/alberdi-passalacqua-superviso-el-avance-de-la-obra-de-la-epet-53\/"},"wordCount":211,"image":{"@id":"https:\/\/alberdi.uno\/index.php\/2026\/02\/20\/alberdi-passalacqua-superviso-el-avance-de-la-obra-de-la-epet-53\/#primaryimage"},"thumbnailUrl":"https:\/\/alberdi.uno\/wp-content\/uploads\/2026\/02\/ALBERDIUNO.jpg","articleSection":["Alberdi","Gobierno de Misiones","Gobiernos Municipales","Obra P\u00fablica"],"inLanguage":"es-AR"},{"@type":"WebPage","@id":"https:\/\/alberdi.uno\/index.php\/2026\/02\/20\/alberdi-passalacqua-superviso-el-avance-de-la-obra-de-la-epet-53\/","url":"https:\/\/alberdi.uno\/index.php\/2026\/02\/20\/alberdi-passalacqua-superviso-el-avance-de-la-obra-de-la-epet-53\/","name":"Alberdi: Passalacqua supervis\u00f3 el avance de la obra de la EPET 53 - Alberdi .UNO - Red Misiones.uno","isPartOf":{"@id":"https:\/\/alberdi.uno\/#website"},"primaryImageOfPage":{"@id":"https:\/\/alberdi.uno\/index.php\/2026\/02\/20\/alberdi-passalacqua-superviso-el-avance-de-la-obra-de-la-epet-53\/#primaryimage"},"image":{"@id":"https:\/\/alberdi.uno\/index.php\/2026\/02\/20\/alberdi-passalacqua-superviso-el-avance-de-la-obra-de-la-epet-53\/#primaryimage"},"thumbnailUrl":"https:\/\/alberdi.uno\/wp-content\/uploads\/2026\/02\/ALBERDIUNO.jpg","datePublished":"2026-02-20T11:14:08+00:00","author":{"@id":"https:\/\/alberdi.uno\/#\/schema\/person\/7af09aba735a9b91f78556601849d2c6"},"breadcrumb":{"@id":"https:\/\/alberdi.uno\/index.php\/2026\/02\/20\/alberdi-passalacqua-superviso-el-avance-de-la-obra-de-la-epet-53\/#breadcrumb"},"inLanguage":"es-AR","potentialAction":[{"@type":"ReadAction","target":["https:\/\/alberdi.uno\/index.php\/2026\/02\/20\/alberdi-passalacqua-superviso-el-avance-de-la-obra-de-la-epet-53\/"]}]},{"@type":"ImageObject","inLanguage":"es-AR","@id":"https:\/\/alberdi.uno\/index.php\/2026\/02\/20\/alberdi-passalacqua-superviso-el-avance-de-la-obra-de-la-epet-53\/#primaryimage","url":"https:\/\/alberdi.uno\/wp-content\/uploads\/2026\/02\/ALBERDIUNO.jpg","contentUrl":"https:\/\/alberdi.uno\/wp-content\/uploads\/2026\/02\/ALBERDIUNO.jpg","width":640,"height":853},{"@type":"BreadcrumbList","@id":"https:\/\/alberdi.uno\/index.php\/2026\/02\/20\/alberdi-passalacqua-superviso-el-avance-de-la-obra-de-la-epet-53\/#breadcrumb","itemListElement":[{"@type":"ListItem","position":1,"name":"Inicio","item":"https:\/\/alberdi.uno\/"},{"@type":"ListItem","position":2,"name":"Alberdi: Passalacqua supervis\u00f3 el avance de la obra de la EPET 53"}]},{"@type":"WebSite","@id":"https:\/\/alberdi.uno\/#website","url":"https:\/\/alberdi.uno\/","name":"Alberdi .UNO - Red Misiones.uno","description":"Noticias de Colonia Alberdi","potentialAction":[{"@type":"SearchAction","target":{"@type":"EntryPoint","urlTemplate":"https:\/\/alberdi.uno\/?s={search_term_string}"},"query-input":{"@type":"PropertyValueSpecification","valueRequired":true,"valueName":"search_term_string"}}],"inLanguage":"es-AR"},{"@type":"Person","@id":"https:\/\/alberdi.uno\/#\/schema\/person\/7af09aba735a9b91f78556601849d2c6","name":"admin","image":{"@type":"ImageObject","inLanguage":"es-AR","@id":"https:\/\/alberdi.uno\/#\/schema\/person\/image\/","url":"https:\/\/secure.gravatar.com\/avatar\/988cc68d97727f2265e15e4e04f35d45d93f5493d81192c37b6fcdf6407dba8c?s=96&d=mm&r=g","contentUrl":"https:\/\/secure.gravatar.com\/avatar\/988cc68d97727f2265e15e4e04f35d45d93f5493d81192c37b6fcdf6407dba8c?s=96&d=mm&r=g","caption":"admin"},"sameAs":["http:\/\/alberdi.uno"],"url":"https:\/\/alberdi.uno\/index.php\/author\/admin\/"}]}},"_links":{"self":[{"href":"https:\/\/alberdi.uno\/index.php\/wp-json\/wp\/v2\/posts\/1179","targetHints":{"allow":["GET"]}}],"collection":[{"href":"https:\/\/alberdi.uno\/index.php\/wp-json\/wp\/v2\/posts"}],"about":[{"href":"https:\/\/alberdi.uno\/index.php\/wp-json\/wp\/v2\/types\/post"}],"author":[{"embeddable":true,"href":"https:\/\/alberdi.uno\/index.php\/wp-json\/wp\/v2\/users\/1"}],"replies":[{"embeddable":true,"href":"https:\/\/alberdi.uno\/index.php\/wp-json\/wp\/v2\/comments?post=1179"}],"version-history":[{"count":0,"href":"https:\/\/alberdi.uno\/index.php\/wp-json\/wp\/v2\/posts\/1179\/revisions"}],"wp:featuredmedia":[{"embeddable":true,"href":"https:\/\/alberdi.uno\/index.php\/wp-json\/wp\/v2\/media\/1180"}],"wp:attachment":[{"href":"https:\/\/alberdi.uno\/index.php\/wp-json\/wp\/v2\/media?parent=1179"}],"wp:term":[{"taxonomy":"category","embeddable":true,"href":"https:\/\/alberdi.uno\/index.php\/wp-json\/wp\/v2\/categories?post=1179"},{"taxonomy":"post_tag","embeddable":true,"href":"https:\/\/alberdi.uno\/index.php\/wp-json\/wp\/v2\/tags?post=1179"}],"curies":[{"name":"wp","href":"https:\/\/api.w.org\/{rel}","templated":true}]}}