{"id":1175,"date":"2026-02-19T16:22:54","date_gmt":"2026-02-19T19:22:54","guid":{"rendered":"https:\/\/alberdi.uno\/index.php\/2026\/02\/19\/presentaron-en-posadas-el-encuentro-de-autos-y-motos-solidario-que-se-realizara-en-colonia-alberdi\/"},"modified":"2026-02-19T16:22:54","modified_gmt":"2026-02-19T19:22:54","slug":"presentaron-en-posadas-el-encuentro-de-autos-y-motos-solidario-que-se-realizara-en-colonia-alberdi","status":"publish","type":"post","link":"https:\/\/alberdi.uno\/index.php\/2026\/02\/19\/presentaron-en-posadas-el-encuentro-de-autos-y-motos-solidario-que-se-realizara-en-colonia-alberdi\/","title":{"rendered":"Presentaron en Posadas el Encuentro de Autos y Motos solidario que se realizar\u00e1 en Colonia Alberdi"},"content":{"rendered":"<div>\n<p data-start=\"100\" data-end=\"359\"><strong data-start=\"100\" data-end=\"359\"><a class=\"decorated-link\" href=\"https:\/\/agenciamisiones.uno\/\" target=\"_new\" rel=\"noopener\" data-start=\"102\" data-end=\"153\">AGENCIA MISIONES.UNO<\/a> | El evento se desarrollar\u00e1 el 21 y 22 de febrero en el Centro Recreativo El Chap\u00e1 y ser\u00e1 a beneficio del Hogar Santa Teresita de Ober\u00e1. La presentaci\u00f3n se realiz\u00f3 en el Ministerio de Turismo de Posadas.<\/strong><\/p>\n<hr>\n<p data-start=\"361\" data-end=\"634\">Este jueves se llev\u00f3 a cabo una rueda de prensa en el Ministerio de Turismo de Posadas con el objetivo de informar e invitar a la comunidad al gran Encuentro de Autos y Motos que tendr\u00e1 lugar los d\u00edas 21 y 22 de febrero en el Centro Recreativo El Chap\u00e1, en Colonia Alberdi.<\/p>\n<p data-start=\"636\" data-end=\"966\">El evento tendr\u00e1 car\u00e1cter solidario, ya que lo recaudado ser\u00e1 destinado al Hogar Santa Teresita de Ober\u00e1. La propuesta reunir\u00e1 autos cl\u00e1sicos y motos antiguas, combinando la pasi\u00f3n por los veh\u00edculos con un fuerte compromiso social, en una convocatoria abierta a vecinos y visitantes que deseen participar y colaborar con la causa.<\/p>\n<p data-start=\"968\" data-end=\"1289\" data-is-last-node=\"\" data-is-only-node=\"\">Durante la presentaci\u00f3n ante los medios estuvieron presentes Alfredo Villalba, organizador del encuentro; Mauro Biolatto, coordinador de Turismo de Colonia Chap\u00e1; y Jazm\u00edn Gysla, Donosa Provincial de los Ranchos, quienes brindaron detalles de la actividad e invitaron a la comunidad a sumarse a esta iniciativa solidaria.<\/p>\n<p data-start=\"968\" data-end=\"1289\" data-is-last-node=\"\" data-is-only-node=\"\"><img fetchpriority=\"high\" decoding=\"async\" class=\"aligncenter size-full wp-image-14635\" src=\"https:\/\/alberdi.uno\/wp-content\/uploads\/2026\/02\/MASTER-FOTOS-ALBERDI-4.jpg\" alt=\"\" width=\"640\" height=\"853\" srcset=\"https:\/\/misiones.uno\/wp-content\/uploads\/2026\/02\/MASTER-FOTOS-ALBERDI-4-200x267.jpg 200w, https:\/\/misiones.uno\/wp-content\/uploads\/2026\/02\/MASTER-FOTOS-ALBERDI-4-225x300.jpg 225w, https:\/\/misiones.uno\/wp-content\/uploads\/2026\/02\/MASTER-FOTOS-ALBERDI-4-400x533.jpg 400w, https:\/\/misiones.uno\/wp-content\/uploads\/2026\/02\/MASTER-FOTOS-ALBERDI-4-600x800.jpg 600w, https:\/\/alberdi.uno\/wp-content\/uploads\/2026\/02\/MASTER-FOTOS-ALBERDI-4.jpg 640w\" sizes=\"(max-width: 640px) 100vw, 640px\"> <img decoding=\"async\" class=\"aligncenter size-full wp-image-14633\" src=\"https:\/\/alberdi.uno\/wp-content\/uploads\/2026\/02\/ALBERDII.jpg\" alt=\"\" width=\"640\" height=\"853\" srcset=\"https:\/\/misiones.uno\/wp-content\/uploads\/2026\/02\/ALBERDII-200x267.jpg 200w, https:\/\/misiones.uno\/wp-content\/uploads\/2026\/02\/ALBERDII-225x300.jpg 225w, https:\/\/misiones.uno\/wp-content\/uploads\/2026\/02\/ALBERDII-400x533.jpg 400w, https:\/\/misiones.uno\/wp-content\/uploads\/2026\/02\/ALBERDII-600x800.jpg 600w, https:\/\/alberdi.uno\/wp-content\/uploads\/2026\/02\/ALBERDII.jpg 640w\" sizes=\"(max-width: 640px) 100vw, 640px\"> <img decoding=\"async\" class=\"aligncenter size-full wp-image-14632\" src=\"https:\/\/alberdi.uno\/wp-content\/uploads\/2026\/02\/ALBERDI-1.jpg\" alt=\"\" width=\"640\" height=\"853\" srcset=\"https:\/\/misiones.uno\/wp-content\/uploads\/2026\/02\/ALBERDI-1-200x267.jpg 200w, https:\/\/misiones.uno\/wp-content\/uploads\/2026\/02\/ALBERDI-1-225x300.jpg 225w, https:\/\/misiones.uno\/wp-content\/uploads\/2026\/02\/ALBERDI-1-400x533.jpg 400w, https:\/\/misiones.uno\/wp-content\/uploads\/2026\/02\/ALBERDI-1-600x800.jpg 600w, https:\/\/alberdi.uno\/wp-content\/uploads\/2026\/02\/ALBERDI-1.jpg 640w\" sizes=\"(max-width: 640px) 100vw, 640px\"><\/p>\n<\/div>\n","protected":false},"excerpt":{"rendered":"<p>AGENCIA MISIONES.UNO | El evento se desarrollar\u00e1 el 21 y  [&#8230;]<\/p>\n","protected":false},"author":1,"featured_media":1176,"comment_status":"closed","ping_status":"closed","sticky":false,"template":"","format":"standard","meta":{"fifu_image_url":"","fifu_image_alt":"","footnotes":""},"categories":[38,68,97,16],"tags":[],"class_list":["post-1175","post","type-post","status-publish","format-standard","has-post-thumbnail","hentry","category-alberdi","category-elmunicipal-uno","category-misionesturismo-uno","category-posadas"],"acf":[],"yoast_head":"<!-- This site is optimized with the Yoast SEO plugin v26.7 - https:\/\/yoast.com\/wordpress\/plugins\/seo\/ -->\n<title>Presentaron en Posadas el Encuentro de Autos y Motos solidario que se realizar\u00e1 en Colonia Alberdi - Alberdi .UNO - Red Misiones.uno<\/title>\n<meta name=\"robots\" content=\"index, follow, max-snippet:-1, max-image-preview:large, max-video-preview:-1\" \/>\n<link rel=\"canonical\" href=\"https:\/\/alberdi.uno\/index.php\/2026\/02\/19\/presentaron-en-posadas-el-encuentro-de-autos-y-motos-solidario-que-se-realizara-en-colonia-alberdi\/\" \/>\n<meta property=\"og:locale\" content=\"es_ES\" \/>\n<meta property=\"og:type\" content=\"article\" \/>\n<meta property=\"og:title\" content=\"Presentaron en Posadas el Encuentro de Autos y Motos solidario que se realizar\u00e1 en Colonia Alberdi - Alberdi .UNO - Red Misiones.uno\" \/>\n<meta property=\"og:description\" content=\"AGENCIA MISIONES.UNO | El evento se desarrollar\u00e1 el 21 y [...]\" \/>\n<meta property=\"og:url\" content=\"https:\/\/alberdi.uno\/index.php\/2026\/02\/19\/presentaron-en-posadas-el-encuentro-de-autos-y-motos-solidario-que-se-realizara-en-colonia-alberdi\/\" \/>\n<meta property=\"og:site_name\" content=\"Alberdi .UNO - Red Misiones.uno\" \/>\n<meta property=\"article:published_time\" content=\"2026-02-19T19:22:54+00:00\" \/>\n<meta name=\"author\" content=\"admin\" \/>\n<meta name=\"twitter:card\" content=\"summary_large_image\" \/>\n<meta name=\"twitter:label1\" content=\"Escrito por\" \/>\n\t<meta name=\"twitter:data1\" content=\"admin\" \/>\n\t<meta name=\"twitter:label2\" content=\"Tiempo de lectura\" \/>\n\t<meta name=\"twitter:data2\" content=\"1 minuto\" \/>\n<script type=\"application\/ld+json\" class=\"yoast-schema-graph\">{\"@context\":\"https:\/\/schema.org\",\"@graph\":[{\"@type\":\"Article\",\"@id\":\"https:\/\/alberdi.uno\/index.php\/2026\/02\/19\/presentaron-en-posadas-el-encuentro-de-autos-y-motos-solidario-que-se-realizara-en-colonia-alberdi\/#article\",\"isPartOf\":{\"@id\":\"https:\/\/alberdi.uno\/index.php\/2026\/02\/19\/presentaron-en-posadas-el-encuentro-de-autos-y-motos-solidario-que-se-realizara-en-colonia-alberdi\/\"},\"author\":{\"name\":\"admin\",\"@id\":\"https:\/\/alberdi.uno\/#\/schema\/person\/7af09aba735a9b91f78556601849d2c6\"},\"headline\":\"Presentaron en Posadas el Encuentro de Autos y Motos solidario que se realizar\u00e1 en Colonia Alberdi\",\"datePublished\":\"2026-02-19T19:22:54+00:00\",\"mainEntityOfPage\":{\"@id\":\"https:\/\/alberdi.uno\/index.php\/2026\/02\/19\/presentaron-en-posadas-el-encuentro-de-autos-y-motos-solidario-que-se-realizara-en-colonia-alberdi\/\"},\"wordCount\":211,\"image\":{\"@id\":\"https:\/\/alberdi.uno\/index.php\/2026\/02\/19\/presentaron-en-posadas-el-encuentro-de-autos-y-motos-solidario-que-se-realizara-en-colonia-alberdi\/#primaryimage\"},\"thumbnailUrl\":\"https:\/\/alberdi.uno\/wp-content\/uploads\/2026\/02\/MASTER-FOTOS-ALBERDI-4.jpg\",\"articleSection\":[\"Alberdi\",\"ELMUNICIPAL.UNO\",\"MISIONESTURISMO.UNO\",\"Posadas\"],\"inLanguage\":\"es-AR\"},{\"@type\":\"WebPage\",\"@id\":\"https:\/\/alberdi.uno\/index.php\/2026\/02\/19\/presentaron-en-posadas-el-encuentro-de-autos-y-motos-solidario-que-se-realizara-en-colonia-alberdi\/\",\"url\":\"https:\/\/alberdi.uno\/index.php\/2026\/02\/19\/presentaron-en-posadas-el-encuentro-de-autos-y-motos-solidario-que-se-realizara-en-colonia-alberdi\/\",\"name\":\"Presentaron en Posadas el Encuentro de Autos y Motos solidario que se realizar\u00e1 en Colonia Alberdi - Alberdi .UNO - Red Misiones.uno\",\"isPartOf\":{\"@id\":\"https:\/\/alberdi.uno\/#website\"},\"primaryImageOfPage\":{\"@id\":\"https:\/\/alberdi.uno\/index.php\/2026\/02\/19\/presentaron-en-posadas-el-encuentro-de-autos-y-motos-solidario-que-se-realizara-en-colonia-alberdi\/#primaryimage\"},\"image\":{\"@id\":\"https:\/\/alberdi.uno\/index.php\/2026\/02\/19\/presentaron-en-posadas-el-encuentro-de-autos-y-motos-solidario-que-se-realizara-en-colonia-alberdi\/#primaryimage\"},\"thumbnailUrl\":\"https:\/\/alberdi.uno\/wp-content\/uploads\/2026\/02\/MASTER-FOTOS-ALBERDI-4.jpg\",\"datePublished\":\"2026-02-19T19:22:54+00:00\",\"author\":{\"@id\":\"https:\/\/alberdi.uno\/#\/schema\/person\/7af09aba735a9b91f78556601849d2c6\"},\"breadcrumb\":{\"@id\":\"https:\/\/alberdi.uno\/index.php\/2026\/02\/19\/presentaron-en-posadas-el-encuentro-de-autos-y-motos-solidario-que-se-realizara-en-colonia-alberdi\/#breadcrumb\"},\"inLanguage\":\"es-AR\",\"potentialAction\":[{\"@type\":\"ReadAction\",\"target\":[\"https:\/\/alberdi.uno\/index.php\/2026\/02\/19\/presentaron-en-posadas-el-encuentro-de-autos-y-motos-solidario-que-se-realizara-en-colonia-alberdi\/\"]}]},{\"@type\":\"ImageObject\",\"inLanguage\":\"es-AR\",\"@id\":\"https:\/\/alberdi.uno\/index.php\/2026\/02\/19\/presentaron-en-posadas-el-encuentro-de-autos-y-motos-solidario-que-se-realizara-en-colonia-alberdi\/#primaryimage\",\"url\":\"https:\/\/alberdi.uno\/wp-content\/uploads\/2026\/02\/MASTER-FOTOS-ALBERDI-4.jpg\",\"contentUrl\":\"https:\/\/alberdi.uno\/wp-content\/uploads\/2026\/02\/MASTER-FOTOS-ALBERDI-4.jpg\",\"width\":640,\"height\":853},{\"@type\":\"BreadcrumbList\",\"@id\":\"https:\/\/alberdi.uno\/index.php\/2026\/02\/19\/presentaron-en-posadas-el-encuentro-de-autos-y-motos-solidario-que-se-realizara-en-colonia-alberdi\/#breadcrumb\",\"itemListElement\":[{\"@type\":\"ListItem\",\"position\":1,\"name\":\"Inicio\",\"item\":\"https:\/\/alberdi.uno\/\"},{\"@type\":\"ListItem\",\"position\":2,\"name\":\"Presentaron en Posadas el Encuentro de Autos y Motos solidario que se realizar\u00e1 en Colonia Alberdi\"}]},{\"@type\":\"WebSite\",\"@id\":\"https:\/\/alberdi.uno\/#website\",\"url\":\"https:\/\/alberdi.uno\/\",\"name\":\"Alberdi .UNO - Red Misiones.uno\",\"description\":\"Noticias de Colonia Alberdi\",\"potentialAction\":[{\"@type\":\"SearchAction\",\"target\":{\"@type\":\"EntryPoint\",\"urlTemplate\":\"https:\/\/alberdi.uno\/?s={search_term_string}\"},\"query-input\":{\"@type\":\"PropertyValueSpecification\",\"valueRequired\":true,\"valueName\":\"search_term_string\"}}],\"inLanguage\":\"es-AR\"},{\"@type\":\"Person\",\"@id\":\"https:\/\/alberdi.uno\/#\/schema\/person\/7af09aba735a9b91f78556601849d2c6\",\"name\":\"admin\",\"image\":{\"@type\":\"ImageObject\",\"inLanguage\":\"es-AR\",\"@id\":\"https:\/\/alberdi.uno\/#\/schema\/person\/image\/\",\"url\":\"https:\/\/secure.gravatar.com\/avatar\/988cc68d97727f2265e15e4e04f35d45d93f5493d81192c37b6fcdf6407dba8c?s=96&d=mm&r=g\",\"contentUrl\":\"https:\/\/secure.gravatar.com\/avatar\/988cc68d97727f2265e15e4e04f35d45d93f5493d81192c37b6fcdf6407dba8c?s=96&d=mm&r=g\",\"caption\":\"admin\"},\"sameAs\":[\"http:\/\/alberdi.uno\"],\"url\":\"https:\/\/alberdi.uno\/index.php\/author\/admin\/\"}]}<\/script>\n<!-- \/ Yoast SEO plugin. -->","yoast_head_json":{"title":"Presentaron en Posadas el Encuentro de Autos y Motos solidario que se realizar\u00e1 en Colonia Alberdi - Alberdi .UNO - Red Misiones.uno","robots":{"index":"index","follow":"follow","max-snippet":"max-snippet:-1","max-image-preview":"max-image-preview:large","max-video-preview":"max-video-preview:-1"},"canonical":"https:\/\/alberdi.uno\/index.php\/2026\/02\/19\/presentaron-en-posadas-el-encuentro-de-autos-y-motos-solidario-que-se-realizara-en-colonia-alberdi\/","og_locale":"es_ES","og_type":"article","og_title":"Presentaron en Posadas el Encuentro de Autos y Motos solidario que se realizar\u00e1 en Colonia Alberdi - Alberdi .UNO - Red Misiones.uno","og_description":"AGENCIA MISIONES.UNO | El evento se desarrollar\u00e1 el 21 y [...]","og_url":"https:\/\/alberdi.uno\/index.php\/2026\/02\/19\/presentaron-en-posadas-el-encuentro-de-autos-y-motos-solidario-que-se-realizara-en-colonia-alberdi\/","og_site_name":"Alberdi .UNO - Red Misiones.uno","article_published_time":"2026-02-19T19:22:54+00:00","author":"admin","twitter_card":"summary_large_image","twitter_misc":{"Escrito por":"admin","Tiempo de lectura":"1 minuto"},"schema":{"@context":"https:\/\/schema.org","@graph":[{"@type":"Article","@id":"https:\/\/alberdi.uno\/index.php\/2026\/02\/19\/presentaron-en-posadas-el-encuentro-de-autos-y-motos-solidario-que-se-realizara-en-colonia-alberdi\/#article","isPartOf":{"@id":"https:\/\/alberdi.uno\/index.php\/2026\/02\/19\/presentaron-en-posadas-el-encuentro-de-autos-y-motos-solidario-que-se-realizara-en-colonia-alberdi\/"},"author":{"name":"admin","@id":"https:\/\/alberdi.uno\/#\/schema\/person\/7af09aba735a9b91f78556601849d2c6"},"headline":"Presentaron en Posadas el Encuentro de Autos y Motos solidario que se realizar\u00e1 en Colonia Alberdi","datePublished":"2026-02-19T19:22:54+00:00","mainEntityOfPage":{"@id":"https:\/\/alberdi.uno\/index.php\/2026\/02\/19\/presentaron-en-posadas-el-encuentro-de-autos-y-motos-solidario-que-se-realizara-en-colonia-alberdi\/"},"wordCount":211,"image":{"@id":"https:\/\/alberdi.uno\/index.php\/2026\/02\/19\/presentaron-en-posadas-el-encuentro-de-autos-y-motos-solidario-que-se-realizara-en-colonia-alberdi\/#primaryimage"},"thumbnailUrl":"https:\/\/alberdi.uno\/wp-content\/uploads\/2026\/02\/MASTER-FOTOS-ALBERDI-4.jpg","articleSection":["Alberdi","ELMUNICIPAL.UNO","MISIONESTURISMO.UNO","Posadas"],"inLanguage":"es-AR"},{"@type":"WebPage","@id":"https:\/\/alberdi.uno\/index.php\/2026\/02\/19\/presentaron-en-posadas-el-encuentro-de-autos-y-motos-solidario-que-se-realizara-en-colonia-alberdi\/","url":"https:\/\/alberdi.uno\/index.php\/2026\/02\/19\/presentaron-en-posadas-el-encuentro-de-autos-y-motos-solidario-que-se-realizara-en-colonia-alberdi\/","name":"Presentaron en Posadas el Encuentro de Autos y Motos solidario que se realizar\u00e1 en Colonia Alberdi - Alberdi .UNO - Red Misiones.uno","isPartOf":{"@id":"https:\/\/alberdi.uno\/#website"},"primaryImageOfPage":{"@id":"https:\/\/alberdi.uno\/index.php\/2026\/02\/19\/presentaron-en-posadas-el-encuentro-de-autos-y-motos-solidario-que-se-realizara-en-colonia-alberdi\/#primaryimage"},"image":{"@id":"https:\/\/alberdi.uno\/index.php\/2026\/02\/19\/presentaron-en-posadas-el-encuentro-de-autos-y-motos-solidario-que-se-realizara-en-colonia-alberdi\/#primaryimage"},"thumbnailUrl":"https:\/\/alberdi.uno\/wp-content\/uploads\/2026\/02\/MASTER-FOTOS-ALBERDI-4.jpg","datePublished":"2026-02-19T19:22:54+00:00","author":{"@id":"https:\/\/alberdi.uno\/#\/schema\/person\/7af09aba735a9b91f78556601849d2c6"},"breadcrumb":{"@id":"https:\/\/alberdi.uno\/index.php\/2026\/02\/19\/presentaron-en-posadas-el-encuentro-de-autos-y-motos-solidario-que-se-realizara-en-colonia-alberdi\/#breadcrumb"},"inLanguage":"es-AR","potentialAction":[{"@type":"ReadAction","target":["https:\/\/alberdi.uno\/index.php\/2026\/02\/19\/presentaron-en-posadas-el-encuentro-de-autos-y-motos-solidario-que-se-realizara-en-colonia-alberdi\/"]}]},{"@type":"ImageObject","inLanguage":"es-AR","@id":"https:\/\/alberdi.uno\/index.php\/2026\/02\/19\/presentaron-en-posadas-el-encuentro-de-autos-y-motos-solidario-que-se-realizara-en-colonia-alberdi\/#primaryimage","url":"https:\/\/alberdi.uno\/wp-content\/uploads\/2026\/02\/MASTER-FOTOS-ALBERDI-4.jpg","contentUrl":"https:\/\/alberdi.uno\/wp-content\/uploads\/2026\/02\/MASTER-FOTOS-ALBERDI-4.jpg","width":640,"height":853},{"@type":"BreadcrumbList","@id":"https:\/\/alberdi.uno\/index.php\/2026\/02\/19\/presentaron-en-posadas-el-encuentro-de-autos-y-motos-solidario-que-se-realizara-en-colonia-alberdi\/#breadcrumb","itemListElement":[{"@type":"ListItem","position":1,"name":"Inicio","item":"https:\/\/alberdi.uno\/"},{"@type":"ListItem","position":2,"name":"Presentaron en Posadas el Encuentro de Autos y Motos solidario que se realizar\u00e1 en Colonia Alberdi"}]},{"@type":"WebSite","@id":"https:\/\/alberdi.uno\/#website","url":"https:\/\/alberdi.uno\/","name":"Alberdi .UNO - Red Misiones.uno","description":"Noticias de Colonia Alberdi","potentialAction":[{"@type":"SearchAction","target":{"@type":"EntryPoint","urlTemplate":"https:\/\/alberdi.uno\/?s={search_term_string}"},"query-input":{"@type":"PropertyValueSpecification","valueRequired":true,"valueName":"search_term_string"}}],"inLanguage":"es-AR"},{"@type":"Person","@id":"https:\/\/alberdi.uno\/#\/schema\/person\/7af09aba735a9b91f78556601849d2c6","name":"admin","image":{"@type":"ImageObject","inLanguage":"es-AR","@id":"https:\/\/alberdi.uno\/#\/schema\/person\/image\/","url":"https:\/\/secure.gravatar.com\/avatar\/988cc68d97727f2265e15e4e04f35d45d93f5493d81192c37b6fcdf6407dba8c?s=96&d=mm&r=g","contentUrl":"https:\/\/secure.gravatar.com\/avatar\/988cc68d97727f2265e15e4e04f35d45d93f5493d81192c37b6fcdf6407dba8c?s=96&d=mm&r=g","caption":"admin"},"sameAs":["http:\/\/alberdi.uno"],"url":"https:\/\/alberdi.uno\/index.php\/author\/admin\/"}]}},"_links":{"self":[{"href":"https:\/\/alberdi.uno\/index.php\/wp-json\/wp\/v2\/posts\/1175","targetHints":{"allow":["GET"]}}],"collection":[{"href":"https:\/\/alberdi.uno\/index.php\/wp-json\/wp\/v2\/posts"}],"about":[{"href":"https:\/\/alberdi.uno\/index.php\/wp-json\/wp\/v2\/types\/post"}],"author":[{"embeddable":true,"href":"https:\/\/alberdi.uno\/index.php\/wp-json\/wp\/v2\/users\/1"}],"replies":[{"embeddable":true,"href":"https:\/\/alberdi.uno\/index.php\/wp-json\/wp\/v2\/comments?post=1175"}],"version-history":[{"count":0,"href":"https:\/\/alberdi.uno\/index.php\/wp-json\/wp\/v2\/posts\/1175\/revisions"}],"wp:featuredmedia":[{"embeddable":true,"href":"https:\/\/alberdi.uno\/index.php\/wp-json\/wp\/v2\/media\/1176"}],"wp:attachment":[{"href":"https:\/\/alberdi.uno\/index.php\/wp-json\/wp\/v2\/media?parent=1175"}],"wp:term":[{"taxonomy":"category","embeddable":true,"href":"https:\/\/alberdi.uno\/index.php\/wp-json\/wp\/v2\/categories?post=1175"},{"taxonomy":"post_tag","embeddable":true,"href":"https:\/\/alberdi.uno\/index.php\/wp-json\/wp\/v2\/tags?post=1175"}],"curies":[{"name":"wp","href":"https:\/\/api.w.org\/{rel}","templated":true}]}}