{"id":113,"date":"2026-01-05T09:43:09","date_gmt":"2026-01-05T12:43:09","guid":{"rendered":"https:\/\/alberdi.uno\/index.php\/2026\/01\/05\/alberdi-anuncio-la-feria-administrativa-con-horarios-especiales-hasta-febrero\/"},"modified":"2026-01-05T09:43:09","modified_gmt":"2026-01-05T12:43:09","slug":"alberdi-anuncio-la-feria-administrativa-con-horarios-especiales-hasta-febrero","status":"publish","type":"post","link":"https:\/\/alberdi.uno\/index.php\/2026\/01\/05\/alberdi-anuncio-la-feria-administrativa-con-horarios-especiales-hasta-febrero\/","title":{"rendered":"ALBERDI: Anunci\u00f3 la feria administrativa con horarios especiales hasta febrero"},"content":{"rendered":"<div>\n<p><!--StartFragment --><\/p>\n<p>MISIONES.UNO \u2013 La Municipalidad inform\u00f3 que la feria administrativa se extender\u00e1 desde el 5 de enero hasta el 6 de febrero, con horarios reducidos en distintas dependencias.<\/p>\n<hr>\n<p><img decoding=\"async\" class=\"aligncenter size-full wp-image-8001\" src=\"https:\/\/alberdi.uno\/wp-content\/uploads\/2026\/01\/MASTER-FOTO-ALBE.jpg\" alt=\"\" width=\"640\" height=\"800\" srcset=\"https:\/\/misiones.uno\/wp-content\/uploads\/2026\/01\/MASTER-FOTO-ALBE-200x250.jpg 200w, https:\/\/misiones.uno\/wp-content\/uploads\/2026\/01\/MASTER-FOTO-ALBE-240x300.jpg 240w, https:\/\/misiones.uno\/wp-content\/uploads\/2026\/01\/MASTER-FOTO-ALBE-400x500.jpg 400w, https:\/\/misiones.uno\/wp-content\/uploads\/2026\/01\/MASTER-FOTO-ALBE-600x750.jpg 600w, https:\/\/misiones.uno\/wp-content\/uploads\/2026\/01\/MASTER-FOTO-ALBE.jpg 640w\" sizes=\"(max-width: 640px) 100vw, 640px\"><\/p>\n<p>La Municipalidad de Alberdi comunic\u00f3 oficialmente la implementaci\u00f3n de la feria administrativa que regir\u00e1 entre el 5 de enero y el 6 de febrero, establecida mediante la Resoluci\u00f3n 01\/2026. Durante este per\u00edodo, las oficinas municipales funcionar\u00e1n con horarios especiales en las diferentes \u00e1reas.<\/p>\n<p>En el sector de Administraci\u00f3n, la atenci\u00f3n al p\u00fablico se realizar\u00e1 de 6:30 a 11 horas. En Obras P\u00fablicas, el horario ser\u00e1 de 6:30 a 12 horas. Por su parte, el personal que cumple funciones en el turno tarde trabajar\u00e1 de 12:30 a 17 horas.<\/p>\n<p>La medida busca organizar el funcionamiento interno de las dependencias municipales durante la temporada de feria, garantizando la continuidad de los servicios esenciales en la localidad.<\/p>\n<p><!--EndFragment --><\/p>\n<\/div>\n","protected":false},"excerpt":{"rendered":"<p>MISIONES.UNO \u2013 La Municipalidad inform\u00f3 que la feria administrativa se  [&#8230;]<\/p>\n","protected":false},"author":1,"featured_media":114,"comment_status":"closed","ping_status":"closed","sticky":false,"template":"","format":"standard","meta":{"fifu_image_url":"","fifu_image_alt":"","footnotes":""},"categories":[38,7],"tags":[],"class_list":["post-113","post","type-post","status-publish","format-standard","has-post-thumbnail","hentry","category-alberdi","category-sociedad"],"acf":[],"yoast_head":"<!-- This site is optimized with the Yoast SEO plugin v26.7 - https:\/\/yoast.com\/wordpress\/plugins\/seo\/ -->\n<title>ALBERDI: Anunci\u00f3 la feria administrativa con horarios especiales hasta febrero - Alberdi .UNO - Red Misiones.uno<\/title>\n<meta name=\"robots\" content=\"index, follow, max-snippet:-1, max-image-preview:large, max-video-preview:-1\" \/>\n<link rel=\"canonical\" href=\"https:\/\/alberdi.uno\/index.php\/2026\/01\/05\/alberdi-anuncio-la-feria-administrativa-con-horarios-especiales-hasta-febrero\/\" \/>\n<meta property=\"og:locale\" content=\"es_ES\" \/>\n<meta property=\"og:type\" content=\"article\" \/>\n<meta property=\"og:title\" content=\"ALBERDI: Anunci\u00f3 la feria administrativa con horarios especiales hasta febrero - Alberdi .UNO - Red Misiones.uno\" \/>\n<meta property=\"og:description\" content=\"MISIONES.UNO \u2013 La Municipalidad inform\u00f3 que la feria administrativa se [...]\" \/>\n<meta property=\"og:url\" content=\"https:\/\/alberdi.uno\/index.php\/2026\/01\/05\/alberdi-anuncio-la-feria-administrativa-con-horarios-especiales-hasta-febrero\/\" \/>\n<meta property=\"og:site_name\" content=\"Alberdi .UNO - Red Misiones.uno\" \/>\n<meta property=\"article:published_time\" content=\"2026-01-05T12:43:09+00:00\" \/>\n<meta name=\"author\" content=\"admin\" \/>\n<meta name=\"twitter:card\" content=\"summary_large_image\" \/>\n<meta name=\"twitter:label1\" content=\"Escrito por\" \/>\n\t<meta name=\"twitter:data1\" content=\"admin\" \/>\n\t<meta name=\"twitter:label2\" content=\"Tiempo de lectura\" \/>\n\t<meta name=\"twitter:data2\" content=\"1 minuto\" \/>\n<script type=\"application\/ld+json\" class=\"yoast-schema-graph\">{\"@context\":\"https:\/\/schema.org\",\"@graph\":[{\"@type\":\"Article\",\"@id\":\"https:\/\/alberdi.uno\/index.php\/2026\/01\/05\/alberdi-anuncio-la-feria-administrativa-con-horarios-especiales-hasta-febrero\/#article\",\"isPartOf\":{\"@id\":\"https:\/\/alberdi.uno\/index.php\/2026\/01\/05\/alberdi-anuncio-la-feria-administrativa-con-horarios-especiales-hasta-febrero\/\"},\"author\":{\"name\":\"admin\",\"@id\":\"https:\/\/alberdi.uno\/#\/schema\/person\/7af09aba735a9b91f78556601849d2c6\"},\"headline\":\"ALBERDI: Anunci\u00f3 la feria administrativa con horarios especiales hasta febrero\",\"datePublished\":\"2026-01-05T12:43:09+00:00\",\"mainEntityOfPage\":{\"@id\":\"https:\/\/alberdi.uno\/index.php\/2026\/01\/05\/alberdi-anuncio-la-feria-administrativa-con-horarios-especiales-hasta-febrero\/\"},\"wordCount\":148,\"image\":{\"@id\":\"https:\/\/alberdi.uno\/index.php\/2026\/01\/05\/alberdi-anuncio-la-feria-administrativa-con-horarios-especiales-hasta-febrero\/#primaryimage\"},\"thumbnailUrl\":\"https:\/\/alberdi.uno\/wp-content\/uploads\/2026\/01\/MASTER-FOTO-ALBE.jpg\",\"articleSection\":[\"Alberdi\",\"Sociedad\"],\"inLanguage\":\"es-AR\"},{\"@type\":\"WebPage\",\"@id\":\"https:\/\/alberdi.uno\/index.php\/2026\/01\/05\/alberdi-anuncio-la-feria-administrativa-con-horarios-especiales-hasta-febrero\/\",\"url\":\"https:\/\/alberdi.uno\/index.php\/2026\/01\/05\/alberdi-anuncio-la-feria-administrativa-con-horarios-especiales-hasta-febrero\/\",\"name\":\"ALBERDI: Anunci\u00f3 la feria administrativa con horarios especiales hasta febrero - Alberdi .UNO - Red Misiones.uno\",\"isPartOf\":{\"@id\":\"https:\/\/alberdi.uno\/#website\"},\"primaryImageOfPage\":{\"@id\":\"https:\/\/alberdi.uno\/index.php\/2026\/01\/05\/alberdi-anuncio-la-feria-administrativa-con-horarios-especiales-hasta-febrero\/#primaryimage\"},\"image\":{\"@id\":\"https:\/\/alberdi.uno\/index.php\/2026\/01\/05\/alberdi-anuncio-la-feria-administrativa-con-horarios-especiales-hasta-febrero\/#primaryimage\"},\"thumbnailUrl\":\"https:\/\/alberdi.uno\/wp-content\/uploads\/2026\/01\/MASTER-FOTO-ALBE.jpg\",\"datePublished\":\"2026-01-05T12:43:09+00:00\",\"author\":{\"@id\":\"https:\/\/alberdi.uno\/#\/schema\/person\/7af09aba735a9b91f78556601849d2c6\"},\"breadcrumb\":{\"@id\":\"https:\/\/alberdi.uno\/index.php\/2026\/01\/05\/alberdi-anuncio-la-feria-administrativa-con-horarios-especiales-hasta-febrero\/#breadcrumb\"},\"inLanguage\":\"es-AR\",\"potentialAction\":[{\"@type\":\"ReadAction\",\"target\":[\"https:\/\/alberdi.uno\/index.php\/2026\/01\/05\/alberdi-anuncio-la-feria-administrativa-con-horarios-especiales-hasta-febrero\/\"]}]},{\"@type\":\"ImageObject\",\"inLanguage\":\"es-AR\",\"@id\":\"https:\/\/alberdi.uno\/index.php\/2026\/01\/05\/alberdi-anuncio-la-feria-administrativa-con-horarios-especiales-hasta-febrero\/#primaryimage\",\"url\":\"https:\/\/alberdi.uno\/wp-content\/uploads\/2026\/01\/MASTER-FOTO-ALBE.jpg\",\"contentUrl\":\"https:\/\/alberdi.uno\/wp-content\/uploads\/2026\/01\/MASTER-FOTO-ALBE.jpg\",\"width\":640,\"height\":800},{\"@type\":\"BreadcrumbList\",\"@id\":\"https:\/\/alberdi.uno\/index.php\/2026\/01\/05\/alberdi-anuncio-la-feria-administrativa-con-horarios-especiales-hasta-febrero\/#breadcrumb\",\"itemListElement\":[{\"@type\":\"ListItem\",\"position\":1,\"name\":\"Inicio\",\"item\":\"https:\/\/alberdi.uno\/\"},{\"@type\":\"ListItem\",\"position\":2,\"name\":\"ALBERDI: Anunci\u00f3 la feria administrativa con horarios especiales hasta febrero\"}]},{\"@type\":\"WebSite\",\"@id\":\"https:\/\/alberdi.uno\/#website\",\"url\":\"https:\/\/alberdi.uno\/\",\"name\":\"Alberdi .UNO - Red Misiones.uno\",\"description\":\"Noticias de Colonia Alberdi\",\"potentialAction\":[{\"@type\":\"SearchAction\",\"target\":{\"@type\":\"EntryPoint\",\"urlTemplate\":\"https:\/\/alberdi.uno\/?s={search_term_string}\"},\"query-input\":{\"@type\":\"PropertyValueSpecification\",\"valueRequired\":true,\"valueName\":\"search_term_string\"}}],\"inLanguage\":\"es-AR\"},{\"@type\":\"Person\",\"@id\":\"https:\/\/alberdi.uno\/#\/schema\/person\/7af09aba735a9b91f78556601849d2c6\",\"name\":\"admin\",\"image\":{\"@type\":\"ImageObject\",\"inLanguage\":\"es-AR\",\"@id\":\"https:\/\/alberdi.uno\/#\/schema\/person\/image\/\",\"url\":\"https:\/\/secure.gravatar.com\/avatar\/988cc68d97727f2265e15e4e04f35d45d93f5493d81192c37b6fcdf6407dba8c?s=96&d=mm&r=g\",\"contentUrl\":\"https:\/\/secure.gravatar.com\/avatar\/988cc68d97727f2265e15e4e04f35d45d93f5493d81192c37b6fcdf6407dba8c?s=96&d=mm&r=g\",\"caption\":\"admin\"},\"sameAs\":[\"http:\/\/alberdi.uno\"],\"url\":\"https:\/\/alberdi.uno\/index.php\/author\/admin\/\"}]}<\/script>\n<!-- \/ Yoast SEO plugin. -->","yoast_head_json":{"title":"ALBERDI: Anunci\u00f3 la feria administrativa con horarios especiales hasta febrero - Alberdi .UNO - Red Misiones.uno","robots":{"index":"index","follow":"follow","max-snippet":"max-snippet:-1","max-image-preview":"max-image-preview:large","max-video-preview":"max-video-preview:-1"},"canonical":"https:\/\/alberdi.uno\/index.php\/2026\/01\/05\/alberdi-anuncio-la-feria-administrativa-con-horarios-especiales-hasta-febrero\/","og_locale":"es_ES","og_type":"article","og_title":"ALBERDI: Anunci\u00f3 la feria administrativa con horarios especiales hasta febrero - Alberdi .UNO - Red Misiones.uno","og_description":"MISIONES.UNO \u2013 La Municipalidad inform\u00f3 que la feria administrativa se [...]","og_url":"https:\/\/alberdi.uno\/index.php\/2026\/01\/05\/alberdi-anuncio-la-feria-administrativa-con-horarios-especiales-hasta-febrero\/","og_site_name":"Alberdi .UNO - Red Misiones.uno","article_published_time":"2026-01-05T12:43:09+00:00","author":"admin","twitter_card":"summary_large_image","twitter_misc":{"Escrito por":"admin","Tiempo de lectura":"1 minuto"},"schema":{"@context":"https:\/\/schema.org","@graph":[{"@type":"Article","@id":"https:\/\/alberdi.uno\/index.php\/2026\/01\/05\/alberdi-anuncio-la-feria-administrativa-con-horarios-especiales-hasta-febrero\/#article","isPartOf":{"@id":"https:\/\/alberdi.uno\/index.php\/2026\/01\/05\/alberdi-anuncio-la-feria-administrativa-con-horarios-especiales-hasta-febrero\/"},"author":{"name":"admin","@id":"https:\/\/alberdi.uno\/#\/schema\/person\/7af09aba735a9b91f78556601849d2c6"},"headline":"ALBERDI: Anunci\u00f3 la feria administrativa con horarios especiales hasta febrero","datePublished":"2026-01-05T12:43:09+00:00","mainEntityOfPage":{"@id":"https:\/\/alberdi.uno\/index.php\/2026\/01\/05\/alberdi-anuncio-la-feria-administrativa-con-horarios-especiales-hasta-febrero\/"},"wordCount":148,"image":{"@id":"https:\/\/alberdi.uno\/index.php\/2026\/01\/05\/alberdi-anuncio-la-feria-administrativa-con-horarios-especiales-hasta-febrero\/#primaryimage"},"thumbnailUrl":"https:\/\/alberdi.uno\/wp-content\/uploads\/2026\/01\/MASTER-FOTO-ALBE.jpg","articleSection":["Alberdi","Sociedad"],"inLanguage":"es-AR"},{"@type":"WebPage","@id":"https:\/\/alberdi.uno\/index.php\/2026\/01\/05\/alberdi-anuncio-la-feria-administrativa-con-horarios-especiales-hasta-febrero\/","url":"https:\/\/alberdi.uno\/index.php\/2026\/01\/05\/alberdi-anuncio-la-feria-administrativa-con-horarios-especiales-hasta-febrero\/","name":"ALBERDI: Anunci\u00f3 la feria administrativa con horarios especiales hasta febrero - Alberdi .UNO - Red Misiones.uno","isPartOf":{"@id":"https:\/\/alberdi.uno\/#website"},"primaryImageOfPage":{"@id":"https:\/\/alberdi.uno\/index.php\/2026\/01\/05\/alberdi-anuncio-la-feria-administrativa-con-horarios-especiales-hasta-febrero\/#primaryimage"},"image":{"@id":"https:\/\/alberdi.uno\/index.php\/2026\/01\/05\/alberdi-anuncio-la-feria-administrativa-con-horarios-especiales-hasta-febrero\/#primaryimage"},"thumbnailUrl":"https:\/\/alberdi.uno\/wp-content\/uploads\/2026\/01\/MASTER-FOTO-ALBE.jpg","datePublished":"2026-01-05T12:43:09+00:00","author":{"@id":"https:\/\/alberdi.uno\/#\/schema\/person\/7af09aba735a9b91f78556601849d2c6"},"breadcrumb":{"@id":"https:\/\/alberdi.uno\/index.php\/2026\/01\/05\/alberdi-anuncio-la-feria-administrativa-con-horarios-especiales-hasta-febrero\/#breadcrumb"},"inLanguage":"es-AR","potentialAction":[{"@type":"ReadAction","target":["https:\/\/alberdi.uno\/index.php\/2026\/01\/05\/alberdi-anuncio-la-feria-administrativa-con-horarios-especiales-hasta-febrero\/"]}]},{"@type":"ImageObject","inLanguage":"es-AR","@id":"https:\/\/alberdi.uno\/index.php\/2026\/01\/05\/alberdi-anuncio-la-feria-administrativa-con-horarios-especiales-hasta-febrero\/#primaryimage","url":"https:\/\/alberdi.uno\/wp-content\/uploads\/2026\/01\/MASTER-FOTO-ALBE.jpg","contentUrl":"https:\/\/alberdi.uno\/wp-content\/uploads\/2026\/01\/MASTER-FOTO-ALBE.jpg","width":640,"height":800},{"@type":"BreadcrumbList","@id":"https:\/\/alberdi.uno\/index.php\/2026\/01\/05\/alberdi-anuncio-la-feria-administrativa-con-horarios-especiales-hasta-febrero\/#breadcrumb","itemListElement":[{"@type":"ListItem","position":1,"name":"Inicio","item":"https:\/\/alberdi.uno\/"},{"@type":"ListItem","position":2,"name":"ALBERDI: Anunci\u00f3 la feria administrativa con horarios especiales hasta febrero"}]},{"@type":"WebSite","@id":"https:\/\/alberdi.uno\/#website","url":"https:\/\/alberdi.uno\/","name":"Alberdi .UNO - Red Misiones.uno","description":"Noticias de Colonia Alberdi","potentialAction":[{"@type":"SearchAction","target":{"@type":"EntryPoint","urlTemplate":"https:\/\/alberdi.uno\/?s={search_term_string}"},"query-input":{"@type":"PropertyValueSpecification","valueRequired":true,"valueName":"search_term_string"}}],"inLanguage":"es-AR"},{"@type":"Person","@id":"https:\/\/alberdi.uno\/#\/schema\/person\/7af09aba735a9b91f78556601849d2c6","name":"admin","image":{"@type":"ImageObject","inLanguage":"es-AR","@id":"https:\/\/alberdi.uno\/#\/schema\/person\/image\/","url":"https:\/\/secure.gravatar.com\/avatar\/988cc68d97727f2265e15e4e04f35d45d93f5493d81192c37b6fcdf6407dba8c?s=96&d=mm&r=g","contentUrl":"https:\/\/secure.gravatar.com\/avatar\/988cc68d97727f2265e15e4e04f35d45d93f5493d81192c37b6fcdf6407dba8c?s=96&d=mm&r=g","caption":"admin"},"sameAs":["http:\/\/alberdi.uno"],"url":"https:\/\/alberdi.uno\/index.php\/author\/admin\/"}]}},"_links":{"self":[{"href":"https:\/\/alberdi.uno\/index.php\/wp-json\/wp\/v2\/posts\/113","targetHints":{"allow":["GET"]}}],"collection":[{"href":"https:\/\/alberdi.uno\/index.php\/wp-json\/wp\/v2\/posts"}],"about":[{"href":"https:\/\/alberdi.uno\/index.php\/wp-json\/wp\/v2\/types\/post"}],"author":[{"embeddable":true,"href":"https:\/\/alberdi.uno\/index.php\/wp-json\/wp\/v2\/users\/1"}],"replies":[{"embeddable":true,"href":"https:\/\/alberdi.uno\/index.php\/wp-json\/wp\/v2\/comments?post=113"}],"version-history":[{"count":0,"href":"https:\/\/alberdi.uno\/index.php\/wp-json\/wp\/v2\/posts\/113\/revisions"}],"wp:featuredmedia":[{"embeddable":true,"href":"https:\/\/alberdi.uno\/index.php\/wp-json\/wp\/v2\/media\/114"}],"wp:attachment":[{"href":"https:\/\/alberdi.uno\/index.php\/wp-json\/wp\/v2\/media?parent=113"}],"wp:term":[{"taxonomy":"category","embeddable":true,"href":"https:\/\/alberdi.uno\/index.php\/wp-json\/wp\/v2\/categories?post=113"},{"taxonomy":"post_tag","embeddable":true,"href":"https:\/\/alberdi.uno\/index.php\/wp-json\/wp\/v2\/tags?post=113"}],"curies":[{"name":"wp","href":"https:\/\/api.w.org\/{rel}","templated":true}]}}