{"id":1027,"date":"2026-02-04T13:53:24","date_gmt":"2026-02-04T16:53:24","guid":{"rendered":"https:\/\/alberdi.uno\/index.php\/2026\/02\/04\/retoman-las-capacitaciones-de-educacion-vial-para-licencias-de-conducir-tras-el-receso-de-verano\/"},"modified":"2026-02-04T13:53:24","modified_gmt":"2026-02-04T16:53:24","slug":"retoman-las-capacitaciones-de-educacion-vial-para-licencias-de-conducir-tras-el-receso-de-verano","status":"publish","type":"post","link":"https:\/\/alberdi.uno\/index.php\/2026\/02\/04\/retoman-las-capacitaciones-de-educacion-vial-para-licencias-de-conducir-tras-el-receso-de-verano\/","title":{"rendered":"Retoman las capacitaciones de educaci\u00f3n vial para licencias de conducir tras el receso de verano"},"content":{"rendered":"<div>\n<p><!--StartFragment --><\/p>\n<p><strong>MISIONES.UNO \u2013 En la localidad, el municipio inform\u00f3 que se reanudaron las capacitaciones obligatorias destinadas a quienes deben obtener o renovar la licencia de conducir, luego de la pausa por el receso de verano.<\/strong><\/p>\n<hr>\n<p><img fetchpriority=\"high\" decoding=\"async\" class=\"aligncenter size-full wp-image-12668\" src=\"https:\/\/alberdi.uno\/wp-content\/uploads\/2026\/02\/master-fotos-alberdi-1.jpg\" alt=\"\" width=\"640\" height=\"853\" srcset=\"https:\/\/misiones.uno\/wp-content\/uploads\/2026\/02\/master-fotos-alberdi-1-200x267.jpg 200w, https:\/\/misiones.uno\/wp-content\/uploads\/2026\/02\/master-fotos-alberdi-1-225x300.jpg 225w, https:\/\/misiones.uno\/wp-content\/uploads\/2026\/02\/master-fotos-alberdi-1-400x533.jpg 400w, https:\/\/misiones.uno\/wp-content\/uploads\/2026\/02\/master-fotos-alberdi-1-600x800.jpg 600w, https:\/\/alberdi.uno\/wp-content\/uploads\/2026\/02\/master-fotos-alberdi-1.jpg 640w\" sizes=\"(max-width: 640px) 100vw, 640px\"><\/p>\n<p>Las clases se desarrollan todos los mi\u00e9rcoles desde las 8:30 horas en el aula del polideportivo municipal y cuentan con una modalidad te\u00f3rico-pr\u00e1ctica, orientada a brindar conocimientos actualizados sobre normas de tr\u00e1nsito y promover una conducci\u00f3n responsable.<\/p>\n<p>Desde la Direcci\u00f3n de Tr\u00e1nsito se record\u00f3 a los vecinos que, antes de asistir al curso, es necesario pasar por las oficinas de la municipalidad para verificar su situaci\u00f3n administrativa y cumplir con los requisitos previos.<\/p>\n<p>Asimismo, se inform\u00f3 que el mi\u00e9rcoles 11 de febrero no habr\u00e1 capacitaci\u00f3n debido a la celebraci\u00f3n del d\u00eda del patrono del pueblo. Tras esa fecha, las actividades continuar\u00e1n con normalidad en el mismo horario y lugar establecidos.<\/p>\n<p>Las autoridades remarcaron que estas instancias de formaci\u00f3n son fundamentales para garantizar la seguridad vial y fortalecer la responsabilidad de los conductores en la v\u00eda p\u00fablica.<\/p>\n<p><img decoding=\"async\" class=\"aligncenter size-full wp-image-12669\" src=\"https:\/\/alberdi.uno\/wp-content\/uploads\/2026\/02\/MASTER-FOTO-ALBERDII-A.jpg\" alt=\"\" width=\"640\" height=\"853\" srcset=\"https:\/\/misiones.uno\/wp-content\/uploads\/2026\/02\/MASTER-FOTO-ALBERDII-A-200x267.jpg 200w, https:\/\/misiones.uno\/wp-content\/uploads\/2026\/02\/MASTER-FOTO-ALBERDII-A-225x300.jpg 225w, https:\/\/misiones.uno\/wp-content\/uploads\/2026\/02\/MASTER-FOTO-ALBERDII-A-400x533.jpg 400w, https:\/\/misiones.uno\/wp-content\/uploads\/2026\/02\/MASTER-FOTO-ALBERDII-A-600x800.jpg 600w, https:\/\/alberdi.uno\/wp-content\/uploads\/2026\/02\/MASTER-FOTO-ALBERDII-A.jpg 640w\" sizes=\"(max-width: 640px) 100vw, 640px\"><\/p>\n<p><img decoding=\"async\" class=\"aligncenter size-full wp-image-12670\" src=\"https:\/\/alberdi.uno\/wp-content\/uploads\/2026\/02\/master-fotos-momo.jpg\" alt=\"\" width=\"640\" height=\"853\" srcset=\"https:\/\/misiones.uno\/wp-content\/uploads\/2026\/02\/master-fotos-momo-200x267.jpg 200w, https:\/\/misiones.uno\/wp-content\/uploads\/2026\/02\/master-fotos-momo-225x300.jpg 225w, https:\/\/misiones.uno\/wp-content\/uploads\/2026\/02\/master-fotos-momo-400x533.jpg 400w, https:\/\/misiones.uno\/wp-content\/uploads\/2026\/02\/master-fotos-momo-600x800.jpg 600w, https:\/\/alberdi.uno\/wp-content\/uploads\/2026\/02\/master-fotos-momo.jpg 640w\" sizes=\"(max-width: 640px) 100vw, 640px\"><\/p>\n<p><!--EndFragment --><\/p>\n<\/div>\n","protected":false},"excerpt":{"rendered":"<p>MISIONES.UNO \u2013 En la localidad, el municipio inform\u00f3 que se  [&#8230;]<\/p>\n","protected":false},"author":1,"featured_media":1028,"comment_status":"closed","ping_status":"closed","sticky":false,"template":"","format":"standard","meta":{"fifu_image_url":"","fifu_image_alt":"","footnotes":""},"categories":[38,68,7],"tags":[],"class_list":["post-1027","post","type-post","status-publish","format-standard","has-post-thumbnail","hentry","category-alberdi","category-elmunicipal-uno","category-sociedad"],"acf":[],"yoast_head":"<!-- This site is optimized with the Yoast SEO plugin v26.7 - https:\/\/yoast.com\/wordpress\/plugins\/seo\/ -->\n<title>Retoman las capacitaciones de educaci\u00f3n vial para licencias de conducir tras el receso de verano - Alberdi .UNO - Red Misiones.uno<\/title>\n<meta name=\"robots\" content=\"index, follow, max-snippet:-1, max-image-preview:large, max-video-preview:-1\" \/>\n<link rel=\"canonical\" href=\"https:\/\/alberdi.uno\/index.php\/2026\/02\/04\/retoman-las-capacitaciones-de-educacion-vial-para-licencias-de-conducir-tras-el-receso-de-verano\/\" \/>\n<meta property=\"og:locale\" content=\"es_ES\" \/>\n<meta property=\"og:type\" content=\"article\" \/>\n<meta property=\"og:title\" content=\"Retoman las capacitaciones de educaci\u00f3n vial para licencias de conducir tras el receso de verano - Alberdi .UNO - Red Misiones.uno\" \/>\n<meta property=\"og:description\" content=\"MISIONES.UNO \u2013 En la localidad, el municipio inform\u00f3 que se [...]\" \/>\n<meta property=\"og:url\" content=\"https:\/\/alberdi.uno\/index.php\/2026\/02\/04\/retoman-las-capacitaciones-de-educacion-vial-para-licencias-de-conducir-tras-el-receso-de-verano\/\" \/>\n<meta property=\"og:site_name\" content=\"Alberdi .UNO - Red Misiones.uno\" \/>\n<meta property=\"article:published_time\" content=\"2026-02-04T16:53:24+00:00\" \/>\n<meta name=\"author\" content=\"admin\" \/>\n<meta name=\"twitter:card\" content=\"summary_large_image\" \/>\n<meta name=\"twitter:label1\" content=\"Escrito por\" \/>\n\t<meta name=\"twitter:data1\" content=\"admin\" \/>\n\t<meta name=\"twitter:label2\" content=\"Tiempo de lectura\" \/>\n\t<meta name=\"twitter:data2\" content=\"1 minuto\" \/>\n<script type=\"application\/ld+json\" class=\"yoast-schema-graph\">{\"@context\":\"https:\/\/schema.org\",\"@graph\":[{\"@type\":\"Article\",\"@id\":\"https:\/\/alberdi.uno\/index.php\/2026\/02\/04\/retoman-las-capacitaciones-de-educacion-vial-para-licencias-de-conducir-tras-el-receso-de-verano\/#article\",\"isPartOf\":{\"@id\":\"https:\/\/alberdi.uno\/index.php\/2026\/02\/04\/retoman-las-capacitaciones-de-educacion-vial-para-licencias-de-conducir-tras-el-receso-de-verano\/\"},\"author\":{\"name\":\"admin\",\"@id\":\"https:\/\/alberdi.uno\/#\/schema\/person\/7af09aba735a9b91f78556601849d2c6\"},\"headline\":\"Retoman las capacitaciones de educaci\u00f3n vial para licencias de conducir tras el receso de verano\",\"datePublished\":\"2026-02-04T16:53:24+00:00\",\"mainEntityOfPage\":{\"@id\":\"https:\/\/alberdi.uno\/index.php\/2026\/02\/04\/retoman-las-capacitaciones-de-educacion-vial-para-licencias-de-conducir-tras-el-receso-de-verano\/\"},\"wordCount\":200,\"image\":{\"@id\":\"https:\/\/alberdi.uno\/index.php\/2026\/02\/04\/retoman-las-capacitaciones-de-educacion-vial-para-licencias-de-conducir-tras-el-receso-de-verano\/#primaryimage\"},\"thumbnailUrl\":\"https:\/\/alberdi.uno\/wp-content\/uploads\/2026\/02\/master-fotos-alberdi-1.jpg\",\"articleSection\":[\"Alberdi\",\"ELMUNICIPAL.UNO\",\"Sociedad\"],\"inLanguage\":\"es-AR\"},{\"@type\":\"WebPage\",\"@id\":\"https:\/\/alberdi.uno\/index.php\/2026\/02\/04\/retoman-las-capacitaciones-de-educacion-vial-para-licencias-de-conducir-tras-el-receso-de-verano\/\",\"url\":\"https:\/\/alberdi.uno\/index.php\/2026\/02\/04\/retoman-las-capacitaciones-de-educacion-vial-para-licencias-de-conducir-tras-el-receso-de-verano\/\",\"name\":\"Retoman las capacitaciones de educaci\u00f3n vial para licencias de conducir tras el receso de verano - Alberdi .UNO - Red Misiones.uno\",\"isPartOf\":{\"@id\":\"https:\/\/alberdi.uno\/#website\"},\"primaryImageOfPage\":{\"@id\":\"https:\/\/alberdi.uno\/index.php\/2026\/02\/04\/retoman-las-capacitaciones-de-educacion-vial-para-licencias-de-conducir-tras-el-receso-de-verano\/#primaryimage\"},\"image\":{\"@id\":\"https:\/\/alberdi.uno\/index.php\/2026\/02\/04\/retoman-las-capacitaciones-de-educacion-vial-para-licencias-de-conducir-tras-el-receso-de-verano\/#primaryimage\"},\"thumbnailUrl\":\"https:\/\/alberdi.uno\/wp-content\/uploads\/2026\/02\/master-fotos-alberdi-1.jpg\",\"datePublished\":\"2026-02-04T16:53:24+00:00\",\"author\":{\"@id\":\"https:\/\/alberdi.uno\/#\/schema\/person\/7af09aba735a9b91f78556601849d2c6\"},\"breadcrumb\":{\"@id\":\"https:\/\/alberdi.uno\/index.php\/2026\/02\/04\/retoman-las-capacitaciones-de-educacion-vial-para-licencias-de-conducir-tras-el-receso-de-verano\/#breadcrumb\"},\"inLanguage\":\"es-AR\",\"potentialAction\":[{\"@type\":\"ReadAction\",\"target\":[\"https:\/\/alberdi.uno\/index.php\/2026\/02\/04\/retoman-las-capacitaciones-de-educacion-vial-para-licencias-de-conducir-tras-el-receso-de-verano\/\"]}]},{\"@type\":\"ImageObject\",\"inLanguage\":\"es-AR\",\"@id\":\"https:\/\/alberdi.uno\/index.php\/2026\/02\/04\/retoman-las-capacitaciones-de-educacion-vial-para-licencias-de-conducir-tras-el-receso-de-verano\/#primaryimage\",\"url\":\"https:\/\/alberdi.uno\/wp-content\/uploads\/2026\/02\/master-fotos-alberdi-1.jpg\",\"contentUrl\":\"https:\/\/alberdi.uno\/wp-content\/uploads\/2026\/02\/master-fotos-alberdi-1.jpg\",\"width\":640,\"height\":853},{\"@type\":\"BreadcrumbList\",\"@id\":\"https:\/\/alberdi.uno\/index.php\/2026\/02\/04\/retoman-las-capacitaciones-de-educacion-vial-para-licencias-de-conducir-tras-el-receso-de-verano\/#breadcrumb\",\"itemListElement\":[{\"@type\":\"ListItem\",\"position\":1,\"name\":\"Inicio\",\"item\":\"https:\/\/alberdi.uno\/\"},{\"@type\":\"ListItem\",\"position\":2,\"name\":\"Retoman las capacitaciones de educaci\u00f3n vial para licencias de conducir tras el receso de verano\"}]},{\"@type\":\"WebSite\",\"@id\":\"https:\/\/alberdi.uno\/#website\",\"url\":\"https:\/\/alberdi.uno\/\",\"name\":\"Alberdi .UNO - Red Misiones.uno\",\"description\":\"Noticias de Colonia Alberdi\",\"potentialAction\":[{\"@type\":\"SearchAction\",\"target\":{\"@type\":\"EntryPoint\",\"urlTemplate\":\"https:\/\/alberdi.uno\/?s={search_term_string}\"},\"query-input\":{\"@type\":\"PropertyValueSpecification\",\"valueRequired\":true,\"valueName\":\"search_term_string\"}}],\"inLanguage\":\"es-AR\"},{\"@type\":\"Person\",\"@id\":\"https:\/\/alberdi.uno\/#\/schema\/person\/7af09aba735a9b91f78556601849d2c6\",\"name\":\"admin\",\"image\":{\"@type\":\"ImageObject\",\"inLanguage\":\"es-AR\",\"@id\":\"https:\/\/alberdi.uno\/#\/schema\/person\/image\/\",\"url\":\"https:\/\/secure.gravatar.com\/avatar\/988cc68d97727f2265e15e4e04f35d45d93f5493d81192c37b6fcdf6407dba8c?s=96&d=mm&r=g\",\"contentUrl\":\"https:\/\/secure.gravatar.com\/avatar\/988cc68d97727f2265e15e4e04f35d45d93f5493d81192c37b6fcdf6407dba8c?s=96&d=mm&r=g\",\"caption\":\"admin\"},\"sameAs\":[\"http:\/\/alberdi.uno\"],\"url\":\"https:\/\/alberdi.uno\/index.php\/author\/admin\/\"}]}<\/script>\n<!-- \/ Yoast SEO plugin. -->","yoast_head_json":{"title":"Retoman las capacitaciones de educaci\u00f3n vial para licencias de conducir tras el receso de verano - Alberdi .UNO - Red Misiones.uno","robots":{"index":"index","follow":"follow","max-snippet":"max-snippet:-1","max-image-preview":"max-image-preview:large","max-video-preview":"max-video-preview:-1"},"canonical":"https:\/\/alberdi.uno\/index.php\/2026\/02\/04\/retoman-las-capacitaciones-de-educacion-vial-para-licencias-de-conducir-tras-el-receso-de-verano\/","og_locale":"es_ES","og_type":"article","og_title":"Retoman las capacitaciones de educaci\u00f3n vial para licencias de conducir tras el receso de verano - Alberdi .UNO - Red Misiones.uno","og_description":"MISIONES.UNO \u2013 En la localidad, el municipio inform\u00f3 que se [...]","og_url":"https:\/\/alberdi.uno\/index.php\/2026\/02\/04\/retoman-las-capacitaciones-de-educacion-vial-para-licencias-de-conducir-tras-el-receso-de-verano\/","og_site_name":"Alberdi .UNO - Red Misiones.uno","article_published_time":"2026-02-04T16:53:24+00:00","author":"admin","twitter_card":"summary_large_image","twitter_misc":{"Escrito por":"admin","Tiempo de lectura":"1 minuto"},"schema":{"@context":"https:\/\/schema.org","@graph":[{"@type":"Article","@id":"https:\/\/alberdi.uno\/index.php\/2026\/02\/04\/retoman-las-capacitaciones-de-educacion-vial-para-licencias-de-conducir-tras-el-receso-de-verano\/#article","isPartOf":{"@id":"https:\/\/alberdi.uno\/index.php\/2026\/02\/04\/retoman-las-capacitaciones-de-educacion-vial-para-licencias-de-conducir-tras-el-receso-de-verano\/"},"author":{"name":"admin","@id":"https:\/\/alberdi.uno\/#\/schema\/person\/7af09aba735a9b91f78556601849d2c6"},"headline":"Retoman las capacitaciones de educaci\u00f3n vial para licencias de conducir tras el receso de verano","datePublished":"2026-02-04T16:53:24+00:00","mainEntityOfPage":{"@id":"https:\/\/alberdi.uno\/index.php\/2026\/02\/04\/retoman-las-capacitaciones-de-educacion-vial-para-licencias-de-conducir-tras-el-receso-de-verano\/"},"wordCount":200,"image":{"@id":"https:\/\/alberdi.uno\/index.php\/2026\/02\/04\/retoman-las-capacitaciones-de-educacion-vial-para-licencias-de-conducir-tras-el-receso-de-verano\/#primaryimage"},"thumbnailUrl":"https:\/\/alberdi.uno\/wp-content\/uploads\/2026\/02\/master-fotos-alberdi-1.jpg","articleSection":["Alberdi","ELMUNICIPAL.UNO","Sociedad"],"inLanguage":"es-AR"},{"@type":"WebPage","@id":"https:\/\/alberdi.uno\/index.php\/2026\/02\/04\/retoman-las-capacitaciones-de-educacion-vial-para-licencias-de-conducir-tras-el-receso-de-verano\/","url":"https:\/\/alberdi.uno\/index.php\/2026\/02\/04\/retoman-las-capacitaciones-de-educacion-vial-para-licencias-de-conducir-tras-el-receso-de-verano\/","name":"Retoman las capacitaciones de educaci\u00f3n vial para licencias de conducir tras el receso de verano - Alberdi .UNO - Red Misiones.uno","isPartOf":{"@id":"https:\/\/alberdi.uno\/#website"},"primaryImageOfPage":{"@id":"https:\/\/alberdi.uno\/index.php\/2026\/02\/04\/retoman-las-capacitaciones-de-educacion-vial-para-licencias-de-conducir-tras-el-receso-de-verano\/#primaryimage"},"image":{"@id":"https:\/\/alberdi.uno\/index.php\/2026\/02\/04\/retoman-las-capacitaciones-de-educacion-vial-para-licencias-de-conducir-tras-el-receso-de-verano\/#primaryimage"},"thumbnailUrl":"https:\/\/alberdi.uno\/wp-content\/uploads\/2026\/02\/master-fotos-alberdi-1.jpg","datePublished":"2026-02-04T16:53:24+00:00","author":{"@id":"https:\/\/alberdi.uno\/#\/schema\/person\/7af09aba735a9b91f78556601849d2c6"},"breadcrumb":{"@id":"https:\/\/alberdi.uno\/index.php\/2026\/02\/04\/retoman-las-capacitaciones-de-educacion-vial-para-licencias-de-conducir-tras-el-receso-de-verano\/#breadcrumb"},"inLanguage":"es-AR","potentialAction":[{"@type":"ReadAction","target":["https:\/\/alberdi.uno\/index.php\/2026\/02\/04\/retoman-las-capacitaciones-de-educacion-vial-para-licencias-de-conducir-tras-el-receso-de-verano\/"]}]},{"@type":"ImageObject","inLanguage":"es-AR","@id":"https:\/\/alberdi.uno\/index.php\/2026\/02\/04\/retoman-las-capacitaciones-de-educacion-vial-para-licencias-de-conducir-tras-el-receso-de-verano\/#primaryimage","url":"https:\/\/alberdi.uno\/wp-content\/uploads\/2026\/02\/master-fotos-alberdi-1.jpg","contentUrl":"https:\/\/alberdi.uno\/wp-content\/uploads\/2026\/02\/master-fotos-alberdi-1.jpg","width":640,"height":853},{"@type":"BreadcrumbList","@id":"https:\/\/alberdi.uno\/index.php\/2026\/02\/04\/retoman-las-capacitaciones-de-educacion-vial-para-licencias-de-conducir-tras-el-receso-de-verano\/#breadcrumb","itemListElement":[{"@type":"ListItem","position":1,"name":"Inicio","item":"https:\/\/alberdi.uno\/"},{"@type":"ListItem","position":2,"name":"Retoman las capacitaciones de educaci\u00f3n vial para licencias de conducir tras el receso de verano"}]},{"@type":"WebSite","@id":"https:\/\/alberdi.uno\/#website","url":"https:\/\/alberdi.uno\/","name":"Alberdi .UNO - Red Misiones.uno","description":"Noticias de Colonia Alberdi","potentialAction":[{"@type":"SearchAction","target":{"@type":"EntryPoint","urlTemplate":"https:\/\/alberdi.uno\/?s={search_term_string}"},"query-input":{"@type":"PropertyValueSpecification","valueRequired":true,"valueName":"search_term_string"}}],"inLanguage":"es-AR"},{"@type":"Person","@id":"https:\/\/alberdi.uno\/#\/schema\/person\/7af09aba735a9b91f78556601849d2c6","name":"admin","image":{"@type":"ImageObject","inLanguage":"es-AR","@id":"https:\/\/alberdi.uno\/#\/schema\/person\/image\/","url":"https:\/\/secure.gravatar.com\/avatar\/988cc68d97727f2265e15e4e04f35d45d93f5493d81192c37b6fcdf6407dba8c?s=96&d=mm&r=g","contentUrl":"https:\/\/secure.gravatar.com\/avatar\/988cc68d97727f2265e15e4e04f35d45d93f5493d81192c37b6fcdf6407dba8c?s=96&d=mm&r=g","caption":"admin"},"sameAs":["http:\/\/alberdi.uno"],"url":"https:\/\/alberdi.uno\/index.php\/author\/admin\/"}]}},"_links":{"self":[{"href":"https:\/\/alberdi.uno\/index.php\/wp-json\/wp\/v2\/posts\/1027","targetHints":{"allow":["GET"]}}],"collection":[{"href":"https:\/\/alberdi.uno\/index.php\/wp-json\/wp\/v2\/posts"}],"about":[{"href":"https:\/\/alberdi.uno\/index.php\/wp-json\/wp\/v2\/types\/post"}],"author":[{"embeddable":true,"href":"https:\/\/alberdi.uno\/index.php\/wp-json\/wp\/v2\/users\/1"}],"replies":[{"embeddable":true,"href":"https:\/\/alberdi.uno\/index.php\/wp-json\/wp\/v2\/comments?post=1027"}],"version-history":[{"count":0,"href":"https:\/\/alberdi.uno\/index.php\/wp-json\/wp\/v2\/posts\/1027\/revisions"}],"wp:featuredmedia":[{"embeddable":true,"href":"https:\/\/alberdi.uno\/index.php\/wp-json\/wp\/v2\/media\/1028"}],"wp:attachment":[{"href":"https:\/\/alberdi.uno\/index.php\/wp-json\/wp\/v2\/media?parent=1027"}],"wp:term":[{"taxonomy":"category","embeddable":true,"href":"https:\/\/alberdi.uno\/index.php\/wp-json\/wp\/v2\/categories?post=1027"},{"taxonomy":"post_tag","embeddable":true,"href":"https:\/\/alberdi.uno\/index.php\/wp-json\/wp\/v2\/tags?post=1027"}],"curies":[{"name":"wp","href":"https:\/\/api.w.org\/{rel}","templated":true}]}}