{"id":1025,"date":"2026-02-02T09:19:48","date_gmt":"2026-02-02T12:19:48","guid":{"rendered":"https:\/\/alberdi.uno\/index.php\/2026\/02\/02\/un-espectaculo-natural-que-deslumbra-desde-el-mirador-de-colonia-alberdi\/"},"modified":"2026-02-02T09:19:48","modified_gmt":"2026-02-02T12:19:48","slug":"un-espectaculo-natural-que-deslumbra-desde-el-mirador-de-colonia-alberdi","status":"publish","type":"post","link":"https:\/\/alberdi.uno\/index.php\/2026\/02\/02\/un-espectaculo-natural-que-deslumbra-desde-el-mirador-de-colonia-alberdi\/","title":{"rendered":"Un espect\u00e1culo natural que deslumbra desde el Mirador de Colonia Alberdi"},"content":{"rendered":"<div>\n<p><!--StartFragment --><\/p>\n<p><strong>MISIONES.UNO \u2013 En Colonia Alberdi, Misiones, vecinos y visitantes disfrutan de un escenario \u00fanico donde el atardecer y la salida de la luna se combinan en un mismo horizonte.<\/strong><\/p>\n<hr>\n<p><img decoding=\"async\" class=\"aligncenter size-full wp-image-12270\" src=\"https:\/\/alberdi.uno\/wp-content\/uploads\/2026\/02\/MASTER-FOTOS-ALBERDI.jpg\" alt=\"\" width=\"640\" height=\"853\" srcset=\"https:\/\/misiones.uno\/wp-content\/uploads\/2026\/02\/MASTER-FOTOS-ALBERDI-200x267.jpg 200w, https:\/\/misiones.uno\/wp-content\/uploads\/2026\/02\/MASTER-FOTOS-ALBERDI-225x300.jpg 225w, https:\/\/misiones.uno\/wp-content\/uploads\/2026\/02\/MASTER-FOTOS-ALBERDI-400x533.jpg 400w, https:\/\/misiones.uno\/wp-content\/uploads\/2026\/02\/MASTER-FOTOS-ALBERDI-600x800.jpg 600w, https:\/\/alberdi.uno\/wp-content\/uploads\/2026\/02\/MASTER-FOTOS-ALBERDI.jpg 640w\" sizes=\"(max-width: 640px) 100vw, 640px\"><\/p>\n<p>El Mirador de Colonia Alberdi se ha convertido en uno de los puntos m\u00e1s destacados para apreciar la belleza natural de la provincia. All\u00ed, cada jornada ofrece un espect\u00e1culo doble: el sol despidi\u00e9ndose con tonos c\u00e1lidos y la luna asomando para iluminar la noche. Esta conjunci\u00f3n convierte al lugar en un atractivo tur\u00edstico y cultural que resalta la riqueza paisaj\u00edstica de la tierra colorada.<\/p>\n<p>La experiencia de observar el ocaso y el inicio de la noche desde este mirador genera un ambiente especial que atrae tanto a residentes como a visitantes. La panor\u00e1mica permite contemplar la transici\u00f3n del d\u00eda a la noche en un entorno natural que refuerza el valor del paisaje misionero.<\/p>\n<p>El Mirador de Colonia Alberdi se consolida as\u00ed como un espacio de encuentro con la naturaleza, donde la comunidad puede disfrutar de momentos de contemplaci\u00f3n y conexi\u00f3n con el entorno. La postal que se dibuja en cada atardecer es un recordatorio de la diversidad y la belleza que caracterizan a Misiones.<\/p>\n<p><!--EndFragment --><\/p>\n<\/div>\n","protected":false},"excerpt":{"rendered":"<p>MISIONES.UNO \u2013 En Colonia Alberdi, Misiones, vecinos y visitantes disfrutan  [&#8230;]<\/p>\n","protected":false},"author":1,"featured_media":1026,"comment_status":"closed","ping_status":"closed","sticky":false,"template":"","format":"standard","meta":{"fifu_image_url":"","fifu_image_alt":"","footnotes":""},"categories":[38,39,7],"tags":[],"class_list":["post-1025","post","type-post","status-publish","format-standard","has-post-thumbnail","hentry","category-alberdi","category-muni-alberdi","category-sociedad"],"acf":[],"yoast_head":"<!-- This site is optimized with the Yoast SEO plugin v26.7 - https:\/\/yoast.com\/wordpress\/plugins\/seo\/ -->\n<title>Un espect\u00e1culo natural que deslumbra desde el Mirador de Colonia Alberdi - Alberdi .UNO - Red Misiones.uno<\/title>\n<meta name=\"robots\" content=\"index, follow, max-snippet:-1, max-image-preview:large, max-video-preview:-1\" \/>\n<link rel=\"canonical\" href=\"https:\/\/alberdi.uno\/index.php\/2026\/02\/02\/un-espectaculo-natural-que-deslumbra-desde-el-mirador-de-colonia-alberdi\/\" \/>\n<meta property=\"og:locale\" content=\"es_ES\" \/>\n<meta property=\"og:type\" content=\"article\" \/>\n<meta property=\"og:title\" content=\"Un espect\u00e1culo natural que deslumbra desde el Mirador de Colonia Alberdi - Alberdi .UNO - Red Misiones.uno\" \/>\n<meta property=\"og:description\" content=\"MISIONES.UNO \u2013 En Colonia Alberdi, Misiones, vecinos y visitantes disfrutan [...]\" \/>\n<meta property=\"og:url\" content=\"https:\/\/alberdi.uno\/index.php\/2026\/02\/02\/un-espectaculo-natural-que-deslumbra-desde-el-mirador-de-colonia-alberdi\/\" \/>\n<meta property=\"og:site_name\" content=\"Alberdi .UNO - Red Misiones.uno\" \/>\n<meta property=\"article:published_time\" content=\"2026-02-02T12:19:48+00:00\" \/>\n<meta name=\"author\" content=\"admin\" \/>\n<meta name=\"twitter:card\" content=\"summary_large_image\" \/>\n<meta name=\"twitter:label1\" content=\"Escrito por\" \/>\n\t<meta name=\"twitter:data1\" content=\"admin\" \/>\n\t<meta name=\"twitter:label2\" content=\"Tiempo de lectura\" \/>\n\t<meta name=\"twitter:data2\" content=\"1 minuto\" \/>\n<script type=\"application\/ld+json\" class=\"yoast-schema-graph\">{\"@context\":\"https:\/\/schema.org\",\"@graph\":[{\"@type\":\"Article\",\"@id\":\"https:\/\/alberdi.uno\/index.php\/2026\/02\/02\/un-espectaculo-natural-que-deslumbra-desde-el-mirador-de-colonia-alberdi\/#article\",\"isPartOf\":{\"@id\":\"https:\/\/alberdi.uno\/index.php\/2026\/02\/02\/un-espectaculo-natural-que-deslumbra-desde-el-mirador-de-colonia-alberdi\/\"},\"author\":{\"name\":\"admin\",\"@id\":\"https:\/\/alberdi.uno\/#\/schema\/person\/7af09aba735a9b91f78556601849d2c6\"},\"headline\":\"Un espect\u00e1culo natural que deslumbra desde el Mirador de Colonia Alberdi\",\"datePublished\":\"2026-02-02T12:19:48+00:00\",\"mainEntityOfPage\":{\"@id\":\"https:\/\/alberdi.uno\/index.php\/2026\/02\/02\/un-espectaculo-natural-que-deslumbra-desde-el-mirador-de-colonia-alberdi\/\"},\"wordCount\":217,\"image\":{\"@id\":\"https:\/\/alberdi.uno\/index.php\/2026\/02\/02\/un-espectaculo-natural-que-deslumbra-desde-el-mirador-de-colonia-alberdi\/#primaryimage\"},\"thumbnailUrl\":\"https:\/\/alberdi.uno\/wp-content\/uploads\/2026\/02\/MASTER-FOTOS-ALBERDI.jpg\",\"articleSection\":[\"Alberdi\",\"Muni Alberdi\",\"Sociedad\"],\"inLanguage\":\"es-AR\"},{\"@type\":\"WebPage\",\"@id\":\"https:\/\/alberdi.uno\/index.php\/2026\/02\/02\/un-espectaculo-natural-que-deslumbra-desde-el-mirador-de-colonia-alberdi\/\",\"url\":\"https:\/\/alberdi.uno\/index.php\/2026\/02\/02\/un-espectaculo-natural-que-deslumbra-desde-el-mirador-de-colonia-alberdi\/\",\"name\":\"Un espect\u00e1culo natural que deslumbra desde el Mirador de Colonia Alberdi - Alberdi .UNO - Red Misiones.uno\",\"isPartOf\":{\"@id\":\"https:\/\/alberdi.uno\/#website\"},\"primaryImageOfPage\":{\"@id\":\"https:\/\/alberdi.uno\/index.php\/2026\/02\/02\/un-espectaculo-natural-que-deslumbra-desde-el-mirador-de-colonia-alberdi\/#primaryimage\"},\"image\":{\"@id\":\"https:\/\/alberdi.uno\/index.php\/2026\/02\/02\/un-espectaculo-natural-que-deslumbra-desde-el-mirador-de-colonia-alberdi\/#primaryimage\"},\"thumbnailUrl\":\"https:\/\/alberdi.uno\/wp-content\/uploads\/2026\/02\/MASTER-FOTOS-ALBERDI.jpg\",\"datePublished\":\"2026-02-02T12:19:48+00:00\",\"author\":{\"@id\":\"https:\/\/alberdi.uno\/#\/schema\/person\/7af09aba735a9b91f78556601849d2c6\"},\"breadcrumb\":{\"@id\":\"https:\/\/alberdi.uno\/index.php\/2026\/02\/02\/un-espectaculo-natural-que-deslumbra-desde-el-mirador-de-colonia-alberdi\/#breadcrumb\"},\"inLanguage\":\"es-AR\",\"potentialAction\":[{\"@type\":\"ReadAction\",\"target\":[\"https:\/\/alberdi.uno\/index.php\/2026\/02\/02\/un-espectaculo-natural-que-deslumbra-desde-el-mirador-de-colonia-alberdi\/\"]}]},{\"@type\":\"ImageObject\",\"inLanguage\":\"es-AR\",\"@id\":\"https:\/\/alberdi.uno\/index.php\/2026\/02\/02\/un-espectaculo-natural-que-deslumbra-desde-el-mirador-de-colonia-alberdi\/#primaryimage\",\"url\":\"https:\/\/alberdi.uno\/wp-content\/uploads\/2026\/02\/MASTER-FOTOS-ALBERDI.jpg\",\"contentUrl\":\"https:\/\/alberdi.uno\/wp-content\/uploads\/2026\/02\/MASTER-FOTOS-ALBERDI.jpg\",\"width\":640,\"height\":853},{\"@type\":\"BreadcrumbList\",\"@id\":\"https:\/\/alberdi.uno\/index.php\/2026\/02\/02\/un-espectaculo-natural-que-deslumbra-desde-el-mirador-de-colonia-alberdi\/#breadcrumb\",\"itemListElement\":[{\"@type\":\"ListItem\",\"position\":1,\"name\":\"Inicio\",\"item\":\"https:\/\/alberdi.uno\/\"},{\"@type\":\"ListItem\",\"position\":2,\"name\":\"Un espect\u00e1culo natural que deslumbra desde el Mirador de Colonia Alberdi\"}]},{\"@type\":\"WebSite\",\"@id\":\"https:\/\/alberdi.uno\/#website\",\"url\":\"https:\/\/alberdi.uno\/\",\"name\":\"Alberdi .UNO - Red Misiones.uno\",\"description\":\"Noticias de Colonia Alberdi\",\"potentialAction\":[{\"@type\":\"SearchAction\",\"target\":{\"@type\":\"EntryPoint\",\"urlTemplate\":\"https:\/\/alberdi.uno\/?s={search_term_string}\"},\"query-input\":{\"@type\":\"PropertyValueSpecification\",\"valueRequired\":true,\"valueName\":\"search_term_string\"}}],\"inLanguage\":\"es-AR\"},{\"@type\":\"Person\",\"@id\":\"https:\/\/alberdi.uno\/#\/schema\/person\/7af09aba735a9b91f78556601849d2c6\",\"name\":\"admin\",\"image\":{\"@type\":\"ImageObject\",\"inLanguage\":\"es-AR\",\"@id\":\"https:\/\/alberdi.uno\/#\/schema\/person\/image\/\",\"url\":\"https:\/\/secure.gravatar.com\/avatar\/988cc68d97727f2265e15e4e04f35d45d93f5493d81192c37b6fcdf6407dba8c?s=96&d=mm&r=g\",\"contentUrl\":\"https:\/\/secure.gravatar.com\/avatar\/988cc68d97727f2265e15e4e04f35d45d93f5493d81192c37b6fcdf6407dba8c?s=96&d=mm&r=g\",\"caption\":\"admin\"},\"sameAs\":[\"http:\/\/alberdi.uno\"],\"url\":\"https:\/\/alberdi.uno\/index.php\/author\/admin\/\"}]}<\/script>\n<!-- \/ Yoast SEO plugin. -->","yoast_head_json":{"title":"Un espect\u00e1culo natural que deslumbra desde el Mirador de Colonia Alberdi - Alberdi .UNO - Red Misiones.uno","robots":{"index":"index","follow":"follow","max-snippet":"max-snippet:-1","max-image-preview":"max-image-preview:large","max-video-preview":"max-video-preview:-1"},"canonical":"https:\/\/alberdi.uno\/index.php\/2026\/02\/02\/un-espectaculo-natural-que-deslumbra-desde-el-mirador-de-colonia-alberdi\/","og_locale":"es_ES","og_type":"article","og_title":"Un espect\u00e1culo natural que deslumbra desde el Mirador de Colonia Alberdi - Alberdi .UNO - Red Misiones.uno","og_description":"MISIONES.UNO \u2013 En Colonia Alberdi, Misiones, vecinos y visitantes disfrutan [...]","og_url":"https:\/\/alberdi.uno\/index.php\/2026\/02\/02\/un-espectaculo-natural-que-deslumbra-desde-el-mirador-de-colonia-alberdi\/","og_site_name":"Alberdi .UNO - Red Misiones.uno","article_published_time":"2026-02-02T12:19:48+00:00","author":"admin","twitter_card":"summary_large_image","twitter_misc":{"Escrito por":"admin","Tiempo de lectura":"1 minuto"},"schema":{"@context":"https:\/\/schema.org","@graph":[{"@type":"Article","@id":"https:\/\/alberdi.uno\/index.php\/2026\/02\/02\/un-espectaculo-natural-que-deslumbra-desde-el-mirador-de-colonia-alberdi\/#article","isPartOf":{"@id":"https:\/\/alberdi.uno\/index.php\/2026\/02\/02\/un-espectaculo-natural-que-deslumbra-desde-el-mirador-de-colonia-alberdi\/"},"author":{"name":"admin","@id":"https:\/\/alberdi.uno\/#\/schema\/person\/7af09aba735a9b91f78556601849d2c6"},"headline":"Un espect\u00e1culo natural que deslumbra desde el Mirador de Colonia Alberdi","datePublished":"2026-02-02T12:19:48+00:00","mainEntityOfPage":{"@id":"https:\/\/alberdi.uno\/index.php\/2026\/02\/02\/un-espectaculo-natural-que-deslumbra-desde-el-mirador-de-colonia-alberdi\/"},"wordCount":217,"image":{"@id":"https:\/\/alberdi.uno\/index.php\/2026\/02\/02\/un-espectaculo-natural-que-deslumbra-desde-el-mirador-de-colonia-alberdi\/#primaryimage"},"thumbnailUrl":"https:\/\/alberdi.uno\/wp-content\/uploads\/2026\/02\/MASTER-FOTOS-ALBERDI.jpg","articleSection":["Alberdi","Muni Alberdi","Sociedad"],"inLanguage":"es-AR"},{"@type":"WebPage","@id":"https:\/\/alberdi.uno\/index.php\/2026\/02\/02\/un-espectaculo-natural-que-deslumbra-desde-el-mirador-de-colonia-alberdi\/","url":"https:\/\/alberdi.uno\/index.php\/2026\/02\/02\/un-espectaculo-natural-que-deslumbra-desde-el-mirador-de-colonia-alberdi\/","name":"Un espect\u00e1culo natural que deslumbra desde el Mirador de Colonia Alberdi - Alberdi .UNO - Red Misiones.uno","isPartOf":{"@id":"https:\/\/alberdi.uno\/#website"},"primaryImageOfPage":{"@id":"https:\/\/alberdi.uno\/index.php\/2026\/02\/02\/un-espectaculo-natural-que-deslumbra-desde-el-mirador-de-colonia-alberdi\/#primaryimage"},"image":{"@id":"https:\/\/alberdi.uno\/index.php\/2026\/02\/02\/un-espectaculo-natural-que-deslumbra-desde-el-mirador-de-colonia-alberdi\/#primaryimage"},"thumbnailUrl":"https:\/\/alberdi.uno\/wp-content\/uploads\/2026\/02\/MASTER-FOTOS-ALBERDI.jpg","datePublished":"2026-02-02T12:19:48+00:00","author":{"@id":"https:\/\/alberdi.uno\/#\/schema\/person\/7af09aba735a9b91f78556601849d2c6"},"breadcrumb":{"@id":"https:\/\/alberdi.uno\/index.php\/2026\/02\/02\/un-espectaculo-natural-que-deslumbra-desde-el-mirador-de-colonia-alberdi\/#breadcrumb"},"inLanguage":"es-AR","potentialAction":[{"@type":"ReadAction","target":["https:\/\/alberdi.uno\/index.php\/2026\/02\/02\/un-espectaculo-natural-que-deslumbra-desde-el-mirador-de-colonia-alberdi\/"]}]},{"@type":"ImageObject","inLanguage":"es-AR","@id":"https:\/\/alberdi.uno\/index.php\/2026\/02\/02\/un-espectaculo-natural-que-deslumbra-desde-el-mirador-de-colonia-alberdi\/#primaryimage","url":"https:\/\/alberdi.uno\/wp-content\/uploads\/2026\/02\/MASTER-FOTOS-ALBERDI.jpg","contentUrl":"https:\/\/alberdi.uno\/wp-content\/uploads\/2026\/02\/MASTER-FOTOS-ALBERDI.jpg","width":640,"height":853},{"@type":"BreadcrumbList","@id":"https:\/\/alberdi.uno\/index.php\/2026\/02\/02\/un-espectaculo-natural-que-deslumbra-desde-el-mirador-de-colonia-alberdi\/#breadcrumb","itemListElement":[{"@type":"ListItem","position":1,"name":"Inicio","item":"https:\/\/alberdi.uno\/"},{"@type":"ListItem","position":2,"name":"Un espect\u00e1culo natural que deslumbra desde el Mirador de Colonia Alberdi"}]},{"@type":"WebSite","@id":"https:\/\/alberdi.uno\/#website","url":"https:\/\/alberdi.uno\/","name":"Alberdi .UNO - Red Misiones.uno","description":"Noticias de Colonia Alberdi","potentialAction":[{"@type":"SearchAction","target":{"@type":"EntryPoint","urlTemplate":"https:\/\/alberdi.uno\/?s={search_term_string}"},"query-input":{"@type":"PropertyValueSpecification","valueRequired":true,"valueName":"search_term_string"}}],"inLanguage":"es-AR"},{"@type":"Person","@id":"https:\/\/alberdi.uno\/#\/schema\/person\/7af09aba735a9b91f78556601849d2c6","name":"admin","image":{"@type":"ImageObject","inLanguage":"es-AR","@id":"https:\/\/alberdi.uno\/#\/schema\/person\/image\/","url":"https:\/\/secure.gravatar.com\/avatar\/988cc68d97727f2265e15e4e04f35d45d93f5493d81192c37b6fcdf6407dba8c?s=96&d=mm&r=g","contentUrl":"https:\/\/secure.gravatar.com\/avatar\/988cc68d97727f2265e15e4e04f35d45d93f5493d81192c37b6fcdf6407dba8c?s=96&d=mm&r=g","caption":"admin"},"sameAs":["http:\/\/alberdi.uno"],"url":"https:\/\/alberdi.uno\/index.php\/author\/admin\/"}]}},"_links":{"self":[{"href":"https:\/\/alberdi.uno\/index.php\/wp-json\/wp\/v2\/posts\/1025","targetHints":{"allow":["GET"]}}],"collection":[{"href":"https:\/\/alberdi.uno\/index.php\/wp-json\/wp\/v2\/posts"}],"about":[{"href":"https:\/\/alberdi.uno\/index.php\/wp-json\/wp\/v2\/types\/post"}],"author":[{"embeddable":true,"href":"https:\/\/alberdi.uno\/index.php\/wp-json\/wp\/v2\/users\/1"}],"replies":[{"embeddable":true,"href":"https:\/\/alberdi.uno\/index.php\/wp-json\/wp\/v2\/comments?post=1025"}],"version-history":[{"count":0,"href":"https:\/\/alberdi.uno\/index.php\/wp-json\/wp\/v2\/posts\/1025\/revisions"}],"wp:featuredmedia":[{"embeddable":true,"href":"https:\/\/alberdi.uno\/index.php\/wp-json\/wp\/v2\/media\/1026"}],"wp:attachment":[{"href":"https:\/\/alberdi.uno\/index.php\/wp-json\/wp\/v2\/media?parent=1025"}],"wp:term":[{"taxonomy":"category","embeddable":true,"href":"https:\/\/alberdi.uno\/index.php\/wp-json\/wp\/v2\/categories?post=1025"},{"taxonomy":"post_tag","embeddable":true,"href":"https:\/\/alberdi.uno\/index.php\/wp-json\/wp\/v2\/tags?post=1025"}],"curies":[{"name":"wp","href":"https:\/\/api.w.org\/{rel}","templated":true}]}}