{"id":1017,"date":"2026-01-22T21:08:02","date_gmt":"2026-01-23T00:08:02","guid":{"rendered":"https:\/\/alberdi.uno\/index.php\/2026\/01\/22\/se-prepara-para-celebrar-sus-70-anos-con-un-ano-lleno-de-actividades-culturales-y-comunitarias\/"},"modified":"2026-01-22T21:08:02","modified_gmt":"2026-01-23T00:08:02","slug":"se-prepara-para-celebrar-sus-70-anos-con-un-ano-lleno-de-actividades-culturales-y-comunitarias","status":"publish","type":"post","link":"https:\/\/alberdi.uno\/index.php\/2026\/01\/22\/se-prepara-para-celebrar-sus-70-anos-con-un-ano-lleno-de-actividades-culturales-y-comunitarias\/","title":{"rendered":"Se prepara para celebrar sus 70 a\u00f1os con un a\u00f1o lleno de actividades culturales y comunitarias"},"content":{"rendered":"<div>\n<p><!--StartFragment --><\/p>\n<p><strong>MISIONES.UNO | En Alberdi se iniciaron los preparativos para conmemorar el 70\u00ba aniversario del municipio, con una agenda anual de propuestas y eventos que tendr\u00e1n como eje la cultura, la historia y el reconocimiento a los pioneros.<\/strong><\/p>\n<hr>\n<p><img decoding=\"async\" class=\"aligncenter size-full wp-image-10790\" src=\"https:\/\/alberdi.uno\/wp-content\/uploads\/2026\/02\/MASTER-FOTOS-ALBERDI-ANIVERSARIO.jpg\" alt=\"\" width=\"640\" height=\"800\" srcset=\"https:\/\/misiones.uno\/wp-content\/uploads\/2026\/01\/MASTER-FOTOS-ALBERDI-ANIVERSARIO-200x250.jpg 200w, https:\/\/misiones.uno\/wp-content\/uploads\/2026\/01\/MASTER-FOTOS-ALBERDI-ANIVERSARIO-240x300.jpg 240w, https:\/\/misiones.uno\/wp-content\/uploads\/2026\/01\/MASTER-FOTOS-ALBERDI-ANIVERSARIO-400x500.jpg 400w, https:\/\/misiones.uno\/wp-content\/uploads\/2026\/01\/MASTER-FOTOS-ALBERDI-ANIVERSARIO-600x750.jpg 600w, https:\/\/alberdi.uno\/wp-content\/uploads\/2026\/02\/MASTER-FOTOS-ALBERDI-ANIVERSARIO.jpg 640w\" sizes=\"(max-width: 640px) 100vw, 640px\"><\/p>\n<p>El municipio de Alberdi cumple 70 a\u00f1os en 2026 y ya comenz\u00f3 a organizar una serie de actividades que se desarrollar\u00e1n a lo largo de todo el a\u00f1o. Desde el \u00e1rea de comunicaci\u00f3n, prensa y eventos se trabaja en la elaboraci\u00f3n de propuestas, convocatorias y desaf\u00edos que permitir\u00e1n a la comunidad celebrar de manera colectiva este aniversario tan significativo.<\/p>\n<p>La planificaci\u00f3n incluye eventos culturales, recreativos y de participaci\u00f3n ciudadana, con el objetivo de poner en valor la historia local, las vivencias de sus habitantes y el legado de quienes fueron pioneros en la construcci\u00f3n de la localidad. Se busca que cada actividad sea una oportunidad para fortalecer la identidad y el sentido de pertenencia de los vecinos.<\/p>\n<p>El cumplea\u00f1os oficial del municipio se celebrar\u00e1 el 13 de noviembre, pero durante todo el a\u00f1o las iniciativas estar\u00e1n atravesadas por el esp\u00edritu de conmemoraci\u00f3n y gratitud, convirtiendo 2026 en un recorrido emocionante que destacar\u00e1 la importancia de Alberdi en la regi\u00f3n.<\/p>\n<p>Con este aniversario, la localidad se prepara para vivir un a\u00f1o especial, en el que la memoria y la cultura ser\u00e1n protagonistas de una celebraci\u00f3n que marcar\u00e1 un hito en su historia.<\/p>\n<p><!--EndFragment --><\/p>\n<\/div>\n","protected":false},"excerpt":{"rendered":"<p>MISIONES.UNO | En Alberdi se iniciaron los preparativos para conmemorar  [&#8230;]<\/p>\n","protected":false},"author":1,"featured_media":1018,"comment_status":"closed","ping_status":"closed","sticky":false,"template":"","format":"standard","meta":{"fifu_image_url":"","fifu_image_alt":"","footnotes":""},"categories":[38,39,7],"tags":[],"class_list":["post-1017","post","type-post","status-publish","format-standard","has-post-thumbnail","hentry","category-alberdi","category-muni-alberdi","category-sociedad"],"acf":[],"yoast_head":"<!-- This site is optimized with the Yoast SEO plugin v26.7 - https:\/\/yoast.com\/wordpress\/plugins\/seo\/ -->\n<title>Se prepara para celebrar sus 70 a\u00f1os con un a\u00f1o lleno de actividades culturales y comunitarias - Alberdi .UNO - Red Misiones.uno<\/title>\n<meta name=\"robots\" content=\"index, follow, max-snippet:-1, max-image-preview:large, max-video-preview:-1\" \/>\n<link rel=\"canonical\" href=\"https:\/\/alberdi.uno\/index.php\/2026\/01\/22\/se-prepara-para-celebrar-sus-70-anos-con-un-ano-lleno-de-actividades-culturales-y-comunitarias\/\" \/>\n<meta property=\"og:locale\" content=\"es_ES\" \/>\n<meta property=\"og:type\" content=\"article\" \/>\n<meta property=\"og:title\" content=\"Se prepara para celebrar sus 70 a\u00f1os con un a\u00f1o lleno de actividades culturales y comunitarias - Alberdi .UNO - Red Misiones.uno\" \/>\n<meta property=\"og:description\" content=\"MISIONES.UNO | En Alberdi se iniciaron los preparativos para conmemorar [...]\" \/>\n<meta property=\"og:url\" content=\"https:\/\/alberdi.uno\/index.php\/2026\/01\/22\/se-prepara-para-celebrar-sus-70-anos-con-un-ano-lleno-de-actividades-culturales-y-comunitarias\/\" \/>\n<meta property=\"og:site_name\" content=\"Alberdi .UNO - Red Misiones.uno\" \/>\n<meta property=\"article:published_time\" content=\"2026-01-23T00:08:02+00:00\" \/>\n<meta name=\"author\" content=\"admin\" \/>\n<meta name=\"twitter:card\" content=\"summary_large_image\" \/>\n<meta name=\"twitter:label1\" content=\"Escrito por\" \/>\n\t<meta name=\"twitter:data1\" content=\"admin\" \/>\n\t<meta name=\"twitter:label2\" content=\"Tiempo de lectura\" \/>\n\t<meta name=\"twitter:data2\" content=\"1 minuto\" \/>\n<script type=\"application\/ld+json\" class=\"yoast-schema-graph\">{\"@context\":\"https:\/\/schema.org\",\"@graph\":[{\"@type\":\"Article\",\"@id\":\"https:\/\/alberdi.uno\/index.php\/2026\/01\/22\/se-prepara-para-celebrar-sus-70-anos-con-un-ano-lleno-de-actividades-culturales-y-comunitarias\/#article\",\"isPartOf\":{\"@id\":\"https:\/\/alberdi.uno\/index.php\/2026\/01\/22\/se-prepara-para-celebrar-sus-70-anos-con-un-ano-lleno-de-actividades-culturales-y-comunitarias\/\"},\"author\":{\"name\":\"admin\",\"@id\":\"https:\/\/alberdi.uno\/#\/schema\/person\/7af09aba735a9b91f78556601849d2c6\"},\"headline\":\"Se prepara para celebrar sus 70 a\u00f1os con un a\u00f1o lleno de actividades culturales y comunitarias\",\"datePublished\":\"2026-01-23T00:08:02+00:00\",\"mainEntityOfPage\":{\"@id\":\"https:\/\/alberdi.uno\/index.php\/2026\/01\/22\/se-prepara-para-celebrar-sus-70-anos-con-un-ano-lleno-de-actividades-culturales-y-comunitarias\/\"},\"wordCount\":260,\"image\":{\"@id\":\"https:\/\/alberdi.uno\/index.php\/2026\/01\/22\/se-prepara-para-celebrar-sus-70-anos-con-un-ano-lleno-de-actividades-culturales-y-comunitarias\/#primaryimage\"},\"thumbnailUrl\":\"https:\/\/alberdi.uno\/wp-content\/uploads\/2026\/02\/MASTER-FOTOS-ALBERDI-ANIVERSARIO.jpg\",\"articleSection\":[\"Alberdi\",\"Muni Alberdi\",\"Sociedad\"],\"inLanguage\":\"es-AR\"},{\"@type\":\"WebPage\",\"@id\":\"https:\/\/alberdi.uno\/index.php\/2026\/01\/22\/se-prepara-para-celebrar-sus-70-anos-con-un-ano-lleno-de-actividades-culturales-y-comunitarias\/\",\"url\":\"https:\/\/alberdi.uno\/index.php\/2026\/01\/22\/se-prepara-para-celebrar-sus-70-anos-con-un-ano-lleno-de-actividades-culturales-y-comunitarias\/\",\"name\":\"Se prepara para celebrar sus 70 a\u00f1os con un a\u00f1o lleno de actividades culturales y comunitarias - Alberdi .UNO - Red Misiones.uno\",\"isPartOf\":{\"@id\":\"https:\/\/alberdi.uno\/#website\"},\"primaryImageOfPage\":{\"@id\":\"https:\/\/alberdi.uno\/index.php\/2026\/01\/22\/se-prepara-para-celebrar-sus-70-anos-con-un-ano-lleno-de-actividades-culturales-y-comunitarias\/#primaryimage\"},\"image\":{\"@id\":\"https:\/\/alberdi.uno\/index.php\/2026\/01\/22\/se-prepara-para-celebrar-sus-70-anos-con-un-ano-lleno-de-actividades-culturales-y-comunitarias\/#primaryimage\"},\"thumbnailUrl\":\"https:\/\/alberdi.uno\/wp-content\/uploads\/2026\/02\/MASTER-FOTOS-ALBERDI-ANIVERSARIO.jpg\",\"datePublished\":\"2026-01-23T00:08:02+00:00\",\"author\":{\"@id\":\"https:\/\/alberdi.uno\/#\/schema\/person\/7af09aba735a9b91f78556601849d2c6\"},\"breadcrumb\":{\"@id\":\"https:\/\/alberdi.uno\/index.php\/2026\/01\/22\/se-prepara-para-celebrar-sus-70-anos-con-un-ano-lleno-de-actividades-culturales-y-comunitarias\/#breadcrumb\"},\"inLanguage\":\"es-AR\",\"potentialAction\":[{\"@type\":\"ReadAction\",\"target\":[\"https:\/\/alberdi.uno\/index.php\/2026\/01\/22\/se-prepara-para-celebrar-sus-70-anos-con-un-ano-lleno-de-actividades-culturales-y-comunitarias\/\"]}]},{\"@type\":\"ImageObject\",\"inLanguage\":\"es-AR\",\"@id\":\"https:\/\/alberdi.uno\/index.php\/2026\/01\/22\/se-prepara-para-celebrar-sus-70-anos-con-un-ano-lleno-de-actividades-culturales-y-comunitarias\/#primaryimage\",\"url\":\"https:\/\/alberdi.uno\/wp-content\/uploads\/2026\/02\/MASTER-FOTOS-ALBERDI-ANIVERSARIO.jpg\",\"contentUrl\":\"https:\/\/alberdi.uno\/wp-content\/uploads\/2026\/02\/MASTER-FOTOS-ALBERDI-ANIVERSARIO.jpg\",\"width\":640,\"height\":800},{\"@type\":\"BreadcrumbList\",\"@id\":\"https:\/\/alberdi.uno\/index.php\/2026\/01\/22\/se-prepara-para-celebrar-sus-70-anos-con-un-ano-lleno-de-actividades-culturales-y-comunitarias\/#breadcrumb\",\"itemListElement\":[{\"@type\":\"ListItem\",\"position\":1,\"name\":\"Inicio\",\"item\":\"https:\/\/alberdi.uno\/\"},{\"@type\":\"ListItem\",\"position\":2,\"name\":\"Se prepara para celebrar sus 70 a\u00f1os con un a\u00f1o lleno de actividades culturales y comunitarias\"}]},{\"@type\":\"WebSite\",\"@id\":\"https:\/\/alberdi.uno\/#website\",\"url\":\"https:\/\/alberdi.uno\/\",\"name\":\"Alberdi .UNO - Red Misiones.uno\",\"description\":\"Noticias de Colonia Alberdi\",\"potentialAction\":[{\"@type\":\"SearchAction\",\"target\":{\"@type\":\"EntryPoint\",\"urlTemplate\":\"https:\/\/alberdi.uno\/?s={search_term_string}\"},\"query-input\":{\"@type\":\"PropertyValueSpecification\",\"valueRequired\":true,\"valueName\":\"search_term_string\"}}],\"inLanguage\":\"es-AR\"},{\"@type\":\"Person\",\"@id\":\"https:\/\/alberdi.uno\/#\/schema\/person\/7af09aba735a9b91f78556601849d2c6\",\"name\":\"admin\",\"image\":{\"@type\":\"ImageObject\",\"inLanguage\":\"es-AR\",\"@id\":\"https:\/\/alberdi.uno\/#\/schema\/person\/image\/\",\"url\":\"https:\/\/secure.gravatar.com\/avatar\/988cc68d97727f2265e15e4e04f35d45d93f5493d81192c37b6fcdf6407dba8c?s=96&d=mm&r=g\",\"contentUrl\":\"https:\/\/secure.gravatar.com\/avatar\/988cc68d97727f2265e15e4e04f35d45d93f5493d81192c37b6fcdf6407dba8c?s=96&d=mm&r=g\",\"caption\":\"admin\"},\"sameAs\":[\"http:\/\/alberdi.uno\"],\"url\":\"https:\/\/alberdi.uno\/index.php\/author\/admin\/\"}]}<\/script>\n<!-- \/ Yoast SEO plugin. -->","yoast_head_json":{"title":"Se prepara para celebrar sus 70 a\u00f1os con un a\u00f1o lleno de actividades culturales y comunitarias - Alberdi .UNO - Red Misiones.uno","robots":{"index":"index","follow":"follow","max-snippet":"max-snippet:-1","max-image-preview":"max-image-preview:large","max-video-preview":"max-video-preview:-1"},"canonical":"https:\/\/alberdi.uno\/index.php\/2026\/01\/22\/se-prepara-para-celebrar-sus-70-anos-con-un-ano-lleno-de-actividades-culturales-y-comunitarias\/","og_locale":"es_ES","og_type":"article","og_title":"Se prepara para celebrar sus 70 a\u00f1os con un a\u00f1o lleno de actividades culturales y comunitarias - Alberdi .UNO - Red Misiones.uno","og_description":"MISIONES.UNO | En Alberdi se iniciaron los preparativos para conmemorar [...]","og_url":"https:\/\/alberdi.uno\/index.php\/2026\/01\/22\/se-prepara-para-celebrar-sus-70-anos-con-un-ano-lleno-de-actividades-culturales-y-comunitarias\/","og_site_name":"Alberdi .UNO - Red Misiones.uno","article_published_time":"2026-01-23T00:08:02+00:00","author":"admin","twitter_card":"summary_large_image","twitter_misc":{"Escrito por":"admin","Tiempo de lectura":"1 minuto"},"schema":{"@context":"https:\/\/schema.org","@graph":[{"@type":"Article","@id":"https:\/\/alberdi.uno\/index.php\/2026\/01\/22\/se-prepara-para-celebrar-sus-70-anos-con-un-ano-lleno-de-actividades-culturales-y-comunitarias\/#article","isPartOf":{"@id":"https:\/\/alberdi.uno\/index.php\/2026\/01\/22\/se-prepara-para-celebrar-sus-70-anos-con-un-ano-lleno-de-actividades-culturales-y-comunitarias\/"},"author":{"name":"admin","@id":"https:\/\/alberdi.uno\/#\/schema\/person\/7af09aba735a9b91f78556601849d2c6"},"headline":"Se prepara para celebrar sus 70 a\u00f1os con un a\u00f1o lleno de actividades culturales y comunitarias","datePublished":"2026-01-23T00:08:02+00:00","mainEntityOfPage":{"@id":"https:\/\/alberdi.uno\/index.php\/2026\/01\/22\/se-prepara-para-celebrar-sus-70-anos-con-un-ano-lleno-de-actividades-culturales-y-comunitarias\/"},"wordCount":260,"image":{"@id":"https:\/\/alberdi.uno\/index.php\/2026\/01\/22\/se-prepara-para-celebrar-sus-70-anos-con-un-ano-lleno-de-actividades-culturales-y-comunitarias\/#primaryimage"},"thumbnailUrl":"https:\/\/alberdi.uno\/wp-content\/uploads\/2026\/02\/MASTER-FOTOS-ALBERDI-ANIVERSARIO.jpg","articleSection":["Alberdi","Muni Alberdi","Sociedad"],"inLanguage":"es-AR"},{"@type":"WebPage","@id":"https:\/\/alberdi.uno\/index.php\/2026\/01\/22\/se-prepara-para-celebrar-sus-70-anos-con-un-ano-lleno-de-actividades-culturales-y-comunitarias\/","url":"https:\/\/alberdi.uno\/index.php\/2026\/01\/22\/se-prepara-para-celebrar-sus-70-anos-con-un-ano-lleno-de-actividades-culturales-y-comunitarias\/","name":"Se prepara para celebrar sus 70 a\u00f1os con un a\u00f1o lleno de actividades culturales y comunitarias - Alberdi .UNO - Red Misiones.uno","isPartOf":{"@id":"https:\/\/alberdi.uno\/#website"},"primaryImageOfPage":{"@id":"https:\/\/alberdi.uno\/index.php\/2026\/01\/22\/se-prepara-para-celebrar-sus-70-anos-con-un-ano-lleno-de-actividades-culturales-y-comunitarias\/#primaryimage"},"image":{"@id":"https:\/\/alberdi.uno\/index.php\/2026\/01\/22\/se-prepara-para-celebrar-sus-70-anos-con-un-ano-lleno-de-actividades-culturales-y-comunitarias\/#primaryimage"},"thumbnailUrl":"https:\/\/alberdi.uno\/wp-content\/uploads\/2026\/02\/MASTER-FOTOS-ALBERDI-ANIVERSARIO.jpg","datePublished":"2026-01-23T00:08:02+00:00","author":{"@id":"https:\/\/alberdi.uno\/#\/schema\/person\/7af09aba735a9b91f78556601849d2c6"},"breadcrumb":{"@id":"https:\/\/alberdi.uno\/index.php\/2026\/01\/22\/se-prepara-para-celebrar-sus-70-anos-con-un-ano-lleno-de-actividades-culturales-y-comunitarias\/#breadcrumb"},"inLanguage":"es-AR","potentialAction":[{"@type":"ReadAction","target":["https:\/\/alberdi.uno\/index.php\/2026\/01\/22\/se-prepara-para-celebrar-sus-70-anos-con-un-ano-lleno-de-actividades-culturales-y-comunitarias\/"]}]},{"@type":"ImageObject","inLanguage":"es-AR","@id":"https:\/\/alberdi.uno\/index.php\/2026\/01\/22\/se-prepara-para-celebrar-sus-70-anos-con-un-ano-lleno-de-actividades-culturales-y-comunitarias\/#primaryimage","url":"https:\/\/alberdi.uno\/wp-content\/uploads\/2026\/02\/MASTER-FOTOS-ALBERDI-ANIVERSARIO.jpg","contentUrl":"https:\/\/alberdi.uno\/wp-content\/uploads\/2026\/02\/MASTER-FOTOS-ALBERDI-ANIVERSARIO.jpg","width":640,"height":800},{"@type":"BreadcrumbList","@id":"https:\/\/alberdi.uno\/index.php\/2026\/01\/22\/se-prepara-para-celebrar-sus-70-anos-con-un-ano-lleno-de-actividades-culturales-y-comunitarias\/#breadcrumb","itemListElement":[{"@type":"ListItem","position":1,"name":"Inicio","item":"https:\/\/alberdi.uno\/"},{"@type":"ListItem","position":2,"name":"Se prepara para celebrar sus 70 a\u00f1os con un a\u00f1o lleno de actividades culturales y comunitarias"}]},{"@type":"WebSite","@id":"https:\/\/alberdi.uno\/#website","url":"https:\/\/alberdi.uno\/","name":"Alberdi .UNO - Red Misiones.uno","description":"Noticias de Colonia Alberdi","potentialAction":[{"@type":"SearchAction","target":{"@type":"EntryPoint","urlTemplate":"https:\/\/alberdi.uno\/?s={search_term_string}"},"query-input":{"@type":"PropertyValueSpecification","valueRequired":true,"valueName":"search_term_string"}}],"inLanguage":"es-AR"},{"@type":"Person","@id":"https:\/\/alberdi.uno\/#\/schema\/person\/7af09aba735a9b91f78556601849d2c6","name":"admin","image":{"@type":"ImageObject","inLanguage":"es-AR","@id":"https:\/\/alberdi.uno\/#\/schema\/person\/image\/","url":"https:\/\/secure.gravatar.com\/avatar\/988cc68d97727f2265e15e4e04f35d45d93f5493d81192c37b6fcdf6407dba8c?s=96&d=mm&r=g","contentUrl":"https:\/\/secure.gravatar.com\/avatar\/988cc68d97727f2265e15e4e04f35d45d93f5493d81192c37b6fcdf6407dba8c?s=96&d=mm&r=g","caption":"admin"},"sameAs":["http:\/\/alberdi.uno"],"url":"https:\/\/alberdi.uno\/index.php\/author\/admin\/"}]}},"_links":{"self":[{"href":"https:\/\/alberdi.uno\/index.php\/wp-json\/wp\/v2\/posts\/1017","targetHints":{"allow":["GET"]}}],"collection":[{"href":"https:\/\/alberdi.uno\/index.php\/wp-json\/wp\/v2\/posts"}],"about":[{"href":"https:\/\/alberdi.uno\/index.php\/wp-json\/wp\/v2\/types\/post"}],"author":[{"embeddable":true,"href":"https:\/\/alberdi.uno\/index.php\/wp-json\/wp\/v2\/users\/1"}],"replies":[{"embeddable":true,"href":"https:\/\/alberdi.uno\/index.php\/wp-json\/wp\/v2\/comments?post=1017"}],"version-history":[{"count":0,"href":"https:\/\/alberdi.uno\/index.php\/wp-json\/wp\/v2\/posts\/1017\/revisions"}],"wp:featuredmedia":[{"embeddable":true,"href":"https:\/\/alberdi.uno\/index.php\/wp-json\/wp\/v2\/media\/1018"}],"wp:attachment":[{"href":"https:\/\/alberdi.uno\/index.php\/wp-json\/wp\/v2\/media?parent=1017"}],"wp:term":[{"taxonomy":"category","embeddable":true,"href":"https:\/\/alberdi.uno\/index.php\/wp-json\/wp\/v2\/categories?post=1017"},{"taxonomy":"post_tag","embeddable":true,"href":"https:\/\/alberdi.uno\/index.php\/wp-json\/wp\/v2\/tags?post=1017"}],"curies":[{"name":"wp","href":"https:\/\/api.w.org\/{rel}","templated":true}]}}